{"id":9828,"date":"2016-06-28T08:42:13","date_gmt":"2016-06-28T06:42:13","guid":{"rendered":"http:\/\/ulqini-online.com\/sajti\/?p=9828"},"modified":"2016-06-28T08:44:04","modified_gmt":"2016-06-28T06:44:04","slug":"cmimi-i-medias-per-argezon-sulejmanin-permbyllet-festivali-i-poezise-se-pabotueme","status":"publish","type":"post","link":"https:\/\/ulqini-online.com\/sajti\/?p=9828","title":{"rendered":"\u00c7mimi i Medias p\u00ebr Arg\u00ebzon Sulejmanin- P\u00ebrmbyllet n\u00eb Shkod\u00ebr &#8220;Festivali i Poezis\u00eb s\u00eb Pabotueme&#8221;"},"content":{"rendered":"<p><strong><a href=\"https:\/\/ulqini-online.com\/sajti\/wp-content\/uploads\/2016\/06\/Argezon-sulejmani-festivali-i-poezise-se-pabotueme.jpg\"><img loading=\"lazy\" decoding=\"async\" class=\"size-medium wp-image-9829 alignleft\" src=\"https:\/\/ulqini-online.com\/sajti\/wp-content\/uploads\/2016\/06\/Argezon-sulejmani-festivali-i-poezise-se-pabotueme-224x300.jpg\" alt=\"Argezon-sulejmani-festivali-i-poezise-se-pabotueme\" width=\"224\" height=\"300\" srcset=\"https:\/\/ulqini-online.com\/sajti\/wp-content\/uploads\/2016\/06\/Argezon-sulejmani-festivali-i-poezise-se-pabotueme-224x300.jpg 224w, https:\/\/ulqini-online.com\/sajti\/wp-content\/uploads\/2016\/06\/Argezon-sulejmani-festivali-i-poezise-se-pabotueme.jpg 350w\" sizes=\"auto, (max-width: 224px) 100vw, 224px\" \/><\/a>U p\u00ebrmbyll\u00eb me sukses &#8220;Festivali i Poezis\u00eb s\u00eb Pabotueme&#8221; &#8211; Edicioni 7, Ver\u00eb 2016<\/strong><\/p>\n<p>Ashtu si \u00e7do festival, vendtakimi ishte l\u00ebn\u00eb n\u00eb nj\u00eb vend t\u00eb braktisur, t\u00eb dashur p\u00ebr shkodran\u00ebt, n\u00eb &#8220;Vil\u00ebn e Zogut&#8221; mes Taraboshit dhe liqenit t\u00eb Shkodr\u00ebs, n\u00eb 133 shkall\u00eb t\u00eb mbushura me nj\u00eb ekpozit\u00eb pikture (t\u00eb Fatlum Docit), me artista t\u00eb rinj shkodran\u00eb, me intrumenta t\u00eb ndryshme, sken\u00eb me poezi n\u00eb ballkonin e liqenit, aty ku poezia ishte rrezja m\u00eb e fort\u00eb e asaj dite vere.<\/p>\n<p>Si gjithmon\u00eb ishin 3 juri, ajo e mediave, kritika letrare dhe juria e aktor\u00ebve. Ato ishin: Freskida Miloti, Emi Kalaja, Sidola Osja, Alma Mehmeti, Erjona Rusi, Zija Vukaj, Pjaver Kroni, Merita Smaja, Alma Hoti, Festim Abdyli, Besmir Haliti dhe Alfred Trebicka.<\/p>\n<p><a href=\"https:\/\/ulqini-online.com\/sajti\/wp-content\/uploads\/2016\/04\/baneri-web-sajte-origjinali.jpg\"><img loading=\"lazy\" decoding=\"async\" class=\"size-medium wp-image-8819 alignright\" src=\"https:\/\/ulqini-online.com\/sajti\/wp-content\/uploads\/2016\/04\/baneri-web-sajte-origjinali-80x300.jpg\" alt=\"baneri-web-sajte-origjinali\" width=\"80\" height=\"300\" srcset=\"https:\/\/ulqini-online.com\/sajti\/wp-content\/uploads\/2016\/04\/baneri-web-sajte-origjinali-80x300.jpg 80w, https:\/\/ulqini-online.com\/sajti\/wp-content\/uploads\/2016\/04\/baneri-web-sajte-origjinali.jpg 160w\" sizes=\"auto, (max-width: 80px) 100vw, 80px\" \/><\/a>Ishin t\u00eb pranish\u00ebm dhe shum\u00eb figura t\u00eb artit dhe jo vet\u00ebm, t\u00eb Shkodr\u00ebs dhe t\u00eb qyteteve tjera.<\/p>\n<p>Fituesit e k\u00ebtij festivali ishin:<\/p>\n<p>\u00c7mimi i Medias &#8211; Arg\u00ebzon Sulejmani<br \/>\n\u00c7mimi i Intepretimit &#8211; Arjola Zadrima<br \/>\n\u00c7mimi i Tret\u00eb &#8211; Elvis Ndoja<br \/>\n\u00c7mimi i Dyt\u00eb &#8211; Arjola Zadrima<br \/>\n\u00c7mimi i Par\u00eb &#8211; Melita Vjerdha<\/p>\n<p>Poezia finaliste e Arg\u00ebzonit, e cila m\u00eb pas u nderua me \u00e7mimin e medias titullohej: Me bes\u00eb. Nj\u00eb poezi e shkruar n\u00eb gegnisht\u00eb, e cila si\u00e7 u vler\u00ebsua dhe nga kritika e festivalit n\u00eb qend\u00ebr ka dashurin\u00eb si liri (dhe rob\u00ebri) absolute.<\/p>\n<p>P\u00ebrshtatur nga: (C)EKO Mendje<\/p>\n","protected":false},"excerpt":{"rendered":"<p>U p\u00ebrmbyll\u00eb me sukses &#8220;Festivali i Poezis\u00eb s\u00eb Pabotueme&#8221; &#8211; Edicioni 7, Ver\u00eb 2016 Ashtu si \u00e7do festival, vendtakimi ishte l\u00ebn\u00eb n\u00eb nj\u00eb vend t\u00eb braktisur, t\u00eb dashur p\u00ebr shkodran\u00ebt, n\u00eb &#8220;Vil\u00ebn e Zogut&#8221; mes Taraboshit dhe liqenit t\u00eb Shkodr\u00ebs, n\u00eb 133 shkall\u00eb t\u00eb mbushura me nj\u00eb ekpozit\u00eb pikture (t\u00eb Fatlum Docit), me artista t\u00eb [&hellip;]<\/p>\n","protected":false},"author":1,"featured_media":9829,"comment_status":"open","ping_status":"open","sticky":false,"template":"","format":"standard","meta":{"_seopress_robots_primary_cat":"","_seopress_titles_title":"","_seopress_titles_desc":"","_seopress_robots_index":"","footnotes":""},"categories":[6],"tags":[],"class_list":["post-9828","post","type-post","status-publish","format-standard","has-post-thumbnail","hentry","category-kulture"],"_links":{"self":[{"href":"https:\/\/ulqini-online.com\/sajti\/index.php?rest_route=\/wp\/v2\/posts\/9828","targetHints":{"allow":["GET"]}}],"collection":[{"href":"https:\/\/ulqini-online.com\/sajti\/index.php?rest_route=\/wp\/v2\/posts"}],"about":[{"href":"https:\/\/ulqini-online.com\/sajti\/index.php?rest_route=\/wp\/v2\/types\/post"}],"author":[{"embeddable":true,"href":"https:\/\/ulqini-online.com\/sajti\/index.php?rest_route=\/wp\/v2\/users\/1"}],"replies":[{"embeddable":true,"href":"https:\/\/ulqini-online.com\/sajti\/index.php?rest_route=%2Fwp%2Fv2%2Fcomments&post=9828"}],"version-history":[{"count":4,"href":"https:\/\/ulqini-online.com\/sajti\/index.php?rest_route=\/wp\/v2\/posts\/9828\/revisions"}],"predecessor-version":[{"id":9833,"href":"https:\/\/ulqini-online.com\/sajti\/index.php?rest_route=\/wp\/v2\/posts\/9828\/revisions\/9833"}],"wp:featuredmedia":[{"embeddable":true,"href":"https:\/\/ulqini-online.com\/sajti\/index.php?rest_route=\/wp\/v2\/media\/9829"}],"wp:attachment":[{"href":"https:\/\/ulqini-online.com\/sajti\/index.php?rest_route=%2Fwp%2Fv2%2Fmedia&parent=9828"}],"wp:term":[{"taxonomy":"category","embeddable":true,"href":"https:\/\/ulqini-online.com\/sajti\/index.php?rest_route=%2Fwp%2Fv2%2Fcategories&post=9828"},{"taxonomy":"post_tag","embeddable":true,"href":"https:\/\/ulqini-online.com\/sajti\/index.php?rest_route=%2Fwp%2Fv2%2Ftags&post=9828"}],"curies":[{"name":"wp","href":"https:\/\/api.w.org\/{rel}","templated":true}]}}