{"id":9752,"date":"2016-06-23T10:41:54","date_gmt":"2016-06-23T08:41:54","guid":{"rendered":"http:\/\/ulqini-online.com\/sajti\/?p=9752"},"modified":"2016-06-23T10:41:54","modified_gmt":"2016-06-23T08:41:54","slug":"nusja-e-detarit-e-asllan-bishes-vjen-ne-gjuhen-malazeze","status":"publish","type":"post","link":"https:\/\/ulqini-online.com\/sajti\/?p=9752","title":{"rendered":"\u201cNusja e detarit\u201d e Asllan Bish\u00ebs vjen n\u00eb gjuh\u00ebn malazeze"},"content":{"rendered":"<p><a href=\"https:\/\/ulqini-online.com\/sajti\/wp-content\/uploads\/2016\/06\/nusja-detarit-asllan-bisha-ne-gjuen-malazeze.jpg\"><img loading=\"lazy\" decoding=\"async\" class=\"size-medium wp-image-9754 alignleft\" src=\"https:\/\/ulqini-online.com\/sajti\/wp-content\/uploads\/2016\/06\/nusja-detarit-asllan-bisha-ne-gjuen-malazeze-192x300.jpg\" alt=\"nusja-detarit-asllan-bisha-ne-gjuen-malazeze\" width=\"192\" height=\"300\" srcset=\"https:\/\/ulqini-online.com\/sajti\/wp-content\/uploads\/2016\/06\/nusja-detarit-asllan-bisha-ne-gjuen-malazeze-192x300.jpg 192w, https:\/\/ulqini-online.com\/sajti\/wp-content\/uploads\/2016\/06\/nusja-detarit-asllan-bisha-ne-gjuen-malazeze.jpg 300w\" sizes=\"auto, (max-width: 192px) 100vw, 192px\" \/><\/a>P\u00ebrmbledhja me tregime \u201eNusja e detarit\u201c e shkrimtarit Asllan Bisha, q\u00eb si tem\u00eb kan\u00eb detin, Kalan\u00eb e Ulqinit etj. \u00ebsht\u00eb publikuar k\u00ebto dit\u00eb n\u00eb gjuh\u00ebn malazeze n\u00eb botim t\u00eb Shoqat\u00ebs s\u00eb Artist\u00ebve dhe Intelektual\u00ebve \u201eArt Club\u201c. P\u00ebr librin \u201eNusja e detarit\u201c, i cili \u00ebsht\u00eb botuar n\u00eb vitin 1994 e m\u00eb pas ribotuar n\u00eb vitin 2000 nga Sht\u00ebpia Botuese \u201eToena\u201c n\u00eb Tiran\u00eb, autori ka fituar \u00c7mimin e \u201eArt Club\u201c-it. P\u00ebr dallim nga botimi n\u00eb gjuh\u00ebn shqipe, n\u00eb botimin n\u00eb gjuh\u00ebn malazeze jan\u00eb botuar tre tregime t\u00eb reja.<\/p>\n<p>Libri \u00ebsht\u00eb p\u00ebrkthyer dhe p\u00ebrgatitur nga gazetarja Suzana Mujiq. Redaktor i librit \u00ebsht\u00eb dr. Basri \u00c7apriqi, recensent mr. Haxhi Shabani, lektor Zuvdija Hoxhiq, ballina \u00ebsht\u00eb punuar nga Adrian Avdiu, nd\u00ebrsa redaktor teknik \u00ebsht\u00eb Gazmend \u00c7itaku.<\/p>\n<p>Libri \u00ebsht\u00eb shtypur n\u00eb Shtypshkronj\u00ebn \u201eFiorentia\u201c n\u00eb Shkod\u00ebr, nd\u00ebrsa botimin e tij e ka mb\u00ebshtetur Ministria e Kultur\u00ebs.<\/p>\n<p>\u201c\u017dena pomorca\u201c \u00ebsht\u00eb libri i 15-t\u00eb i shkrimtarit Asllan Bisha, i cili shkruan kryesisht proz\u00eb p\u00ebr f\u00ebmij\u00eb dhe t\u00eb rritur. Ka qen\u00eb korrespondent i gazet\u00ebs \u201cRilindja\u201d dhe i RTV t\u00eb Kosov\u00ebs, bashk\u00ebpun\u00ebtor i Radio Titogradit dhe i revist\u00ebs \u201cKoha\u201d, nd\u00ebrsa tani bashk\u00ebpunon me gazet\u00ebn \u201cKoha javore\u201d. Po ashtu ka qen\u00eb kryeredaktor i revist\u00ebs p\u00ebr f\u00ebmij\u00eb \u201cZana\u201d. Ai \u00ebsht\u00eb mbledh\u00ebs folklori, autor punimesh nga ihtologjia (peshkimi) dhe i teksteve t\u00eb k\u00ebng\u00ebve p\u00ebr f\u00ebmij\u00eb dhe t\u00eb rritur. \u00cbsht\u00eb nj\u00ebri nd\u00ebr p\u00ebrpiluesit e antologjis\u00eb \u201cDritaren l\u00ebre hapur\u201d, si dhe \u00ebsht\u00eb p\u00ebrfshir\u00eb n\u00eb antologjin\u00eb \u201cPutnici na putu\u201d dhe p\u00ebrmbledhjen \u201cPet Albanskih knji\u017eevnika u Crnoj Gori\u201c. Disa nga krijimet e tij letrare jan\u00eb p\u00ebrfshir\u00eb edhe n\u00eb tekstet shkollore p\u00ebr shkollat n\u00eb gjuh\u00ebn shqipe n\u00eb Mal t\u00eb Zi.<\/p>\n<p>N\u00eb kuad\u00ebr t\u00eb veprimtaris\u00eb s\u00eb tij botuese \u201cArt Club\u201d, botuesi m\u00eb i madh nd\u00ebr shqiptar\u00ebt n\u00eb Malin e Zi, ka botuar deri tani mbi 110 libra, kryesisht t\u00eb autor\u00ebve shqiptar\u00eb n\u00eb Malin e Zi.<\/p>\n","protected":false},"excerpt":{"rendered":"<p>P\u00ebrmbledhja me tregime \u201eNusja e detarit\u201c e shkrimtarit Asllan Bisha, q\u00eb si tem\u00eb kan\u00eb detin, Kalan\u00eb e Ulqinit etj. \u00ebsht\u00eb publikuar k\u00ebto dit\u00eb n\u00eb gjuh\u00ebn malazeze n\u00eb botim t\u00eb Shoqat\u00ebs s\u00eb Artist\u00ebve dhe Intelektual\u00ebve \u201eArt Club\u201c. P\u00ebr librin \u201eNusja e detarit\u201c, i cili \u00ebsht\u00eb botuar n\u00eb vitin 1994 e m\u00eb pas ribotuar n\u00eb vitin 2000 [&hellip;]<\/p>\n","protected":false},"author":1,"featured_media":9754,"comment_status":"open","ping_status":"open","sticky":false,"template":"","format":"standard","meta":{"_seopress_robots_primary_cat":"","_seopress_titles_title":"","_seopress_titles_desc":"","_seopress_robots_index":"","footnotes":""},"categories":[6],"tags":[],"class_list":["post-9752","post","type-post","status-publish","format-standard","has-post-thumbnail","hentry","category-kulture"],"_links":{"self":[{"href":"https:\/\/ulqini-online.com\/sajti\/index.php?rest_route=\/wp\/v2\/posts\/9752","targetHints":{"allow":["GET"]}}],"collection":[{"href":"https:\/\/ulqini-online.com\/sajti\/index.php?rest_route=\/wp\/v2\/posts"}],"about":[{"href":"https:\/\/ulqini-online.com\/sajti\/index.php?rest_route=\/wp\/v2\/types\/post"}],"author":[{"embeddable":true,"href":"https:\/\/ulqini-online.com\/sajti\/index.php?rest_route=\/wp\/v2\/users\/1"}],"replies":[{"embeddable":true,"href":"https:\/\/ulqini-online.com\/sajti\/index.php?rest_route=%2Fwp%2Fv2%2Fcomments&post=9752"}],"version-history":[{"count":1,"href":"https:\/\/ulqini-online.com\/sajti\/index.php?rest_route=\/wp\/v2\/posts\/9752\/revisions"}],"predecessor-version":[{"id":9755,"href":"https:\/\/ulqini-online.com\/sajti\/index.php?rest_route=\/wp\/v2\/posts\/9752\/revisions\/9755"}],"wp:featuredmedia":[{"embeddable":true,"href":"https:\/\/ulqini-online.com\/sajti\/index.php?rest_route=\/wp\/v2\/media\/9754"}],"wp:attachment":[{"href":"https:\/\/ulqini-online.com\/sajti\/index.php?rest_route=%2Fwp%2Fv2%2Fmedia&parent=9752"}],"wp:term":[{"taxonomy":"category","embeddable":true,"href":"https:\/\/ulqini-online.com\/sajti\/index.php?rest_route=%2Fwp%2Fv2%2Fcategories&post=9752"},{"taxonomy":"post_tag","embeddable":true,"href":"https:\/\/ulqini-online.com\/sajti\/index.php?rest_route=%2Fwp%2Fv2%2Ftags&post=9752"}],"curies":[{"name":"wp","href":"https:\/\/api.w.org\/{rel}","templated":true}]}}