{"id":9592,"date":"2016-06-13T20:50:09","date_gmt":"2016-06-13T18:50:09","guid":{"rendered":"http:\/\/ulqini-online.com\/sajti\/?p=9592"},"modified":"2016-06-13T20:50:09","modified_gmt":"2016-06-13T18:50:09","slug":"filloi-aksioni-humanitar-shporta-e-ramazanit-4-vite-me-ju","status":"publish","type":"post","link":"https:\/\/ulqini-online.com\/sajti\/?p=9592","title":{"rendered":"Filloi aksioni humanitar \u201cShporta e Ramazanit\u201d \u2013 4 vite me ju"},"content":{"rendered":"<p><a href=\"https:\/\/ulqini-online.com\/sajti\/wp-content\/uploads\/2016\/06\/SHPORTA-E-RAMAZANIT-2016.jpg\"><img loading=\"lazy\" decoding=\"async\" class=\"size-medium wp-image-9593 alignleft\" src=\"https:\/\/ulqini-online.com\/sajti\/wp-content\/uploads\/2016\/06\/SHPORTA-E-RAMAZANIT-2016-212x300.jpg\" alt=\"SHPORTA-E-RAMAZANIT-2016\" width=\"212\" height=\"300\" srcset=\"https:\/\/ulqini-online.com\/sajti\/wp-content\/uploads\/2016\/06\/SHPORTA-E-RAMAZANIT-2016-212x300.jpg 212w, https:\/\/ulqini-online.com\/sajti\/wp-content\/uploads\/2016\/06\/SHPORTA-E-RAMAZANIT-2016.jpg 450w\" sizes=\"auto, (max-width: 212px) 100vw, 212px\" \/><\/a>XHAMIA E KLLEZN\u00cbS \u2013 K\u00ebshilli i Xhamis\u00eb s\u00eb Kllezn\u00ebs dhe Forumi Rinor i Xhamis\u00eb s\u00eb Kllezn\u00ebs, me rastin e muajit t\u00eb bekuar t\u00eb Ramazanit, p\u00ebr t\u00eb kat\u00ebrtin vit me radh\u00eb nd\u00ebrmerr aktivitetin e radh\u00ebs humanitar\u00eb n\u00eb bashk\u00ebpunim me ju bamir\u00ebs t\u00eb nderuar n\u00eb ndarjen e ndihmave q\u00eb do t\u2019iu dedikohen: jetim\u00ebve, skamnor\u00ebve, personave me aft\u00ebsi t\u00eb kufizuar dhe nevojtar\u00ebve n\u00eb t\u00ebr\u00eb territorin e komun\u00ebs s\u00eb Ulqinit me rrethin\u00eb dhe Kraj\u00eb.<\/p>\n<p>Andaj k\u00ebrkojm\u00eb nga ju bamir\u00ebs t\u00eb dashur me aq sa t\u00eb keni mund\u00ebsi q\u00eb t\u00eb kontribuoni n\u00eb leht\u00ebsimin e jetes\u00ebs s\u00eb k\u00ebtyre kategorive me nevoj\u00eb n\u00eb qytetin ton\u00eb.<\/p>\n<p>Xhamia e Kllezn\u00ebs ka t\u00eb regjistruar mbi 200 familje nga i gjith\u00eb territori i komun\u00ebs s\u00eb Ulqinit dhe Kraj\u00ebs. Shpresojm\u00eb q\u00eb nga ky projekt t\u00eb p\u00ebrfitojn\u00eb k\u00ebto 200 familje.<br \/>\nPakot do t\u00eb shp\u00ebrndahen n\u00eb dhjet\u00eb dit\u00ebshin e fundit t\u00eb Ramazanit, ku edhe k\u00ebtyre familjeve sadopak t\u2019ju kthejm\u00eb buz\u00ebqeshjen n\u00eb k\u00ebt\u00eb muaj t\u00eb shenjt\u00eb, ku buz\u00ebqeshja e tyre \u00ebsht\u00eb amaneti i jon\u00eb.<\/p>\n<p>Nj\u00eb pako do t\u00eb p\u00ebrmbaj\u00eb k\u00ebto lloje produktesh:<br \/>\n&#8211; 5 kg. Miell; \u2013 2 l. Voj; \u2013 3 kesa Makarona; \u2013 1 kg. Sheqer; \u2013 1 paketa \u00c7aj filt\u00ebr; \u2013 1 kg. Oriz; \u2013 3 kesa Supa t\u00eb gatshme; \u2013 1 kuti Keksa; \u2013 1 kuti Hurma; \u2013 500 gr. Veget;<br \/>\n&#8211; 2 copa Sapun\u00eb; \u2013 Detergjent; \u2013 Shampo p\u00ebr flok\u00eb; \u2013 Past\u00eb p\u00ebr dh\u00ebmb<\/p>\n<p>N\u00eb em\u00ebr t\u00eb Komisionit t\u00eb Shport\u00ebs s\u00eb Ramazanit dhe n\u00eb em\u00ebr t\u00eb k\u00ebtyre kategorive ju jemi shum\u00eb mir\u00ebnjoh\u00ebs p\u00ebr ndihm\u00ebn e cila do t\u00eb p\u00ebrcaktohet nga ana Juaj.<br \/>\nI D\u00ebrguari i Zotit, Muhamedi a.s. ka th\u00ebn\u00eb:<br \/>\n\u201cSadakaja nuk e pak\u00ebson pasurin\u00eb\u201d \u201cAi q\u00eb kujdeset p\u00ebr t\u00eb shkret\u00ebt dhe t\u00eb varf\u00ebrit \u00ebsht\u00eb sikur ai q\u00eb lufton n\u00eb rrug\u00ebn e Zotit\u201d<br \/>\n\u201cLusim Zotin e Lart\u00ebmadh\u00ebruar q\u00eb \u00e7do ndihm\u00eb tuaj\u00ebn ta radhis\u00eb n\u00eb veprat e mira\u201d<\/p>\n<p>Me respekt<br \/>\nKomisioni i Shport\u00ebs s\u00eb Ramazanit<br \/>\nKontribuo dhe Telefono tani: 069 599 300; 069 829 579;<br \/>\n(Na kontaktoni p\u00ebr kontributin q\u00eb ofroni, dhe NE vijm\u00eb n\u00eb vendin e p\u00ebrcaktuar nga ju)<br \/>\nVizitoni webfaqen zyrtare t\u00eb Xhamis\u00eb s\u00eb Kllezn\u00ebs n\u00eb internet:<br \/>\nwww.xhamiaeklleznes.com<br \/>\nUlqin, 10.06.2016 \u2013 Ramazan 2016<\/p>\n","protected":false},"excerpt":{"rendered":"<p>XHAMIA E KLLEZN\u00cbS \u2013 K\u00ebshilli i Xhamis\u00eb s\u00eb Kllezn\u00ebs dhe Forumi Rinor i Xhamis\u00eb s\u00eb Kllezn\u00ebs, me rastin e muajit t\u00eb bekuar t\u00eb Ramazanit, p\u00ebr t\u00eb kat\u00ebrtin vit me radh\u00eb nd\u00ebrmerr aktivitetin e radh\u00ebs humanitar\u00eb n\u00eb bashk\u00ebpunim me ju bamir\u00ebs t\u00eb nderuar n\u00eb ndarjen e ndihmave q\u00eb do t\u2019iu dedikohen: jetim\u00ebve, skamnor\u00ebve, personave me aft\u00ebsi [&hellip;]<\/p>\n","protected":false},"author":1,"featured_media":9593,"comment_status":"open","ping_status":"open","sticky":false,"template":"","format":"standard","meta":{"_seopress_robots_primary_cat":"","_seopress_titles_title":"","_seopress_titles_desc":"","_seopress_robots_index":"","footnotes":""},"categories":[4],"tags":[],"class_list":["post-9592","post","type-post","status-publish","format-standard","has-post-thumbnail","hentry","category-kronike"],"_links":{"self":[{"href":"https:\/\/ulqini-online.com\/sajti\/index.php?rest_route=\/wp\/v2\/posts\/9592","targetHints":{"allow":["GET"]}}],"collection":[{"href":"https:\/\/ulqini-online.com\/sajti\/index.php?rest_route=\/wp\/v2\/posts"}],"about":[{"href":"https:\/\/ulqini-online.com\/sajti\/index.php?rest_route=\/wp\/v2\/types\/post"}],"author":[{"embeddable":true,"href":"https:\/\/ulqini-online.com\/sajti\/index.php?rest_route=\/wp\/v2\/users\/1"}],"replies":[{"embeddable":true,"href":"https:\/\/ulqini-online.com\/sajti\/index.php?rest_route=%2Fwp%2Fv2%2Fcomments&post=9592"}],"version-history":[{"count":1,"href":"https:\/\/ulqini-online.com\/sajti\/index.php?rest_route=\/wp\/v2\/posts\/9592\/revisions"}],"predecessor-version":[{"id":9594,"href":"https:\/\/ulqini-online.com\/sajti\/index.php?rest_route=\/wp\/v2\/posts\/9592\/revisions\/9594"}],"wp:featuredmedia":[{"embeddable":true,"href":"https:\/\/ulqini-online.com\/sajti\/index.php?rest_route=\/wp\/v2\/media\/9593"}],"wp:attachment":[{"href":"https:\/\/ulqini-online.com\/sajti\/index.php?rest_route=%2Fwp%2Fv2%2Fmedia&parent=9592"}],"wp:term":[{"taxonomy":"category","embeddable":true,"href":"https:\/\/ulqini-online.com\/sajti\/index.php?rest_route=%2Fwp%2Fv2%2Fcategories&post=9592"},{"taxonomy":"post_tag","embeddable":true,"href":"https:\/\/ulqini-online.com\/sajti\/index.php?rest_route=%2Fwp%2Fv2%2Ftags&post=9592"}],"curies":[{"name":"wp","href":"https:\/\/api.w.org\/{rel}","templated":true}]}}