{"id":9579,"date":"2016-06-13T14:26:47","date_gmt":"2016-06-13T12:26:47","guid":{"rendered":"http:\/\/ulqini-online.com\/sajti\/?p=9579"},"modified":"2016-06-13T14:28:11","modified_gmt":"2016-06-13T12:28:11","slug":"moti-lig-shkakton-deme-ne-ulqin-foto-video","status":"publish","type":"post","link":"https:\/\/ulqini-online.com\/sajti\/?p=9579","title":{"rendered":"Moti lig shkakton d\u00ebme n\u00eb Ulqin (foto, video)"},"content":{"rendered":"<p><a href=\"https:\/\/ulqini-online.com\/sajti\/wp-content\/uploads\/2016\/06\/shi-plazhi-majami-ulqin.jpg\"><img loading=\"lazy\" decoding=\"async\" class=\"size-medium wp-image-9580 alignleft\" src=\"https:\/\/ulqini-online.com\/sajti\/wp-content\/uploads\/2016\/06\/shi-plazhi-majami-ulqin-300x169.jpg\" alt=\"shi-plazhi-majami-ulqin\" width=\"300\" height=\"169\" srcset=\"https:\/\/ulqini-online.com\/sajti\/wp-content\/uploads\/2016\/06\/shi-plazhi-majami-ulqin-300x169.jpg 300w, https:\/\/ulqini-online.com\/sajti\/wp-content\/uploads\/2016\/06\/shi-plazhi-majami-ulqin.jpg 533w\" sizes=\"auto, (max-width: 300px) 100vw, 300px\" \/><\/a>Moti i lig i dit\u00ebve t\u00eb fundit ka shkaktuar d\u00ebm\u00eb t\u00eb konsiderueshme n\u00eb Komun\u00ebn e Ulqinit. N\u00eb lidhje me k\u00ebt\u00eb kryetari i komun\u00ebs s\u00eb Ulqinit Nazif Cungu ka dalur n\u00eb nj\u00eb konferenc\u00eb p\u00ebr shtyp. Fjal\u00ebn e plot\u00eb t\u00eb kryetarit Cungu mund ta lexoni m\u00eb posht\u00eb.<\/p>\n<p><em>T\u00eb nderuar\u00a0 t\u00eb pranish\u00ebm ,<\/em><\/p>\n<p><em>e kam thirur k\u00ebt\u00eb konferenc\u00eb p\u00ebr\u00a0 tju njoftuar shkurtimisht\u00a0 me pasojat\u00a0 e d\u00ebmeve\u00a0 t\u00eb shkaktuara\u00a0 nga\u00a0 reshtjet e shiut dhe\u00a0 <a href=\"https:\/\/ulqini-online.com\/sajti\/wp-content\/uploads\/2016\/04\/baneri-web-sajte-origjinali.jpg\"><img loading=\"lazy\" decoding=\"async\" class=\"size-medium wp-image-8819 alignright\" src=\"https:\/\/ulqini-online.com\/sajti\/wp-content\/uploads\/2016\/04\/baneri-web-sajte-origjinali-80x300.jpg\" alt=\"baneri-web-sajte-origjinali\" width=\"80\" height=\"300\" srcset=\"https:\/\/ulqini-online.com\/sajti\/wp-content\/uploads\/2016\/04\/baneri-web-sajte-origjinali-80x300.jpg 80w, https:\/\/ulqini-online.com\/sajti\/wp-content\/uploads\/2016\/04\/baneri-web-sajte-origjinali.jpg 160w\" sizes=\"auto, (max-width: 80px) 100vw, 80px\" \/><\/a>masat\u00a0 q\u00eb po nd\u00ebrmarrim p\u00ebr sanimin e situat\u00ebs. <\/em><br \/>\n<em>Me keqardhje\u00a0 mund t\u00eb konstatoj\u00a0 q\u00eb moti i lig i p\u00ebrcjell\u00eb me shi t\u00eb intensitetit t\u00eb lart\u00eb p\u00ebr\u00a0 k\u00ebt\u00eb koh\u00eb t\u00eb vitit ,\u00a0 ka shkaktuar d\u00ebme t\u00eb m\u00ebdha n\u00eb t\u00ebr\u00eb teritorin e komun\u00ebs ton\u00eb. <\/em><\/p>\n<p><em>Q\u00eb\u00a0 mbr\u00ebm\u00eb\u00a0 kemi p\u00ebrcjellur me v\u00ebmendje\u00a0 situat\u00ebn,\u00a0 kemi vizituar\u00a0 zonat e rrezikuara dhe kemi qen\u00eb\u00a0 n\u00eb kontakt\u00a0 me sh\u00ebrbimet\u00a0 p\u00ebrkat\u00ebse. Sot , n\u00eb\u00a0 mengjes\u00a0 kemi dal\u00eb p\u00ebrs\u00ebri\u00a0 n\u00eb terren me\u00a0 sh\u00ebrbimin e\u00a0 mbrojtjes\u00a0 dhe\u00a0 kemi vizituar\u00a0 t\u00eb\u00a0 gjitha zonat q\u00eb\u00a0 kan\u00eb p\u00ebsuar\u00a0 nga\u00a0 reshjet e shiut.<\/em><\/p>\n<p><em>Situata\u00a0 \u00ebsht\u00eb e v\u00ebshtir\u00eb por m\u00eb problematike\u00a0 paraqitet n\u00eb\u00a0 Ran\u00eb n\u00eb Plazhin e madh , n\u00eb Shtoj n\u00eb Zogaj, etj. Ka shembje\u00a0 t\u00eb dherave n\u00eb Ulqin\u00a0 dhe kjo v\u00ebshtir\u00ebson komunikacionin, andaj\u00a0 po\u00a0 b\u00ebhen\u00a0 p\u00ebrpjekje me\u00a0 NP\u00a0 q\u00eb\u00a0 situata\u00a0 sa me par\u00eb t\u00eb sanohet.<\/em><\/p>\n<p><em>Kemi paralajmerime\u00a0 nga qytetar\u00ebt\u00a0 q\u00eb uji ka hyr\u00eb edhe nep\u00ebr sht\u00ebpia dhe\u00a0 ka shkaktuar d\u00ebme t\u00eb m\u00ebdha. D\u00ebme kan\u00eb paralajm\u00ebruar pronar\u00eb\u00a0 t\u00eb objekteve afariste , restoranteve , farmave,\u00a0 bujq,\u00a0 dhe pronar\u00eb automjetesh etj. <\/em><\/p>\n<p><em>D\u00ebme t\u00eb konsideruara jan\u00eb shkaktuar\u00a0 n\u00eb katin p\u00ebrdhes\u00eb t\u00eb gjimnazit, dhe n\u00eb Qendr\u00ebn e\u00a0 f\u00ebmij\u00ebve ,,Sirena,, .<\/em><\/p>\n<p><em>\u00a0Komuna po p\u00ebrcjell situat\u00ebn dhe po ndodhet pran\u00eb\u00a0 atyre q\u00eb kan\u00eb nevoj\u00eb duke v\u00ebn\u00eb n\u00eb dispozicion\u00a0 pompa, bagera, thas\u00eb me ran\u00eb etj. Ka filluar larja e rrug\u00ebve,\u00a0 spastrimi i kanaleve , dhe menjanimi i sasive\u00a0 t\u00eb mbeturinave. Ska dyshim q\u00eb t\u00eb gjith\u00eb k\u00ebsaj situate\u00a0 i kontribon nd\u00ebrtimi\u00a0 i pakontrolluar . <\/em><\/p>\n<p><em>P\u00ebr momentin nuk mund t\u00eb flasim\u00a0 p\u00ebr\u00a0 mas\u00ebn e d\u00ebmit , por mesiguri q\u00eb ai do t\u00eb jet\u00eb i madh , cka \u00ebsht\u00eb detyr\u00eb e\u00a0 komisionit .<\/em><\/p>\n<p><em>Kam em\u00ebruar nj\u00eb ekip t\u00eb vecant\u00eb\u00a0 i cili do\u00a0 t\u00eb jet\u00eb\u00a0 permanet n\u00eb terren , duke\u00a0 vizituar pjes\u00ebt m\u00eb problematike ,duke\u00a0 b\u00ebr\u00eb incizime fotografike dhe incizime\u00a0 filmike\u00a0 q\u00eb m\u00eb pas\u00a0 komisioni ta ket\u00eb\u00a0 m\u00eb t\u00eb leht\u00eb p\u00ebr\u00a0 vler\u00ebsimin sa m\u00eb real. \u00a0<\/em><\/p>\n<p><em>Un\u00eb ftoj qytetar\u00ebt\u00a0 p\u00ebr bashk\u00ebpunim dhe p\u00ebr\u00a0 cdo gj\u00eb q\u00eb ata do t\u00eb ken\u00eb\u00a0\u00a0 t\u00eb komunikojn\u00eb\u00a0 me sh\u00ebrbimet tona.<\/em><\/p>\n<p><iframe loading=\"lazy\" title=\"Kohe e lige ne Ulqin\" width=\"640\" height=\"480\" src=\"https:\/\/www.youtube.com\/embed\/hwiVs0kVV7E?feature=oembed\" frameborder=\"0\" allow=\"accelerometer; autoplay; clipboard-write; encrypted-media; gyroscope; picture-in-picture; web-share\" referrerpolicy=\"strict-origin-when-cross-origin\" allowfullscreen><\/iframe><\/p>\n<p><a href=\"https:\/\/www.youtube.com\/watch?v=hwiVs0kVV7E&amp;feature=youtu.be\" target=\"_blank\">\u00a0https:\/\/www.youtube.com\/watch?v=hwiVs0kVV7E&amp;feature=youtu.be<\/a><\/p>\n","protected":false},"excerpt":{"rendered":"<p>Moti i lig i dit\u00ebve t\u00eb fundit ka shkaktuar d\u00ebm\u00eb t\u00eb konsiderueshme n\u00eb Komun\u00ebn e Ulqinit. N\u00eb lidhje me k\u00ebt\u00eb kryetari i komun\u00ebs s\u00eb Ulqinit Nazif Cungu ka dalur n\u00eb nj\u00eb konferenc\u00eb p\u00ebr shtyp. Fjal\u00ebn e plot\u00eb t\u00eb kryetarit Cungu mund ta lexoni m\u00eb posht\u00eb. T\u00eb nderuar\u00a0 t\u00eb pranish\u00ebm , e kam thirur k\u00ebt\u00eb konferenc\u00eb [&hellip;]<\/p>\n","protected":false},"author":1,"featured_media":9580,"comment_status":"open","ping_status":"open","sticky":false,"template":"","format":"standard","meta":{"_seopress_robots_primary_cat":"","_seopress_titles_title":"","_seopress_titles_desc":"","_seopress_robots_index":"","footnotes":""},"categories":[4],"tags":[],"class_list":["post-9579","post","type-post","status-publish","format-standard","has-post-thumbnail","hentry","category-kronike"],"_links":{"self":[{"href":"https:\/\/ulqini-online.com\/sajti\/index.php?rest_route=\/wp\/v2\/posts\/9579","targetHints":{"allow":["GET"]}}],"collection":[{"href":"https:\/\/ulqini-online.com\/sajti\/index.php?rest_route=\/wp\/v2\/posts"}],"about":[{"href":"https:\/\/ulqini-online.com\/sajti\/index.php?rest_route=\/wp\/v2\/types\/post"}],"author":[{"embeddable":true,"href":"https:\/\/ulqini-online.com\/sajti\/index.php?rest_route=\/wp\/v2\/users\/1"}],"replies":[{"embeddable":true,"href":"https:\/\/ulqini-online.com\/sajti\/index.php?rest_route=%2Fwp%2Fv2%2Fcomments&post=9579"}],"version-history":[{"count":2,"href":"https:\/\/ulqini-online.com\/sajti\/index.php?rest_route=\/wp\/v2\/posts\/9579\/revisions"}],"predecessor-version":[{"id":9582,"href":"https:\/\/ulqini-online.com\/sajti\/index.php?rest_route=\/wp\/v2\/posts\/9579\/revisions\/9582"}],"wp:featuredmedia":[{"embeddable":true,"href":"https:\/\/ulqini-online.com\/sajti\/index.php?rest_route=\/wp\/v2\/media\/9580"}],"wp:attachment":[{"href":"https:\/\/ulqini-online.com\/sajti\/index.php?rest_route=%2Fwp%2Fv2%2Fmedia&parent=9579"}],"wp:term":[{"taxonomy":"category","embeddable":true,"href":"https:\/\/ulqini-online.com\/sajti\/index.php?rest_route=%2Fwp%2Fv2%2Fcategories&post=9579"},{"taxonomy":"post_tag","embeddable":true,"href":"https:\/\/ulqini-online.com\/sajti\/index.php?rest_route=%2Fwp%2Fv2%2Ftags&post=9579"}],"curies":[{"name":"wp","href":"https:\/\/api.w.org\/{rel}","templated":true}]}}