{"id":9474,"date":"2016-06-06T13:58:16","date_gmt":"2016-06-06T11:58:16","guid":{"rendered":"http:\/\/ulqini-online.com\/sajti\/?p=9474"},"modified":"2016-06-06T13:59:09","modified_gmt":"2016-06-06T11:59:09","slug":"urime-muajin-e-ramazanit","status":"publish","type":"post","link":"https:\/\/ulqini-online.com\/sajti\/?p=9474","title":{"rendered":"URIME MUAJIN E RAMAZANIT"},"content":{"rendered":"<p><a href=\"https:\/\/ulqini-online.com\/sajti\/wp-content\/uploads\/2016\/06\/urime-muaji-ramazanit.jpg\"><img loading=\"lazy\" decoding=\"async\" class=\"size-medium wp-image-9475 alignleft\" src=\"https:\/\/ulqini-online.com\/sajti\/wp-content\/uploads\/2016\/06\/urime-muaji-ramazanit-300x178.jpg\" alt=\"urime-muaji-ramazanit\" width=\"300\" height=\"178\" srcset=\"https:\/\/ulqini-online.com\/sajti\/wp-content\/uploads\/2016\/06\/urime-muaji-ramazanit-300x178.jpg 300w, https:\/\/ulqini-online.com\/sajti\/wp-content\/uploads\/2016\/06\/urime-muaji-ramazanit.jpg 350w\" sizes=\"auto, (max-width: 300px) 100vw, 300px\" \/><\/a>Kryetari i Ulqinit Nazif Cungu , ka uruar besimtar\u00ebt mysliman\u00eb dhe Bashk\u00ebsin\u00eb Islame me rastin e fillimit t\u00eb muajit t\u00eb shenjt\u00eb t\u00eb Ramazanit.N\u00eb mesazhin e tij nd\u00ebr t\u00eb tjera thuhet<\/p>\n<p>Shpreh besimin se mesazhi i muajit t\u00eb Ramazanit, q\u00eb p\u00ebrfaq\u00ebson devotshm\u00ebrin\u00eb, humanizmin, solidaritetin dhe p\u00ebrkushtimin p\u00ebr paqe e toleranc\u00eb, do t\u00eb sjell\u00eb m\u00eb shum\u00eb bashk\u00ebpunim dhe mir\u00ebkuptim nd\u00ebrmjet njer\u00ebzve.<\/p>\n<p>Duke uruar t\u00eb gjith\u00eb besimtar\u00ebt mysliman\u00eb, kryetari Cungu\u00a0 thekson nevoj\u00ebn p\u00ebr thellimin e bashk\u00ebpunimit n\u00eb realizimin e synimeve t\u00eb p\u00ebrbashk\u00ebta .<\/p>\n<p>&nbsp;<\/p>\n<p>Poashtu nj\u00eb urim vjen edhe nha Forca<\/p>\n<p><em>FORCA E RE DEMOKRATIKE-URIME MUAJIN E RAMAZANIT\u00a0\u00a0\u00a0\u00a0\u00a0\u00a0 \u00a0<\/em><br \/>\n<em>\u00a0\u00a0\u00a0\u00a0\u00a0\u00a0\u00a0\u00a0\u00a0\u00a0\u00a0\u00a0\u00a0\u00a0\u00a0\u00a0\u00a0\u00a0\u00a0\u00a0\u00a0\u00a0\u00a0\u00a0\u00a0\u00a0\u00a0\u00a0\u00a0\u00a0\u00a0\u00a0\u00a0\u00a0\u00a0\u00a0\u00a0\u00a0\u00a0\u00a0\u00a0\u00a0\u00a0\u00a0\u00a0\u00a0\u00a0\u00a0\u00a0\u00a0\u00a0\u00a0\u00a0\u00a0\u00a0 \u00a0<\/em><br \/>\n<em>Forca e Re Demokratike te gjith\u00eb besimtar\u00ebve mysliman ju uron muajin e madh\u00ebruesh\u00ebm t\u00eb Ramazanit, duke ju deshiruar q\u00eb k\u00ebto dit\u00eb te sakrific\u00ebs dhe pastrimit shpirt\u00ebrore, ti kalojn\u00eb sa m\u00eb leht\u00eb dhe n\u00eb harmoni me njeri tjetrin.<\/em><br \/>\n<em>Muaji i Ramazanit, \u00ebsht\u00eb muaji n\u00eb t\u00eb cilin besimtar\u00ebt mysliman me agj\u00ebrim, lutje dhe\u00a0 vepra t\u00eb bamir\u00ebsis\u00eb shprehin solidarizimin njer\u00ebzor\u00eb, por nj\u00ebherit edhe krijojn\u00eb\u00a0 af\u00ebrsin\u00eb dhe toleranc\u00ebn\u00a0 nd\u00ebrnjer\u00ebzor\u00eb, ashtu si\u00e7 e parasheh feja dhe virtyti.<\/em><br \/>\n<em>Andaj t\u00eb gjith\u00eb besimtar[ve ju urojm\u00eb agjerim t\u00eb leht\u00eb dhe begati ne familje.<\/em><\/p>\n<p><em>SHERBIMI PER INFORMIM I FORCES<\/em><\/p>\n","protected":false},"excerpt":{"rendered":"<p>Kryetari i Ulqinit Nazif Cungu , ka uruar besimtar\u00ebt mysliman\u00eb dhe Bashk\u00ebsin\u00eb Islame me rastin e fillimit t\u00eb muajit t\u00eb shenjt\u00eb t\u00eb Ramazanit.N\u00eb mesazhin e tij nd\u00ebr t\u00eb tjera thuhet Shpreh besimin se mesazhi i muajit t\u00eb Ramazanit, q\u00eb p\u00ebrfaq\u00ebson devotshm\u00ebrin\u00eb, humanizmin, solidaritetin dhe p\u00ebrkushtimin p\u00ebr paqe e toleranc\u00eb, do t\u00eb sjell\u00eb m\u00eb shum\u00eb bashk\u00ebpunim [&hellip;]<\/p>\n","protected":false},"author":1,"featured_media":9475,"comment_status":"open","ping_status":"open","sticky":false,"template":"","format":"standard","meta":{"_seopress_robots_primary_cat":"","_seopress_titles_title":"","_seopress_titles_desc":"","_seopress_robots_index":"","footnotes":""},"categories":[4],"tags":[],"class_list":["post-9474","post","type-post","status-publish","format-standard","has-post-thumbnail","hentry","category-kronike"],"_links":{"self":[{"href":"https:\/\/ulqini-online.com\/sajti\/index.php?rest_route=\/wp\/v2\/posts\/9474","targetHints":{"allow":["GET"]}}],"collection":[{"href":"https:\/\/ulqini-online.com\/sajti\/index.php?rest_route=\/wp\/v2\/posts"}],"about":[{"href":"https:\/\/ulqini-online.com\/sajti\/index.php?rest_route=\/wp\/v2\/types\/post"}],"author":[{"embeddable":true,"href":"https:\/\/ulqini-online.com\/sajti\/index.php?rest_route=\/wp\/v2\/users\/1"}],"replies":[{"embeddable":true,"href":"https:\/\/ulqini-online.com\/sajti\/index.php?rest_route=%2Fwp%2Fv2%2Fcomments&post=9474"}],"version-history":[{"count":1,"href":"https:\/\/ulqini-online.com\/sajti\/index.php?rest_route=\/wp\/v2\/posts\/9474\/revisions"}],"predecessor-version":[{"id":9476,"href":"https:\/\/ulqini-online.com\/sajti\/index.php?rest_route=\/wp\/v2\/posts\/9474\/revisions\/9476"}],"wp:featuredmedia":[{"embeddable":true,"href":"https:\/\/ulqini-online.com\/sajti\/index.php?rest_route=\/wp\/v2\/media\/9475"}],"wp:attachment":[{"href":"https:\/\/ulqini-online.com\/sajti\/index.php?rest_route=%2Fwp%2Fv2%2Fmedia&parent=9474"}],"wp:term":[{"taxonomy":"category","embeddable":true,"href":"https:\/\/ulqini-online.com\/sajti\/index.php?rest_route=%2Fwp%2Fv2%2Fcategories&post=9474"},{"taxonomy":"post_tag","embeddable":true,"href":"https:\/\/ulqini-online.com\/sajti\/index.php?rest_route=%2Fwp%2Fv2%2Ftags&post=9474"}],"curies":[{"name":"wp","href":"https:\/\/api.w.org\/{rel}","templated":true}]}}