{"id":7898,"date":"2016-02-25T00:01:11","date_gmt":"2016-02-24T23:01:11","guid":{"rendered":"http:\/\/ulqini-online.com\/sajti\/?p=7898"},"modified":"2016-02-24T22:35:23","modified_gmt":"2016-02-24T21:35:23","slug":"kryeministri-yne-hokatare","status":"publish","type":"post","link":"https:\/\/ulqini-online.com\/sajti\/?p=7898","title":{"rendered":"Kryeministri yn\u00eb hokatar\u00eb!"},"content":{"rendered":"<p><a href=\"https:\/\/ulqini-online.com\/sajti\/wp-content\/uploads\/2015\/02\/Beqir-sina.jpg\" rel=\"attachment wp-att-1687\"><img loading=\"lazy\" decoding=\"async\" class=\"size-medium wp-image-1687 alignleft\" src=\"https:\/\/ulqini-online.com\/sajti\/wp-content\/uploads\/2015\/02\/Beqir-sina-267x300.jpg\" alt=\"Beqir-sina\" width=\"267\" height=\"300\" srcset=\"https:\/\/ulqini-online.com\/sajti\/wp-content\/uploads\/2015\/02\/Beqir-sina-267x300.jpg 267w, https:\/\/ulqini-online.com\/sajti\/wp-content\/uploads\/2015\/02\/Beqir-sina.jpg 400w\" sizes=\"auto, (max-width: 267px) 100vw, 267px\" \/><\/a>Nga Beqir SINA<\/p>\n<p>\u00cbsht\u00eb, hera e dyt\u00eb n\u00eb historin\u00eb e Shqip\u00ebris\u00eb, q\u00eb Shqip\u00ebtar\u00ebt, po hyjn\u00eb n\u00eb historin\u00eb e Londr\u00ebs,. Nj\u00ebher\u00eb me dinjitet e krenari komb\u00ebtare, dhe nj\u00eb her\u00eb me batutat!<\/p>\n<p>BENSONHURST &#8211; BROKLYN NY : T\u00eb gjith\u00eb qesh\u00ebm ! Madje, qesh\u00ebn m\u00eb shum\u00eb se sa ne &#8211; edhe Londra e Beogradi . Aq sa k\u00ebto t\u00eb qeshura tani jan\u00eb kthyer edhe n\u00eb gallat n\u00eb rrjetet sociale dhe njer\u00ebzit po qeshin me ato batutat e Kryeministrit Rama.<\/p>\n<p>\u00cbsht\u00eb, hera e dyt\u00eb n\u00eb historin\u00eb e Shqip\u00ebris\u00eb, q\u00eb Shqip\u00ebtar\u00ebt, po hyjn\u00eb n\u00eb historin\u00eb e Londr\u00ebs!. Nj\u00ebher\u00eb, ata hyn\u00eb me dinjitet e krenari komb\u00ebtare, dhe nj\u00eb her\u00eb me batutat e Ram\u00ebs!<\/p>\n<p>Ka qen\u00eb Isa Boletini m\u00eb 1913, si an\u00ebtar i delegacionit shqiptar e p\u00ebrfaqsues i Ushtris\u00eb Shqiptare, s\u00eb bashku me Ismail Qemalin shkoi n\u00eb Lond\u00ebr, ku protestoi me forc\u00eb kund\u00ebr vendimit t\u00eb Fuqive t\u00eb M\u00ebdha p\u00ebr cop\u00ebtimin e Shqip\u00ebris\u00eb.<\/p>\n<p>Edhe, nj\u00eb shekull m\u00eb pas, pra 103 vjet\u00eb, Kryeministri i Shqip\u00ebris\u00eb Edi Rama, q\u00eb e ka &#8220;zgjidhur&#8221; edhe dilem\u00ebn e Bashkimit Europian se \u00e7far\u00eb do t\u00eb ndodh\u00eb me BE-n\u00eb n\u00ebse nga organizmi politik europian del Britania e Madhe. Por, edhe, at\u00eb se pse \u201cBE, ende nuk liberalizojn\u00eb vizat p\u00ebr qytetar\u00ebt e Kosov\u00ebs,\u201d sepse, thot\u00eb batuta e Ram\u00ebs &#8211; Serbia e ka \u201cRusin\u00eb, pas vetit\u201d<\/p>\n<p>I pyetur p\u00ebr at\u00eb se \u00e7far\u00eb mendimi, ka Kryeministri i Shqip\u00ebris\u00eb, p\u00ebr faktin n\u00ebse Britania, duhet t\u00eb q\u00ebndroj\u00eb apo t\u00eb dal\u00eb nga BE-ja? Rama, tha se &#8216;n\u00ebse Britania del, at\u00ebher\u00eb duhet t\u00eb hyjm\u00eb ne!\u201d( n\u00eb sall\u00eb shp\u00ebrthejn\u00eb t\u00eb qeshura ).<\/p>\n<p>Kurse, gjat\u00eb seanc\u00ebs s\u00eb pyetje p\u00ebrgjigjeve, po n\u00eb Samitin e BERZH n\u00eb Lond\u00ebr, Kryeministri Edi Rama, pati nj\u00eb shk\u00ebmbim batutash me Kryeministrin e Serbis\u00eb Aleksader Vu\u00e7i\u00e7 dhe nd\u00ebr t\u00eb tjera Kryeministri Rama tha:<\/p>\n<p>\u201cBE \u00ebsht\u00eb m\u00eb e kujdesshme ndaj tyre sesa ndaj nesh, sepse ne nuk kemi Rusin\u00eb. K\u00ebshtu, ata ende nuk liberalizojn\u00eb vizat p\u00ebr qytetar\u00ebt e Kosov\u00ebs, neve na thon\u00eb ju jeni duke ecur shum\u00eb mir\u00eb, por keni ende p\u00ebr t\u00eb b\u00ebr\u00eb. Nd\u00ebrsa, ai fluturon n\u00eb Rusi dhe merr hapjen e negociatave.\u201d<\/p>\n<p>Mir\u00ebpo le t\u00eb kthehemi n\u00eb retrospektiv\u00eb , duke iu kthyer histroris\u00eb dhe pjes\u00ebmarrjes s\u00eb Shqiptar\u00ebve n\u00eb Lond\u00ebr. Edhe, le t\u00eb krahasojm\u00eb p\u00ebrfaq\u00ebsimin dhe paraqitjen e diplomatve dhe politikan\u00ebve shqiptar\u00eb!<\/p>\n<p>Historiani francez Edwin Jacques, tregon p\u00ebr nj\u00eb anekdot\u00eb, 103 vjet m\u00eb par\u00eb, p\u00ebr Isa Boletinin.<\/p>\n<p>Ai e trajton sa vijon: \u201cSa hyri n\u00eb godin\u00ebn e Ministris\u00eb s\u00eb jashtme britanike q\u00eb t\u00eb mbronte \u00e7\u00ebshtjen e kombit t\u00eb tij, polici i siguris\u00eb i k\u00ebrkoj t\u00eb hiqte revolen nga brezi dhe t&#8217;a linte n\u00eb vendin e posa\u00e7\u00ebm ngaq\u00eb duhet t\u00eb hynte i paarmatosur. Ai e dorzoi pa u ankuar. Gjat\u00eb takimit, ministri i jasht\u00ebm, Sir Edward Grey, e shoq\u00ebroi Boletinin drejt vendit p\u00ebr t\u00eb rimarr\u00eb revolen e tij. Ku ministri qeshi, \u2018Gjeneral, gazetat mund t\u00eb shkruajn\u00eb nes\u00ebr se Isa Boletini, q\u00eb as Mahmut Shefqet Pasha s&#8217;mund t&#8217;a \u00e7armatoste, sapo u \u00e7armatos n\u00eb Lond\u00ebr.\u2019 Boletini ia ktheu me nj\u00eb p\u00ebrqeshje t\u00eb but\u00eb, \u2018Jo, jo, as n\u00eb Lond\u00ebr!,\u2019 dhe nxori nga prapa nj\u00eb revole t\u00eb dyt\u00eb.\u201d<\/p>\n<p>N\u00eb nj\u00eb rast kur Aubrey Herbert si kryetar i komitetit bashk\u00eb me Tonin Prek\u00ebn sh\u00ebrbyen si p\u00ebrkthyes mes Isa Boletinit e z. Lloyd George, ku u tha sa vijon,<\/p>\n<p>&#8220;Thuaji atij,\u201d tha Isa, &#8220;q\u00eb un\u00eb jam mal\u00ebsor, ashtu si \u00ebsht\u00eb ai, dhe q\u00eb un\u00eb e di q\u00eb zemra e tij \u00ebsht\u00eb e sjellshme karshi atyre q\u00eb vuajn\u00eb.\u201d E tha me shum\u00eb shprehi, \u201dE thuaji q\u00eb kur t\u00eb vij pranvera, do t\u00eb pleh\u00ebrojm\u00eb Fush\u00eb Kosov\u00ebn me eshtrat e serb\u00ebve, sepse ne Shqip\u00ebtar\u00ebt kemi vuajtur shum\u00eb p\u00ebr t\u00eb harruar.\u201d<\/p>\n<p>Isa Boletini dhe delegacioni Shqiptar\u00eb, q\u00eb shkuan n\u00eb Lond\u00ebr, t\u00eb cil\u00ebt ishin krenar dhe dinjitoz, patriot e atdhetar( megjith\u00ebse, nj\u00eb pjes\u00eb e tyre edhe pa shkoll\u00eb), lan\u00eb p\u00ebrshtypje t\u00eb mira (edhe pse n\u00eb rrezerva i vetmi q\u00eb p\u00ebrballonte nivelin e homolog\u00ebve ishte Luigj Gurakuqi,- sipas At Gjergj Fisht\u00ebs).<\/p>\n<p>Nd\u00ebrkoh\u00eb, tani p\u00ebrve\u00e7, se kjo \u00ebsht\u00eb hera e par\u00eb n\u00eb histori, q\u00eb nuk ka dinjitet, krenari, apo as politik dhe diplomaci, fare, e fare, Kryeministria, shp\u00ebrndan me an\u00eb t\u00eb njoftimeve zyrtare qyfyret e Kryeministrit, t\u00eb Shqip\u00ebris\u00eb Edi Rama, me\u00a0 batutat e Ram\u00ebs me Vu\u00e7i\u00e7.<\/p>\n<p>T\u00eb cilat jo q\u00eb as nuk b\u00ebjn\u00eb fare p\u00ebr t\u00eb qeshur, por, tregojn\u00eb edhe at\u00eb nivelin m\u00eb t\u00eb ult\u00eb diplomatik, dhe shum\u00eb t\u00eb varf\u00ebr t\u00eb nj\u00eb Kryeministri, sidomos n\u00eb nj\u00eb p\u00ebrfaq\u00ebsim t\u00eb till\u00eb n\u00eb Lond\u00ebr.<\/p>\n<p>Pik\u00ebrisht\u00eb, aty ku u luajt\u00ebn lojrat e fatit t\u00eb Shqiptar\u00ebve. Aty ku edhe mbeti p\u00ebr fatin e keq tonin &#8211; kjo, q\u00eb \u00ebsht\u00eb sot \u201cShqip\u00ebria Londineze\u201d! Shqip\u00ebria e coptuar n\u00eb gjasht\u00eb pjes\u00eb&#8221;.<\/p>\n<p>Mir\u00ebpo, megjith\u00ebse, Kryeministri i Shqip\u00ebris\u00eb, e ka &#8220;zgjidhur&#8221; dilem\u00ebn e Bashkimit Europian &#8211; se \u00e7far\u00eb do t\u00eb ndodh\u00eb me BE-n\u00eb n\u00ebse nga organizmi politik europian del Britania e Madhe, Rama, tha se &#8216;n\u00ebse Britania del, at\u00ebher\u00eb duhet t\u00eb hyjm\u00eb ne\u2019,ai\u00a0 nuk foli se si do t\u00eb shkojn\u00eb shqiptar\u00ebt n\u00eb BE, t\u00eb bashkuar apo copa copa .<\/p>\n<p>K\u00ebshtu, q\u00eb, tani batutat e kryeministrit t\u00eb Shqip\u00ebris\u00eb, u b\u00ebn\u00eb\u00a0 batuata e \u201czyrtarizuar\u201d &#8211;<\/p>\n<p>Zyra p\u00ebr shtyp n\u00eb Kryeministri, ka b\u00ebr\u00eb sot nj\u00eb njoftim t\u00eb pazakont\u00eb. Ajo ka shp\u00ebrndar\u00eb p\u00ebr mediat gallatat, q\u00eb ka b\u00ebr\u00eb kryeministri Rama me homologun serb, Vu\u00e7i\u00e7i n\u00eb samitin e BERZH.<\/p>\n<p>Megjith\u00ebse, autor\u00ebt e k\u00ebtij njoftimi jan\u00eb t\u00eb vet\u00ebdijsh\u00ebm se b\u00ebh\u00ebt fjal\u00eb p\u00ebr gallata- llogje, dhe pavar\u00ebsisht k\u00ebsaj ata vet\u00eb e kan\u00eb shp\u00ebrndar\u00eb at\u00eb n\u00eb m\u00ebnyr\u00eb zyrtare.<\/p>\n<p>Pra, kjo \u00ebsht\u00eb hera e par\u00eb n\u00eb historin\u00eb e Shqip\u00ebris\u00eb, q\u00eb Kryeministria, shp\u00ebrndan me an\u00eb t\u00eb njoftimeve zyrtare qyfyret e Kryeministrit, batutat e Ram\u00ebs me Vu\u00e7i\u00e7.<\/p>\n<p>K\u00ebto, t\u00eb ashtuquajtura &#8220;batutat&#8221; bajate, prej nj\u00eb shakaxhiu estrade t\u00eb koh\u00ebs s\u00eb kooperativave, q\u00eb ne shqiptar\u00ebt, Kryeministrin e Shqip\u00ebris\u00eb, jemi m\u00ebsuar t\u2019a shohim sa her del n\u00eb foltoren e Parlamentit dhe intervistat e televizioneve dhe gazetave, ka qen\u00eb objekt diskutimi edhe i gazetar\u00ebve t\u00eb huaj- dhe ka pasur reagime dhe gallata t\u00eb gjata, edhe n\u00eb rrjetet sociale Facebook dhe Twitter.<\/p>\n<p>Kujtoj\u00eb, me k\u00ebt\u00eb rast intervist\u00ebn e tensionuar, t\u00eb Kryeministrit t\u00eb Shqip\u00ebris\u00eb, Edi Rama, kur p\u00ebrplaset me gazetarin e DW, n\u00eb emisionin televiziv \u201cConflict Zone\u201d n\u00eb bised\u00eb me Tim Sebastian.<\/p>\n<p>Apo ajo skandaloze me gazetarin e njohur Ilir Ikonomi t\u00eb Z\u00ebri i Amerik\u00ebs, ku me batuta Rama edhe k\u00ebrkon t\u00eb ofendoj\u00eb gazetarin dhe z\u00ebrin e shpres\u00ebs dhe liris\u00eb s\u00eb shqiptar\u00ebve Z\u00ebrin e Amerik\u00ebs.<\/p>\n<p>Me k\u00ebto batuta Kryeministri Edi Rama &#8211; as pak dhe as m\u00eb shum\u00eb po i tregon bot\u00ebs, edhe publikisht ne shqiptar\u00ebve, q\u00eb ai nuk di se \u00e7far\u00eb \u00ebsht\u00eb politika. \u00c7ka, ai e ka pranuar edhe v\u00ebt\u00eb m\u00eb par\u00eb se t\u00eb b\u00ebhej Kryeminist\u00ebr, kur tha \u201c se un\u00eb jam artist\u00eb dhe nuk jam\u00eb politikan\u201d.<\/p>\n<p>Dhe, akoma me diletant e kryeminist\u00ebr, ky \u00ebsht\u00eb nj\u00eb profan nga politika, edhe tani kur ka urdh\u00ebruar stafin e tij, q\u00eb k\u00ebto gallata &#8211; batuta, ti fus\u00eb edhe n\u00eb faqen zyrtare t\u00eb Kryeministris\u00eb, nga Zyra e tij e shtypit th\u00ebn\u00eb prej Kreyministrit t\u00eb Shqip\u00ebris\u00eb, Edi Ram\u00ebs n\u00eb Lond\u00ebr &#8211; n\u00eb Samitin e BERZH.<\/p>\n","protected":false},"excerpt":{"rendered":"<p>Nga Beqir SINA \u00cbsht\u00eb, hera e dyt\u00eb n\u00eb historin\u00eb e Shqip\u00ebris\u00eb, q\u00eb Shqip\u00ebtar\u00ebt, po hyjn\u00eb n\u00eb historin\u00eb e Londr\u00ebs,. Nj\u00ebher\u00eb me dinjitet e krenari komb\u00ebtare, dhe nj\u00eb her\u00eb me batutat! BENSONHURST &#8211; BROKLYN NY : T\u00eb gjith\u00eb qesh\u00ebm ! Madje, qesh\u00ebn m\u00eb shum\u00eb se sa ne &#8211; edhe Londra e Beogradi . Aq sa k\u00ebto [&hellip;]<\/p>\n","protected":false},"author":1,"featured_media":1687,"comment_status":"open","ping_status":"open","sticky":false,"template":"","format":"standard","meta":{"_seopress_robots_primary_cat":"","_seopress_titles_title":"","_seopress_titles_desc":"","_seopress_robots_index":"","footnotes":""},"categories":[12],"tags":[],"class_list":["post-7898","post","type-post","status-publish","format-standard","has-post-thumbnail","hentry","category-opinione"],"_links":{"self":[{"href":"https:\/\/ulqini-online.com\/sajti\/index.php?rest_route=\/wp\/v2\/posts\/7898","targetHints":{"allow":["GET"]}}],"collection":[{"href":"https:\/\/ulqini-online.com\/sajti\/index.php?rest_route=\/wp\/v2\/posts"}],"about":[{"href":"https:\/\/ulqini-online.com\/sajti\/index.php?rest_route=\/wp\/v2\/types\/post"}],"author":[{"embeddable":true,"href":"https:\/\/ulqini-online.com\/sajti\/index.php?rest_route=\/wp\/v2\/users\/1"}],"replies":[{"embeddable":true,"href":"https:\/\/ulqini-online.com\/sajti\/index.php?rest_route=%2Fwp%2Fv2%2Fcomments&post=7898"}],"version-history":[{"count":1,"href":"https:\/\/ulqini-online.com\/sajti\/index.php?rest_route=\/wp\/v2\/posts\/7898\/revisions"}],"predecessor-version":[{"id":7899,"href":"https:\/\/ulqini-online.com\/sajti\/index.php?rest_route=\/wp\/v2\/posts\/7898\/revisions\/7899"}],"wp:featuredmedia":[{"embeddable":true,"href":"https:\/\/ulqini-online.com\/sajti\/index.php?rest_route=\/wp\/v2\/media\/1687"}],"wp:attachment":[{"href":"https:\/\/ulqini-online.com\/sajti\/index.php?rest_route=%2Fwp%2Fv2%2Fmedia&parent=7898"}],"wp:term":[{"taxonomy":"category","embeddable":true,"href":"https:\/\/ulqini-online.com\/sajti\/index.php?rest_route=%2Fwp%2Fv2%2Fcategories&post=7898"},{"taxonomy":"post_tag","embeddable":true,"href":"https:\/\/ulqini-online.com\/sajti\/index.php?rest_route=%2Fwp%2Fv2%2Ftags&post=7898"}],"curies":[{"name":"wp","href":"https:\/\/api.w.org\/{rel}","templated":true}]}}