{"id":7431,"date":"2016-01-24T23:25:26","date_gmt":"2016-01-24T22:25:26","guid":{"rendered":"http:\/\/ulqini-online.com\/sajti\/?p=7431"},"modified":"2016-01-24T23:25:26","modified_gmt":"2016-01-24T22:25:26","slug":"ulqini-era-e-panisur","status":"publish","type":"post","link":"https:\/\/ulqini-online.com\/sajti\/?p=7431","title":{"rendered":"ULQINI &#8211; Era e panisur"},"content":{"rendered":"<p><em><a href=\"https:\/\/ulqini-online.com\/sajti\/wp-content\/uploads\/2015\/08\/argezon-sulejmani.jpg\" rel=\"attachment wp-att-5461\"><img loading=\"lazy\" decoding=\"async\" class=\"size-medium wp-image-5461 alignleft\" src=\"https:\/\/ulqini-online.com\/sajti\/wp-content\/uploads\/2015\/08\/argezon-sulejmani-300x201.jpg\" alt=\"argezon-sulejmani\" width=\"300\" height=\"201\" srcset=\"https:\/\/ulqini-online.com\/sajti\/wp-content\/uploads\/2015\/08\/argezon-sulejmani-300x201.jpg 300w, https:\/\/ulqini-online.com\/sajti\/wp-content\/uploads\/2015\/08\/argezon-sulejmani.jpg 374w\" sizes=\"auto, (max-width: 300px) 100vw, 300px\" \/><\/a>(Me motive nga &#8220;P\u00ebrmbledhja me poezi &#8211; Ulqini&#8221;, fq. 7) <\/em><\/p>\n<p>Me t\u00eb lexuar varg\u00ebzimet q\u00eb priten n\u00eb nj\u00eb pik\u00eb t\u00eb kalt\u00ebrt, e cila b\u00ebn xheloz det e qiell, ju do t\u00eb keni marr\u00eb mij\u00ebra efekte nga shum\u00eb sy e mendje, t\u00eb cilat do t\u00eb ju ndjellin cop\u00ebzat tuaja prej Ulqini.<br \/>\nNuk do t\u00eb jeni t\u00eb par\u00ebt q\u00eb do t\u00eb befasoheni nga gjetjet brilante me pjes\u00ebzat prej Ulqini, sikurse nuk do t\u00eb mbeteni t\u00eb vet\u00ebm n\u00eb d\u00ebshmin\u00eb se, ky vend i lasht\u00eb dhe rinor, i harruar e dashuror, mistik e zem\u00ebrhapur, i shkrin\u00eb n\u00eb nj\u00eb pike t\u00eb gjitha epitetet, si\u00e7 dielli shk\u00eblqimin epik t\u00eb ves\u00ebs.<br \/>\nMe t\u00eb lexuar p\u00ebrmbledhjen ju do t\u00eb keni p\u00ebr t\u00eb th\u00ebn\u00eb(ndoshta dhe p\u00ebr t\u00eb shkruar) fjal\u00ebn tuaj p\u00ebr Ulqinin, t\u00eb path\u00ebn\u00ebn fjal\u00eb, t\u00eb pagjetur\u00ebn histori, t\u00eb fshehur\u00ebn ve\u00e7ori, t\u00eb nd\u00ebrbaltur\u00ebn shpres\u00eb.<\/p>\n<p>P\u00ebrmbledhja me poezi &#8220;Ulqini&#8221; \u00ebsht\u00eb nj\u00eb fakt i rradh\u00ebs q\u00eb ky em\u00ebr p\u00ebrb\u00ebn n\u00eb jet\u00eb e flet\u00eb unitet dhe unifikim. Marrur si tablo q\u00eb kamalec\u00ebt i zhyt\u00eb n\u00eb zall\u00eb, kurse gjoksin u\u2019a hap\u00eb ngjyrave t\u00eb secilit dashamir\u00eb, Ulqini edhe k\u00ebsaj here(si\u00e7 gjithher\u00eb) b\u00ebn tok bashk\u00ebkombas nga e mbar\u00eb etnogjeografia, m\u00ebrgimtar\u00eb e vendas, rinosh\u00eb e matur\u00eb; i lidh\u00eb n\u00eb mes t\u00eb dy kopertinave t\u00eb kaluar\u00ebn dhe t\u00eb ardhmen, legjend\u00ebn e d\u00ebshmin\u00eb, tendenc\u00ebn e dashurin\u00eb, t\u00eb korbat dit\u00eb e pend\u00eblbardh\u00ebt horizonte.<\/p>\n<p>Nga p\u00ebrmbledhja, Ulqini vie tejet origjinal. Nj\u00eb xhamadan q\u00eb i b\u00ebn secilit kraharor\u00eb, q\u00eb nuk i b\u00ebhet r\u00ebnd\u00eb asnj\u00eb stine, q\u00eb fsheh me delikates\u00eb p\u00ebrqafjet e para, q\u00eb \u00e7on n\u00eb &#8220;m\u00ebkat&#8221; sy-m\u00eb-syt\u00eb, q\u00eb nd\u00ebrthur\u00eb folen\u00eb e p\u00ebrmallimit, q\u00eb i b\u00ebn prej r\u00ebr\u00eb hapat e brezit t\u00eb tret\u00eb, q\u00eb me zogjt\u00eb e bregdetit p\u00ebrcjell\u00eb ngroht\u00ebsi tej kufinjve t\u00eb t\u00eb gjitha ngjyrave, q\u00eb nxit\u00eb deri n\u00eb t\u00eb fikt\u00eb penat e mprehura n\u00eb mbar\u00ebbot\u00eb.<\/p>\n<p>Ve\u00e7oj vargun: \u201cEra duket se ka mbetur diku e panisur&#8230;\u201d<br \/>\np\u00ebr t\u00eb marr\u00eb shkas t\u00eb gjej shteg q\u00eb do t\u00eb mund t&#8217;i b\u00ebhet der\u00eb er\u00ebs q\u00eb shum\u00ebpritet t\u00eb vij, frym\u00ebs q\u00eb do t\u00eb flluskoj\u00eb mushk\u00ebrit\u00eb e ndrydhura, drit\u00ebs q\u00eb do t\u00eb qorroj\u00eb mendjet e mbyllura.<br \/>\nKushtrim t&#8217;u b\u00ebhem penave t\u00eb vlera, q\u00eb fjal\u00eb e goj\u00ebve t\u00eb liga t\u00eb mos p\u00ebrb\u00ebj\u00eb asz\u00eb.<br \/>\nPo, ti!? Mos b\u00ebj sikur s\u00eb paku nj\u00eb her\u00eb n\u00eb jet\u00eb s\u2019i ke k\u00ebnduar Ulqinit.<\/p>\n<p><em>Ulqin, 2015. <\/em><br \/>\n<em>Arg\u00ebzon Sulejmani<\/em><\/p>\n","protected":false},"excerpt":{"rendered":"<p>(Me motive nga &#8220;P\u00ebrmbledhja me poezi &#8211; Ulqini&#8221;, fq. 7) Me t\u00eb lexuar varg\u00ebzimet q\u00eb priten n\u00eb nj\u00eb pik\u00eb t\u00eb kalt\u00ebrt, e cila b\u00ebn xheloz det e qiell, ju do t\u00eb keni marr\u00eb mij\u00ebra efekte nga shum\u00eb sy e mendje, t\u00eb cilat do t\u00eb ju ndjellin cop\u00ebzat tuaja prej Ulqini. Nuk do t\u00eb jeni t\u00eb [&hellip;]<\/p>\n","protected":false},"author":1,"featured_media":5461,"comment_status":"open","ping_status":"open","sticky":false,"template":"","format":"standard","meta":{"_seopress_robots_primary_cat":"","_seopress_titles_title":"","_seopress_titles_desc":"","_seopress_robots_index":"","footnotes":""},"categories":[6],"tags":[],"class_list":["post-7431","post","type-post","status-publish","format-standard","has-post-thumbnail","hentry","category-kulture"],"_links":{"self":[{"href":"https:\/\/ulqini-online.com\/sajti\/index.php?rest_route=\/wp\/v2\/posts\/7431","targetHints":{"allow":["GET"]}}],"collection":[{"href":"https:\/\/ulqini-online.com\/sajti\/index.php?rest_route=\/wp\/v2\/posts"}],"about":[{"href":"https:\/\/ulqini-online.com\/sajti\/index.php?rest_route=\/wp\/v2\/types\/post"}],"author":[{"embeddable":true,"href":"https:\/\/ulqini-online.com\/sajti\/index.php?rest_route=\/wp\/v2\/users\/1"}],"replies":[{"embeddable":true,"href":"https:\/\/ulqini-online.com\/sajti\/index.php?rest_route=%2Fwp%2Fv2%2Fcomments&post=7431"}],"version-history":[{"count":1,"href":"https:\/\/ulqini-online.com\/sajti\/index.php?rest_route=\/wp\/v2\/posts\/7431\/revisions"}],"predecessor-version":[{"id":7432,"href":"https:\/\/ulqini-online.com\/sajti\/index.php?rest_route=\/wp\/v2\/posts\/7431\/revisions\/7432"}],"wp:featuredmedia":[{"embeddable":true,"href":"https:\/\/ulqini-online.com\/sajti\/index.php?rest_route=\/wp\/v2\/media\/5461"}],"wp:attachment":[{"href":"https:\/\/ulqini-online.com\/sajti\/index.php?rest_route=%2Fwp%2Fv2%2Fmedia&parent=7431"}],"wp:term":[{"taxonomy":"category","embeddable":true,"href":"https:\/\/ulqini-online.com\/sajti\/index.php?rest_route=%2Fwp%2Fv2%2Fcategories&post=7431"},{"taxonomy":"post_tag","embeddable":true,"href":"https:\/\/ulqini-online.com\/sajti\/index.php?rest_route=%2Fwp%2Fv2%2Ftags&post=7431"}],"curies":[{"name":"wp","href":"https:\/\/api.w.org\/{rel}","templated":true}]}}