{"id":711,"date":"2014-12-12T19:40:57","date_gmt":"2014-12-12T18:40:57","guid":{"rendered":"http:\/\/ulqini-online.com\/sajti\/?p=711"},"modified":"2014-12-12T19:40:57","modified_gmt":"2014-12-12T18:40:57","slug":"alldin-zhygjeli-ne-gjysmefinale-te-festivalit-kenga-magjike-2014-video","status":"publish","type":"post","link":"https:\/\/ulqini-online.com\/sajti\/?p=711","title":{"rendered":"Alldin Zhygjeli n\u00eb gjysm\u00ebfinale t\u00eb Festivalit  \u201c K\u00ebnga Magjike 2014\u201d (video)"},"content":{"rendered":"<p><a href=\"https:\/\/ulqini-online.com\/sajti\/wp-content\/uploads\/2014\/12\/Alldin-zhygjeli.jpg\"><img loading=\"lazy\" decoding=\"async\" class=\"size-medium wp-image-712 alignleft\" src=\"https:\/\/ulqini-online.com\/sajti\/wp-content\/uploads\/2014\/12\/Alldin-zhygjeli-300x219.jpg\" alt=\"Alldin-zhygjeli\" width=\"300\" height=\"219\" srcset=\"https:\/\/ulqini-online.com\/sajti\/wp-content\/uploads\/2014\/12\/Alldin-zhygjeli-300x219.jpg 300w, https:\/\/ulqini-online.com\/sajti\/wp-content\/uploads\/2014\/12\/Alldin-zhygjeli.jpg 500w\" sizes=\"auto, (max-width: 300px) 100vw, 300px\" \/><\/a>Shkruan: Gj. Gjonaj.<br \/>\nMbr\u00ebm\u00eb\u00a0 n\u00eb Tiran\u00eb filloi\u00a0\u00a0\u00a0 edicioni i gjasht\u00ebmb\u00ebdhjet\u00eb i Festivalit m\u00eb t\u00eb\u00a0 madh t\u00eb muzik\u00ebs moderne shqiptare \u201c K\u00ebnga magjike 2014\u201d\u00a0 N\u00eb nat\u00ebn e par\u00eb gjysm\u00ebfinale u prezentuan emra t\u00eb njohur t\u00eb muzik\u00ebs shqipe nga Shqip\u00ebria, Kosova\u00a0 dhe Maqedonia. Nd\u00ebrkaq,\u00a0 sonte n\u00eb nat\u00ebn e dyt\u00eb\u00a0 gjysm\u00ebfinale t\u00eb k\u00ebtij spektakli , n\u00eb k\u00ebt\u00eb sken\u00eb\u00a0 do t\u00eb ngjitet p\u00ebr her\u00eb t\u00eb par\u00eb k\u00ebng\u00ebtari i ri, i talentuar nga Ulqini\u00a0 Alldin Zhygjeli. Ai\u00a0 me z\u00ebrin e tij\u00a0\u00a0 t\u00eb ve\u00e7ant\u00eb dhe premtues me grupin muzikor\u00a0 \u201c Burn\u201d nga Tirana do t\u00eb\u00a0 performoj\u00eb\u00a0 k\u00ebng\u00ebn \u201c Koh\u00ebn do ta ktheja pas\u201d, kompozim i an\u00ebtar\u00ebve t\u00eb grupit.\u00a0 Dalja p\u00ebr her\u00eb t\u00eb par\u00eb e Zhygjelit\u00a0\u00a0 n\u00eb k\u00ebt\u00eb sken\u00eb magjike do t\u00eb jet\u00eb nj\u00eb p\u00ebrjetim\u00a0\u00a0 emocional tep\u00ebr i ve\u00e7ant\u00eb dhe mbres\u00ebl\u00ebn\u00ebs p\u00ebr k\u00ebt\u00eb k\u00ebng\u00ebtar simpatik, i cili\u00a0 i ka fansat e vet jo vet\u00ebm n\u00eb Ulqin, por edhe n\u00eb qytete tjera n\u00eb hap\u00ebsir\u00ebn mbar\u00ebshqiptare.<\/p>\n<p>Alldin Zhygjeli\u00a0 ka studiuar tet\u00eb vjet p\u00ebr kitar\u00eb dhe \u00ebsht\u00eb rritur me dashurin\u00eb p\u00ebr muzik\u00ebn\u00a0 n\u00eb nj\u00eb familje me tradit\u00eb muzikore. Studion arkitektur\u00ebn n\u00eb kryeqytetin e Shqip\u00ebris\u00eb.<\/p>\n<p>Festivali \u201c K\u00ebnga magjike 2014\u201d do t\u00eb mbyll siparin e tij nes\u00ebr mbr\u00ebma, kur edhe do t\u00eb mbahet\u00a0 nata\u00a0 finale.<\/p>\n<p>&nbsp;<\/p>\n<p><object style=\"width: 450px; height: 366px;\" data=\"http:\/\/www.youtube.com\/v\/JAIYgKzYkTY?color2=FBE9EC&amp;version=3\" type=\"application\/x-shockwave-flash\" width=\"300\" height=\"150\"><param name=\"movie\" value=\"http:\/\/www.youtube.com\/v\/JAIYgKzYkTY?color2=FBE9EC&amp;version=3\" \/><param name=\"allowFullScreen\" value=\"true\" \/><param name=\"allowscriptaccess\" value=\"always\" \/><\/object><\/p>\n<div style=\"font-size: 0.8em;\"><\/div>\n","protected":false},"excerpt":{"rendered":"<p>Shkruan: Gj. Gjonaj. Mbr\u00ebm\u00eb\u00a0 n\u00eb Tiran\u00eb filloi\u00a0\u00a0\u00a0 edicioni i gjasht\u00ebmb\u00ebdhjet\u00eb i Festivalit m\u00eb t\u00eb\u00a0 madh t\u00eb muzik\u00ebs moderne shqiptare \u201c K\u00ebnga magjike 2014\u201d\u00a0 N\u00eb nat\u00ebn e par\u00eb gjysm\u00ebfinale u prezentuan emra t\u00eb njohur t\u00eb muzik\u00ebs shqipe nga Shqip\u00ebria, Kosova\u00a0 dhe Maqedonia. Nd\u00ebrkaq,\u00a0 sonte n\u00eb nat\u00ebn e dyt\u00eb\u00a0 gjysm\u00ebfinale t\u00eb k\u00ebtij spektakli , n\u00eb k\u00ebt\u00eb sken\u00eb\u00a0 [&hellip;]<\/p>\n","protected":false},"author":1,"featured_media":712,"comment_status":"open","ping_status":"open","sticky":false,"template":"","format":"standard","meta":{"_seopress_robots_primary_cat":"","_seopress_titles_title":"","_seopress_titles_desc":"","_seopress_robots_index":"","footnotes":""},"categories":[6],"tags":[],"class_list":["post-711","post","type-post","status-publish","format-standard","has-post-thumbnail","hentry","category-kulture"],"_links":{"self":[{"href":"https:\/\/ulqini-online.com\/sajti\/index.php?rest_route=\/wp\/v2\/posts\/711","targetHints":{"allow":["GET"]}}],"collection":[{"href":"https:\/\/ulqini-online.com\/sajti\/index.php?rest_route=\/wp\/v2\/posts"}],"about":[{"href":"https:\/\/ulqini-online.com\/sajti\/index.php?rest_route=\/wp\/v2\/types\/post"}],"author":[{"embeddable":true,"href":"https:\/\/ulqini-online.com\/sajti\/index.php?rest_route=\/wp\/v2\/users\/1"}],"replies":[{"embeddable":true,"href":"https:\/\/ulqini-online.com\/sajti\/index.php?rest_route=%2Fwp%2Fv2%2Fcomments&post=711"}],"version-history":[{"count":1,"href":"https:\/\/ulqini-online.com\/sajti\/index.php?rest_route=\/wp\/v2\/posts\/711\/revisions"}],"predecessor-version":[{"id":713,"href":"https:\/\/ulqini-online.com\/sajti\/index.php?rest_route=\/wp\/v2\/posts\/711\/revisions\/713"}],"wp:featuredmedia":[{"embeddable":true,"href":"https:\/\/ulqini-online.com\/sajti\/index.php?rest_route=\/wp\/v2\/media\/712"}],"wp:attachment":[{"href":"https:\/\/ulqini-online.com\/sajti\/index.php?rest_route=%2Fwp%2Fv2%2Fmedia&parent=711"}],"wp:term":[{"taxonomy":"category","embeddable":true,"href":"https:\/\/ulqini-online.com\/sajti\/index.php?rest_route=%2Fwp%2Fv2%2Fcategories&post=711"},{"taxonomy":"post_tag","embeddable":true,"href":"https:\/\/ulqini-online.com\/sajti\/index.php?rest_route=%2Fwp%2Fv2%2Ftags&post=711"}],"curies":[{"name":"wp","href":"https:\/\/api.w.org\/{rel}","templated":true}]}}