{"id":5911,"date":"2015-10-03T16:00:19","date_gmt":"2015-10-03T14:00:19","guid":{"rendered":"http:\/\/ulqini-online.com\/sajti\/?p=5911"},"modified":"2015-10-03T16:00:19","modified_gmt":"2015-10-03T14:00:19","slug":"mali-i-zi-ben-gati-kamp-per-refugjate-nje-pjese-e-tyre-pritet-te-vendosen-ne-zogaj-te-ulqinit","status":"publish","type":"post","link":"https:\/\/ulqini-online.com\/sajti\/?p=5911","title":{"rendered":"Mali i Zi b\u00ebn gati kamp p\u00ebr refugjat\u00eb, nj\u00eb pjes\u00eb e tyre pritet t\u00eb vendosen n\u00eb Zogaj t\u00eb Ulqinit"},"content":{"rendered":"<p><a href=\"https:\/\/ulqini-online.com\/sajti\/wp-content\/uploads\/2015\/10\/kamp-zogaj-ulqin.jpg\"><img loading=\"lazy\" decoding=\"async\" class=\"size-medium wp-image-5912 alignleft\" src=\"https:\/\/ulqini-online.com\/sajti\/wp-content\/uploads\/2015\/10\/kamp-zogaj-ulqin-300x169.jpg\" alt=\"kamp-zogaj-ulqin\" width=\"300\" height=\"169\" srcset=\"https:\/\/ulqini-online.com\/sajti\/wp-content\/uploads\/2015\/10\/kamp-zogaj-ulqin-300x169.jpg 300w, https:\/\/ulqini-online.com\/sajti\/wp-content\/uploads\/2015\/10\/kamp-zogaj-ulqin.jpg 356w\" sizes=\"auto, (max-width: 300px) 100vw, 300px\" \/><\/a>Podgoric\u00eb, 2 tetor &#8211; Mali i Zi po b\u00ebhet gati p\u00ebr ardhjen mundshme t\u00eb refugjat\u00ebve nga Lindja e Af\u00ebrt. Mbyllja e kufirit nga ana e Hungaris\u00eb dhe Kroacis\u00eb n\u00eb drejtim t\u00eb Serbis\u00eb mund t\u00eb sjell\u00eb deri tek ndryshimi i rrug\u00ebs n\u00ebp\u00ebrmjet s\u00eb cil\u00ebs refugjat\u00ebt nga Lindja e Af\u00ebrt d\u00ebshirojn\u00eb t\u00eb arrijn\u00eb n\u00eb vendet e Bashkimit Europian.<\/p>\n<p>N\u00eb k\u00ebt\u00eb rast, n\u00ebp\u00ebrmjet Malit t\u00eb Zi do t\u00eb udh\u00ebtohet drejt Kroacis\u00eb, ndaj autoritetet malazeze kan\u00eb nd\u00ebrmarr\u00eb hapat e par\u00eb, p\u00ebr t\u00eb qen\u00eb t\u00eb p\u00ebrgatitur n\u00eb pritjen e fluksit eventual t\u00eb refugjat\u00ebve.<\/p>\n<p>Pasi Qeveria e Malit t\u00eb Zi formoi ekipin operativ p\u00ebr ndjekjen e situat\u00ebs n\u00eb lidhje me ardhjen eventuale t\u00eb refugjat\u00ebve, n\u00eb terren kan\u00eb filluar punimet konkrete. N\u00eb af\u00ebrsi t\u00eb vendkalimit kufitar Bozhaj, i cili nga Mali i Zi \u00e7on p\u00ebr n\u00eb Shqip\u00ebri, n\u00eb vendin Gjiri Nikine, ka filluar rregullimi i hap\u00ebsir\u00ebs ku n\u00eb rast t\u00eb val\u00ebs s\u00eb refugjat\u00ebve do t\u00eb nd\u00ebrtohet nj\u00eb kamp me tenda.<\/p>\n<p>Vendi i Gjirit Nikine \u00ebsht\u00eb larg Podgoric\u00ebs m\u00eb shum\u00eb se 20 kilometra, nd\u00ebrsa nga vendkalimi kufitar Bozhaj rreth tre kilometra. Duke pasur parasysh se vendi i zgjedhur i cili ndodhet n\u00eb af\u00ebrsi t\u00eb kufirit me Shqip\u00ebrin\u00eb, pritet q\u00eb refugjat\u00ebt n\u00eb Mal t\u00eb Zi t\u00eb vijn\u00eb nga drejtimi i k\u00ebtij vendi. N\u00eb zon\u00ebn e cila \u00ebsht\u00eb zgjedhur si kamp p\u00ebr refugjat\u00ebt e ardhsh\u00ebm ve\u00e7 m\u00eb ka filluar t\u00eb rregullohet hap\u00ebsira. Rruga e cila \u00e7on deri n\u00eb k\u00ebt\u00eb vend \u00ebsht\u00eb pastruar, nd\u00ebrsa n\u00eb fushat e gjera jan\u00eb vendosur shtylla me reflektor\u00eb.<\/p>\n<p>Gjithashtu, \u00ebsht\u00eb b\u00ebr\u00eb tamponimi i nj\u00eb pjese t\u00eb rrug\u00ebs q\u00eb automjetet dhe autobus\u00ebt lirsh\u00ebm t\u00eb arrijn\u00eb deri n\u00eb k\u00ebt\u00eb vend. Objekti i braktisur i cili ndodhet n\u00eb zon\u00ebn ku do t\u00eb nd\u00ebrtohet kampi i refugjat\u00ebve do t\u00eb rikonstruktohet dhe shfryt\u00ebzohet p\u00ebr nevojat e refugjat\u00ebve.<\/p>\n<p>Ministrja e Pun\u00ebs dhe Mir\u00ebqenies Sociale t\u00eb Malit t\u00eb Zi, Zorica Kova\u00e7eviq ka th\u00ebn\u00eb n\u00eb nj\u00eb deklarat\u00eb p\u00ebr Anadolu Agency (AA) se pritet q\u00eb n\u00ebp\u00ebrmjet Malit t\u00eb Zi do t\u00eb mund t\u00eb kalojn\u00eb rreth 2.000 refugjat\u00eb n\u00eb dit\u00eb.<\/p>\n<p>&#8220;\u00cbsht\u00eb r\u00ebnd\u00eb t\u00eb parashikohet se sa emigrant\u00eb mund t\u00eb pranoj\u00eb Mali i Zi, nd\u00ebrsa ne parashohim se Mali i Zi do t\u00eb jet\u00eb vend transit n\u00eb rrug\u00ebtimin e tyre drejt Evrop\u00ebs Per\u00ebndimore. At\u00eb q\u00eb kemi marr\u00eb p\u00ebr baz\u00eb \u00ebsht\u00eb se n\u00ebp\u00ebrmjet Malit t\u00eb Zi mund t\u00eb kalojn\u00eb rreth 2.000 emigrant\u00eb n\u00eb dit\u00eb si transit. Detyra jon\u00eb \u00ebsht\u00eb q\u00eb pasi ti pranojm\u00eb n\u00eb Mal t\u00eb Zi do t\u00eb b\u00ebjm\u00eb gjith\u00e7ka q\u00eb t&#8217;iu sigurojm\u00eb transport deri n\u00eb vendin e d\u00ebshiruar&#8221;, ka th\u00ebn\u00eb Kova\u00e7eviq.<\/p>\n<p>Kur b\u00ebhet fjal\u00eb p\u00ebr vendosjen e refugjat\u00ebve n\u00eb Mal t\u00eb Zi, Qendra p\u00ebr Azilk\u00ebrkuesit ka 80 vende, qendra p\u00ebr pranimin e t\u00eb huajve ka 50 vende dhe Qendra publike &#8220;Ljuboviq&#8221; 25 vende, q\u00eb gjithsej jan\u00eb 155 vende n\u00eb dispozicion. Nga Qeveria e Malit t\u00eb Zi kan\u00eb b\u00ebr\u00eb t\u00eb ditur se me adaptimin e objekteve t\u00eb policis\u00eb n\u00eb Podgoric\u00eb dhe Zogaj af\u00ebr Ulqinit do t\u00eb sigurohen rreth 500 vende.<\/p>\n<p>Ministrja Kova\u00e7eviq theksoi se n\u00eb k\u00ebt\u00eb moment Qeveria e Malit t\u00eb Zi nuk ka marr\u00eb asnj\u00eb lloj informacioni se refugjat\u00ebt jan\u00eb nisur n\u00eb drejtim t\u00eb Malit t\u00eb Zi.<\/p>\n<p>Ministria e Pun\u00ebs dhe Mir\u00ebqenies Sociale e Malit t\u00eb Zi, Kryqi i Kuq dhe ushtria do t\u00eb angazhojn\u00eb rreth 600 persona n\u00eb p\u00ebrkujdesin ndaj refugjat\u00ebve.\/Koha Net\/<\/p>\n","protected":false},"excerpt":{"rendered":"<p>Podgoric\u00eb, 2 tetor &#8211; Mali i Zi po b\u00ebhet gati p\u00ebr ardhjen mundshme t\u00eb refugjat\u00ebve nga Lindja e Af\u00ebrt. Mbyllja e kufirit nga ana e Hungaris\u00eb dhe Kroacis\u00eb n\u00eb drejtim t\u00eb Serbis\u00eb mund t\u00eb sjell\u00eb deri tek ndryshimi i rrug\u00ebs n\u00ebp\u00ebrmjet s\u00eb cil\u00ebs refugjat\u00ebt nga Lindja e Af\u00ebrt d\u00ebshirojn\u00eb t\u00eb arrijn\u00eb n\u00eb vendet e Bashkimit [&hellip;]<\/p>\n","protected":false},"author":1,"featured_media":5912,"comment_status":"open","ping_status":"open","sticky":false,"template":"","format":"standard","meta":{"_seopress_robots_primary_cat":"","_seopress_titles_title":"","_seopress_titles_desc":"","_seopress_robots_index":"","footnotes":""},"categories":[2,4],"tags":[],"class_list":["post-5911","post","type-post","status-publish","format-standard","has-post-thumbnail","hentry","category-aktualitet","category-kronike"],"_links":{"self":[{"href":"https:\/\/ulqini-online.com\/sajti\/index.php?rest_route=\/wp\/v2\/posts\/5911","targetHints":{"allow":["GET"]}}],"collection":[{"href":"https:\/\/ulqini-online.com\/sajti\/index.php?rest_route=\/wp\/v2\/posts"}],"about":[{"href":"https:\/\/ulqini-online.com\/sajti\/index.php?rest_route=\/wp\/v2\/types\/post"}],"author":[{"embeddable":true,"href":"https:\/\/ulqini-online.com\/sajti\/index.php?rest_route=\/wp\/v2\/users\/1"}],"replies":[{"embeddable":true,"href":"https:\/\/ulqini-online.com\/sajti\/index.php?rest_route=%2Fwp%2Fv2%2Fcomments&post=5911"}],"version-history":[{"count":1,"href":"https:\/\/ulqini-online.com\/sajti\/index.php?rest_route=\/wp\/v2\/posts\/5911\/revisions"}],"predecessor-version":[{"id":5913,"href":"https:\/\/ulqini-online.com\/sajti\/index.php?rest_route=\/wp\/v2\/posts\/5911\/revisions\/5913"}],"wp:featuredmedia":[{"embeddable":true,"href":"https:\/\/ulqini-online.com\/sajti\/index.php?rest_route=\/wp\/v2\/media\/5912"}],"wp:attachment":[{"href":"https:\/\/ulqini-online.com\/sajti\/index.php?rest_route=%2Fwp%2Fv2%2Fmedia&parent=5911"}],"wp:term":[{"taxonomy":"category","embeddable":true,"href":"https:\/\/ulqini-online.com\/sajti\/index.php?rest_route=%2Fwp%2Fv2%2Fcategories&post=5911"},{"taxonomy":"post_tag","embeddable":true,"href":"https:\/\/ulqini-online.com\/sajti\/index.php?rest_route=%2Fwp%2Fv2%2Ftags&post=5911"}],"curies":[{"name":"wp","href":"https:\/\/api.w.org\/{rel}","templated":true}]}}