{"id":5872,"date":"2015-09-29T17:53:45","date_gmt":"2015-09-29T15:53:45","guid":{"rendered":"http:\/\/ulqini-online.com\/sajti\/?p=5872"},"modified":"2015-09-29T17:53:45","modified_gmt":"2015-09-29T15:53:45","slug":"proteste-ne-nju-jork-per-diskriminimin-e-shqiptareve-ne-mal-te-zi","status":"publish","type":"post","link":"https:\/\/ulqini-online.com\/sajti\/?p=5872","title":{"rendered":"Protest\u00eb n\u00eb Nju Jork p\u00ebr Diskriminimin e Shqiptar\u00ebve n\u00eb Mal t\u00eb Zi"},"content":{"rendered":"<p><a href=\"https:\/\/ulqini-online.com\/sajti\/wp-content\/uploads\/2015\/09\/proteste-nju-jork-kunder-diskriminimit-te-shqiptareve-mal-te-zi.jpg\"><img loading=\"lazy\" decoding=\"async\" class=\"size-medium wp-image-5873 alignleft\" src=\"https:\/\/ulqini-online.com\/sajti\/wp-content\/uploads\/2015\/09\/proteste-nju-jork-kunder-diskriminimit-te-shqiptareve-mal-te-zi-300x201.jpg\" alt=\"proteste-nju-jork-kunder-diskriminimit-te-shqiptareve-mal-te-zi\" width=\"300\" height=\"201\" srcset=\"https:\/\/ulqini-online.com\/sajti\/wp-content\/uploads\/2015\/09\/proteste-nju-jork-kunder-diskriminimit-te-shqiptareve-mal-te-zi-300x201.jpg 300w, https:\/\/ulqini-online.com\/sajti\/wp-content\/uploads\/2015\/09\/proteste-nju-jork-kunder-diskriminimit-te-shqiptareve-mal-te-zi.jpg 576w\" sizes=\"auto, (max-width: 300px) 100vw, 300px\" \/><\/a>OKB- NJU JORK : Raporti i fundit i Departamentit t\u00eb shtetit Amerikan, mbi t\u00eb drejtat e njeriut, i cili konfirmoi at\u00eb se Shqiptar\u00ebt, po e p\u00ebrjetojn\u00eb p\u00ebr nj\u00eb koh\u00eb t\u00eb gjat\u00eb, diskriminim dhe trajtimin e pabarabart\u00eb dhe verifikon trajtimin e Shqiptareve si qytetar t\u00eb r\u00ebndit t\u00eb dyt\u00eb n\u00eb shtetin e Malit t\u00eb Zi &#8211; ka detyruar shqiptaret e Amerikes te dalin ne protest\u00eb.<\/p>\n<p>Burime t\u00eb sigurta konfirmojn\u00eb se ky lajm ka shtyr\u00eb shoqat\u00ebn \u201cMal\u00ebsia e Madhe\u201d n\u00eb Detroit me p\u00ebrkrahjen e shumic\u00ebs s\u00eb shoqatave dhe aktivisteve komb\u00ebtar t\u00eb diaspor\u00ebs shqiptare n\u00eb Sh.B.A, q\u00eb t\u00eb zhvillojn\u00eb nj\u00eb protest\u00eb me rastin e paraqitjes s\u00eb delegacionit Malazez, n\u00eb takimet vjetore q\u00eb zhvillohen n\u00eb Kombet e Bashkuara n\u00eb Nju Jork, ne kuadrin e Sesionit te 70-te te Asamblese se Pergjithshme te Kombeve te Bashkauar.<\/p>\n<p>Protesta do t\u00eb organizohet dit\u00ebn e fjalimit t\u00eb kryministrit t\u00eb Malit t\u00eb Zi, t\u00eb enjten me 1 tetor, duke filluar nga ora 11 dhe do t\u00eb vazhdoj\u00eb deri n\u00eb 12:30 para konsullat\u00ebs Malazeze.<\/p>\n<p>Si\u00e7 njoftojn portalet shqiptare, protesta do t\u00eb zhvendoset nga ora 13:00 deri n\u00eb 16:00 pran\u00eb selis s\u00eb organizat\u00ebs s\u00eb kombeve t\u00eb bashkuara (OKB).<br \/>\nKurse, Shoqata \u201cMal\u00ebsia e Madhe\u201d u b\u00ebn\u00eb thirrje komuniteteve shqiptare n\u00eb diaspor\u00eb t\u00eb Amerik\u00ebs q\u00eb t\u2019iu bashk\u00ebngjit\u00ebn, t\u00eb p\u00ebrkrahin dhe t\u00eb marrin pjes\u00eb sa ma shum\u00eb n\u00eb k\u00ebt\u00eb protest\u00eb.<\/p>\n<p>Motoja e protestes do te jete : \u201cLe ti p\u00ebrkrahim aspiratat e v\u00ebllez\u00ebrve dhe motrave tona n\u00eb vendlindje p\u00ebr t\u00eb drejtat e tyre t\u00eb barabarta n\u00eb Mal t\u00eb Zi\u201d, thuhet n\u00eb thirrjen e shoqat\u00ebs.\/Beqir SINA\/<\/p>\n","protected":false},"excerpt":{"rendered":"<p>OKB- NJU JORK : Raporti i fundit i Departamentit t\u00eb shtetit Amerikan, mbi t\u00eb drejtat e njeriut, i cili konfirmoi at\u00eb se Shqiptar\u00ebt, po e p\u00ebrjetojn\u00eb p\u00ebr nj\u00eb koh\u00eb t\u00eb gjat\u00eb, diskriminim dhe trajtimin e pabarabart\u00eb dhe verifikon trajtimin e Shqiptareve si qytetar t\u00eb r\u00ebndit t\u00eb dyt\u00eb n\u00eb shtetin e Malit t\u00eb Zi &#8211; ka [&hellip;]<\/p>\n","protected":false},"author":1,"featured_media":5873,"comment_status":"open","ping_status":"open","sticky":false,"template":"","format":"standard","meta":{"_seopress_robots_primary_cat":"","_seopress_titles_title":"","_seopress_titles_desc":"","_seopress_robots_index":"","footnotes":""},"categories":[2,5],"tags":[],"class_list":["post-5872","post","type-post","status-publish","format-standard","has-post-thumbnail","hentry","category-aktualitet","category-diaspora"],"_links":{"self":[{"href":"https:\/\/ulqini-online.com\/sajti\/index.php?rest_route=\/wp\/v2\/posts\/5872","targetHints":{"allow":["GET"]}}],"collection":[{"href":"https:\/\/ulqini-online.com\/sajti\/index.php?rest_route=\/wp\/v2\/posts"}],"about":[{"href":"https:\/\/ulqini-online.com\/sajti\/index.php?rest_route=\/wp\/v2\/types\/post"}],"author":[{"embeddable":true,"href":"https:\/\/ulqini-online.com\/sajti\/index.php?rest_route=\/wp\/v2\/users\/1"}],"replies":[{"embeddable":true,"href":"https:\/\/ulqini-online.com\/sajti\/index.php?rest_route=%2Fwp%2Fv2%2Fcomments&post=5872"}],"version-history":[{"count":1,"href":"https:\/\/ulqini-online.com\/sajti\/index.php?rest_route=\/wp\/v2\/posts\/5872\/revisions"}],"predecessor-version":[{"id":5874,"href":"https:\/\/ulqini-online.com\/sajti\/index.php?rest_route=\/wp\/v2\/posts\/5872\/revisions\/5874"}],"wp:featuredmedia":[{"embeddable":true,"href":"https:\/\/ulqini-online.com\/sajti\/index.php?rest_route=\/wp\/v2\/media\/5873"}],"wp:attachment":[{"href":"https:\/\/ulqini-online.com\/sajti\/index.php?rest_route=%2Fwp%2Fv2%2Fmedia&parent=5872"}],"wp:term":[{"taxonomy":"category","embeddable":true,"href":"https:\/\/ulqini-online.com\/sajti\/index.php?rest_route=%2Fwp%2Fv2%2Fcategories&post=5872"},{"taxonomy":"post_tag","embeddable":true,"href":"https:\/\/ulqini-online.com\/sajti\/index.php?rest_route=%2Fwp%2Fv2%2Ftags&post=5872"}],"curies":[{"name":"wp","href":"https:\/\/api.w.org\/{rel}","templated":true}]}}