{"id":5613,"date":"2015-09-08T23:13:29","date_gmt":"2015-09-08T21:13:29","guid":{"rendered":"http:\/\/ulqini-online.com\/sajti\/?p=5613"},"modified":"2015-09-08T23:14:43","modified_gmt":"2015-09-08T21:14:43","slug":"nje-cerek-shekulli-veprimtari-e-ld-se","status":"publish","type":"post","link":"https:\/\/ulqini-online.com\/sajti\/?p=5613","title":{"rendered":"NJ\u00cb \u00c7EREK SHEKULLI VEPRIMTARI E LD-s\u00eb"},"content":{"rendered":"<p><a href=\"https:\/\/ulqini-online.com\/sajti\/wp-content\/uploads\/2015\/09\/ld-ne-mz.jpg\"><img loading=\"lazy\" decoding=\"async\" class=\"size-full wp-image-5610 alignleft\" src=\"https:\/\/ulqini-online.com\/sajti\/wp-content\/uploads\/2015\/09\/ld-ne-mz.jpg\" alt=\"ld-ne-mz\" width=\"269\" height=\"187\" \/><\/a>T\u00eb gjith\u00eb an\u00ebtareve t\u00eb LDn\u00ebMZ, si themeluesve t\u00eb saj\u00eb, ashtu edhe atyre q\u00eb na u bashk\u00ebngjiten m\u00eb von\u00eb, u urojm\u00eb 25 vjetorin e lindjes s\u00eb subjektit t\u00eb par\u00eb politik shqiptar n\u00eb Mal t\u00eb Zi. Duke uruar k\u00ebt\u00eb p\u00ebrvjetor d\u00ebshirojm\u00eb t\u00eb p\u00ebrkujtojm\u00eb t\u00eb gjith\u00eb an\u00ebtar\u00ebt dhe p\u00ebrkrah\u00ebsit ton\u00eb, se Dega e Mal\u00ebsis\u00eb, e Plav\u00eb-Gucis\u00eb dhe e Rozhaj\u00ebs do t\u2019u mbeten besnike parimeve themeltare t\u00eb LD-s\u00eb dhe nuk do t\u00eb b\u00ebjn\u00eb kompromise t\u00eb kalbura me ask\u00ebnd. P\u00ebr k\u00ebt\u00eb arsye, k\u00ebto tri deg\u00eb edhe nuk iu bashk\u00ebngjiten festimit gjoja \u201cqendror\u201d q\u00eb e organizon ushtruesi i detyr\u00ebs s\u00eb kryetarit, bashk\u00eb me 1\/4 e partis\u00eb, konkretisht vet\u00ebm me nj\u00eb deg\u00eb, at\u00eb t\u00eb Kraj\u00ebs.<\/p>\n<p>Ky vendim i nj\u00ebansh\u00ebm i kryetarit, si edhe refuzimi konstant p\u00ebr t\u00eb mbajtur mbledhjen e kryesis\u00eb apo kuvendin e partis\u00eb, u b\u00ebn\u00eb \u201cl\u00ebkura q\u00eb fundos anien\u201d, prandaj ne vendos\u00ebm q\u00eb t\u00eb mos b\u00ebhemi pjes\u00eb e imazheve falco t\u00eb Mehmet Bardhit, por vendos\u00ebm q\u00eb manifestimin me rastin e 25 vjetorit ta b\u00ebjm\u00eb n\u00eb Tuz, n\u00eb lokalet e restorantit Verdi, m\u00eb 09. 09. 2015, n\u00eb ora 20:00.<\/p>\n<p>Pa fjalime e porosi pompoze, diktatoriale, ku t\u00eb gjith\u00eb ata q\u00eb nuk mendojn\u00eb si kreu, jan\u00eb \u201ct\u00eb kapur\u201d apo ndjekin \u201cinteresat personale\u201d, ne vet\u00ebm deklarojm\u00eb se t\u00eb k\u00ebrkosh mbajtjen e mbledhjes s\u00eb kryesis\u00eb s\u00eb partis\u00eb, para fest\u00ebs, apo edhe t\u00eb kuvendit zgjedhor, nuk \u00ebsht\u00eb ndonj\u00eb m\u00ebkat, e aq m\u00eb pak hile apo tradhti. M\u00ebkat, hile e edhe tradhti e idealeve t\u00eb cilat na bashkuan para nj\u00eb \u00e7erek shekulli, b\u00ebjn\u00eb ata t\u00eb cil\u00ebt nuk respektojn\u00eb aktet e partis\u00eb s\u00eb vet, ata q\u00eb nuk respektojn\u00eb bashk\u00ebpun\u00ebtor\u00ebt e vet, ata q\u00eb refuzojn\u00eb t\u00eb mbajn\u00eb kuvend zgjedhor p\u00ebr 15 vite, ata q\u00eb nuk japin llogari financiare p\u00ebr dy dekada. E pastaj i akuzojn\u00eb t\u00eb tjer\u00ebt p\u00ebr mbrojtje t\u00eb \u201cinteresave t\u00eb vogla personale\u201d. Natyrisht, sepse n\u00eb k\u00ebt\u00eb m\u00ebnyr\u00eb duan t\u00eb mbulojn\u00eb interesat e veta, t\u00eb m\u00ebdha. Por dielli nuk zihet me shosh\u00eb.<\/p>\n<p>T\u00eb nderuar bashkudh\u00ebtar\u00eb, duke ju uruar k\u00ebt\u00eb \u00e7erek shekulli veprimtari, ju ftojm\u00eb t\u00eb ngjeshim radh\u00ebt dhe t\u00eb m\u00ebk\u00ebmbim Lidhjen Demokratike, si subjektin e par\u00eb t\u00eb shqiptar\u00ebve n\u00eb Mal t\u00eb Zi dhe ta shp\u00ebtojm\u00eb nga fundosja q\u00eb po ia p\u00ebrgatisin ata q\u00eb ishin t\u00eb paguar, k\u00ebto 25 vite, p\u00ebr ta ruajtur. Prandaj, ne, nuk do t\u00eb lejojm\u00eb q\u00eb ushtruesi i detyr\u00ebs s\u00eb kryetarit t\u00eb LDn\u00ebMZ t\u00eb shuaj subjektin, as p\u00ebr interesa e tija t\u00eb vogla, as t\u00eb m\u00ebdha, e as p\u00ebr interesa t\u00eb zyrave q\u00eb sken\u00ebn politike t\u00eb shqiptar\u00ebve n\u00eb Mal t\u00eb Zi, e duan pa Lidhje Demokratike.<\/p>\n<p>LDn\u00ebMZ u themelua n\u00eb Tuz t\u00eb Mal\u00ebsis\u00eb s\u00eb Madhe dhe k\u00ebtu, ne tri deg\u00ebt legjitime e legale, do t\u00eb b\u00ebjm\u00eb sh\u00ebnimin e k\u00ebtij jubileu. G\u00ebzuar!<\/p>\n<p><strong>Deg\u00ebt: Mal\u00ebsi, Plav\u00eb-Guci dhe Rozhaj\u00eb<\/strong><\/p>\n","protected":false},"excerpt":{"rendered":"<p>T\u00eb gjith\u00eb an\u00ebtareve t\u00eb LDn\u00ebMZ, si themeluesve t\u00eb saj\u00eb, ashtu edhe atyre q\u00eb na u bashk\u00ebngjiten m\u00eb von\u00eb, u urojm\u00eb 25 vjetorin e lindjes s\u00eb subjektit t\u00eb par\u00eb politik shqiptar n\u00eb Mal t\u00eb Zi. Duke uruar k\u00ebt\u00eb p\u00ebrvjetor d\u00ebshirojm\u00eb t\u00eb p\u00ebrkujtojm\u00eb t\u00eb gjith\u00eb an\u00ebtar\u00ebt dhe p\u00ebrkrah\u00ebsit ton\u00eb, se Dega e Mal\u00ebsis\u00eb, e Plav\u00eb-Gucis\u00eb dhe e [&hellip;]<\/p>\n","protected":false},"author":1,"featured_media":5610,"comment_status":"open","ping_status":"open","sticky":false,"template":"","format":"standard","meta":{"_seopress_robots_primary_cat":"","_seopress_titles_title":"","_seopress_titles_desc":"","_seopress_robots_index":"","footnotes":""},"categories":[4],"tags":[],"class_list":["post-5613","post","type-post","status-publish","format-standard","has-post-thumbnail","hentry","category-kronike"],"_links":{"self":[{"href":"https:\/\/ulqini-online.com\/sajti\/index.php?rest_route=\/wp\/v2\/posts\/5613","targetHints":{"allow":["GET"]}}],"collection":[{"href":"https:\/\/ulqini-online.com\/sajti\/index.php?rest_route=\/wp\/v2\/posts"}],"about":[{"href":"https:\/\/ulqini-online.com\/sajti\/index.php?rest_route=\/wp\/v2\/types\/post"}],"author":[{"embeddable":true,"href":"https:\/\/ulqini-online.com\/sajti\/index.php?rest_route=\/wp\/v2\/users\/1"}],"replies":[{"embeddable":true,"href":"https:\/\/ulqini-online.com\/sajti\/index.php?rest_route=%2Fwp%2Fv2%2Fcomments&post=5613"}],"version-history":[{"count":1,"href":"https:\/\/ulqini-online.com\/sajti\/index.php?rest_route=\/wp\/v2\/posts\/5613\/revisions"}],"predecessor-version":[{"id":5614,"href":"https:\/\/ulqini-online.com\/sajti\/index.php?rest_route=\/wp\/v2\/posts\/5613\/revisions\/5614"}],"wp:featuredmedia":[{"embeddable":true,"href":"https:\/\/ulqini-online.com\/sajti\/index.php?rest_route=\/wp\/v2\/media\/5610"}],"wp:attachment":[{"href":"https:\/\/ulqini-online.com\/sajti\/index.php?rest_route=%2Fwp%2Fv2%2Fmedia&parent=5613"}],"wp:term":[{"taxonomy":"category","embeddable":true,"href":"https:\/\/ulqini-online.com\/sajti\/index.php?rest_route=%2Fwp%2Fv2%2Fcategories&post=5613"},{"taxonomy":"post_tag","embeddable":true,"href":"https:\/\/ulqini-online.com\/sajti\/index.php?rest_route=%2Fwp%2Fv2%2Ftags&post=5613"}],"curies":[{"name":"wp","href":"https:\/\/api.w.org\/{rel}","templated":true}]}}