{"id":5527,"date":"2015-09-02T07:00:10","date_gmt":"2015-09-02T05:00:10","guid":{"rendered":"http:\/\/ulqini-online.com\/sajti\/?p=5527"},"modified":"2015-09-01T21:37:59","modified_gmt":"2015-09-01T19:37:59","slug":"orari-i-shperndarjes-se-abetares-mbarekombetare-sipas-shkollave","status":"publish","type":"post","link":"https:\/\/ulqini-online.com\/sajti\/?p=5527","title":{"rendered":"Orari i shp\u00ebrndarjes s\u00eb Abetares mbar\u00ebkombetare sipas shkollave"},"content":{"rendered":"<p><a href=\"https:\/\/ulqini-online.com\/sajti\/wp-content\/uploads\/2015\/09\/Abetarja-mbarekombetare-shpendahet-nxenesve-ulqin.gif\"><img loading=\"lazy\" decoding=\"async\" class=\"size-medium wp-image-5528 alignleft\" src=\"https:\/\/ulqini-online.com\/sajti\/wp-content\/uploads\/2015\/09\/Abetarja-mbarekombetare-shpendahet-nxenesve-ulqin-226x300.gif\" alt=\"Abetarja-mbarekombetare-shpendahet-nxenesve-ulqin\" width=\"226\" height=\"300\" \/><\/a>Ministria e arsmit e Malit t\u00eb Zi njofton se sot, e merkur\u00eb,\u00a0 n\u00eb ShF &#8221;Mahmut Lekiq&#8221; n\u00eb Tuz do t\u00eb organizohet shp\u00ebrndarja e abetareve t\u00eb gjith\u00eb nx\u00ebn\u00ebsve t\u00eb klas\u00ebs s\u00eb dyt\u00eb t\u00eb komun\u00ebs s\u00eb Podgoric\u00ebs.<\/p>\n<p>Nx\u00ebn\u00ebsve solemnisht abetaret do t\u00eb iu dor\u00ebzoj drejtori gjeneral i Drejtoris\u00eb p\u00ebr edukim t\u00eb pakicave Marash Dukaj.<\/p>\n<p>T\u00eb enjten n\u00eb ShF &#8221;Mareshali Tito&#8221; do ju shp\u00ebrndahen nx\u00ebn\u00ebsve nga komuna e Ulqinit. Po t\u00eb nj\u00ebjt\u00ebn dit\u00eb abetaret do t\u00eb shp\u00ebrndahen edhe n\u00eb ShF &#8221;Bedri Elezaga&#8221; n\u00eb Kat\u00ebrkoll\u00eb dhe ShF &#8221;Gjergj Kastrioti Skenderbeu&#8221; n\u00eb Kraj\u00eb. N\u00eb solemnitetin e shp\u00ebrndarjes do t\u00eb jen\u00eb Marash Dukaj dhe kryetari i komun\u00ebs s\u00eb Ulqinit Fatmir Gjeka.<\/p>\n<p>T\u00eb premten do t\u00eb vazhdohet me shp\u00ebrndarjhen p\u00ebr nx\u00ebn\u00ebsit e ShF &#8221;Hajro Shahmanoviq&#8221; n\u00eb Plav\u00eb, ShF &#8221;Xhafer Niko\u00e7eviq&#8221; n\u00eb Guci dhe ShF &#8221;Daciq&#8221; n\u00eb Rozhaj\u00eb.<\/p>\n<p>T\u00eb 288 abetaret q\u00eb do t\u00eb shp\u00ebrndahen jan\u00eb donacion i kryebashkiakut t\u00eb Tiran\u00ebs Erijon Veliaj.<\/p>\n","protected":false},"excerpt":{"rendered":"<p>Ministria e arsmit e Malit t\u00eb Zi njofton se sot, e merkur\u00eb,\u00a0 n\u00eb ShF &#8221;Mahmut Lekiq&#8221; n\u00eb Tuz do t\u00eb organizohet shp\u00ebrndarja e abetareve t\u00eb gjith\u00eb nx\u00ebn\u00ebsve t\u00eb klas\u00ebs s\u00eb dyt\u00eb t\u00eb komun\u00ebs s\u00eb Podgoric\u00ebs. Nx\u00ebn\u00ebsve solemnisht abetaret do t\u00eb iu dor\u00ebzoj drejtori gjeneral i Drejtoris\u00eb p\u00ebr edukim t\u00eb pakicave Marash Dukaj. T\u00eb enjten n\u00eb [&hellip;]<\/p>\n","protected":false},"author":1,"featured_media":5528,"comment_status":"open","ping_status":"open","sticky":false,"template":"","format":"standard","meta":{"_seopress_robots_primary_cat":"","_seopress_titles_title":"","_seopress_titles_desc":"","_seopress_robots_index":"","footnotes":""},"categories":[2,6],"tags":[],"class_list":["post-5527","post","type-post","status-publish","format-standard","has-post-thumbnail","hentry","category-aktualitet","category-kulture"],"_links":{"self":[{"href":"https:\/\/ulqini-online.com\/sajti\/index.php?rest_route=\/wp\/v2\/posts\/5527","targetHints":{"allow":["GET"]}}],"collection":[{"href":"https:\/\/ulqini-online.com\/sajti\/index.php?rest_route=\/wp\/v2\/posts"}],"about":[{"href":"https:\/\/ulqini-online.com\/sajti\/index.php?rest_route=\/wp\/v2\/types\/post"}],"author":[{"embeddable":true,"href":"https:\/\/ulqini-online.com\/sajti\/index.php?rest_route=\/wp\/v2\/users\/1"}],"replies":[{"embeddable":true,"href":"https:\/\/ulqini-online.com\/sajti\/index.php?rest_route=%2Fwp%2Fv2%2Fcomments&post=5527"}],"version-history":[{"count":3,"href":"https:\/\/ulqini-online.com\/sajti\/index.php?rest_route=\/wp\/v2\/posts\/5527\/revisions"}],"predecessor-version":[{"id":5532,"href":"https:\/\/ulqini-online.com\/sajti\/index.php?rest_route=\/wp\/v2\/posts\/5527\/revisions\/5532"}],"wp:featuredmedia":[{"embeddable":true,"href":"https:\/\/ulqini-online.com\/sajti\/index.php?rest_route=\/wp\/v2\/media\/5528"}],"wp:attachment":[{"href":"https:\/\/ulqini-online.com\/sajti\/index.php?rest_route=%2Fwp%2Fv2%2Fmedia&parent=5527"}],"wp:term":[{"taxonomy":"category","embeddable":true,"href":"https:\/\/ulqini-online.com\/sajti\/index.php?rest_route=%2Fwp%2Fv2%2Fcategories&post=5527"},{"taxonomy":"post_tag","embeddable":true,"href":"https:\/\/ulqini-online.com\/sajti\/index.php?rest_route=%2Fwp%2Fv2%2Ftags&post=5527"}],"curies":[{"name":"wp","href":"https:\/\/api.w.org\/{rel}","templated":true}]}}