{"id":5506,"date":"2015-09-01T16:23:21","date_gmt":"2015-09-01T14:23:21","guid":{"rendered":"http:\/\/ulqini-online.com\/sajti\/?p=5506"},"modified":"2015-09-01T16:35:09","modified_gmt":"2015-09-01T14:35:09","slug":"nimanbegu-dituria-eshte-e-vetmja-gje-ne-bote-me-vlere-por-pa-cmim","status":"publish","type":"post","link":"https:\/\/ulqini-online.com\/sajti\/?p=5506","title":{"rendered":"Nimanbegu: Dituria \u00ebsht\u00eb e vetmja gj\u00eb n\u00eb bot\u00eb me vler\u00eb, por pa \u00e7mim"},"content":{"rendered":"<p><a href=\"https:\/\/ulqini-online.com\/sajti\/wp-content\/uploads\/2015\/09\/dituria-merret-nga-libri.jpg\"><img loading=\"lazy\" decoding=\"async\" class=\"size-medium wp-image-5509 alignleft\" src=\"https:\/\/ulqini-online.com\/sajti\/wp-content\/uploads\/2015\/09\/dituria-merret-nga-libri-300x225.jpg\" alt=\"dituria-merret-nga-libri\" width=\"300\" height=\"225\" srcset=\"https:\/\/ulqini-online.com\/sajti\/wp-content\/uploads\/2015\/09\/dituria-merret-nga-libri-300x225.jpg 300w, https:\/\/ulqini-online.com\/sajti\/wp-content\/uploads\/2015\/09\/dituria-merret-nga-libri.jpg 400w\" sizes=\"auto, (max-width: 300px) 100vw, 300px\" \/><\/a>K\u00ebshilli Komb\u00ebtar i Shqiptar\u00ebve n\u00eb Malin e Zi, i\u2019u uron t\u00eb gjith\u00eb nx\u00ebn\u00ebsve dit\u00ebn e par\u00eb t\u00eb shkoll\u00ebs, duke i uruar nj\u00eb fillim t\u00eb mbar\u00eb, t\u00eb suksessh\u00ebm dhe sa m\u00eb t\u00eb frytsh\u00ebm.<\/p>\n<p>I urojm\u00eb nj\u00ebherit edhe m\u00ebsimdh\u00ebn\u00ebsve fillimin e vitit t\u00eb ri shkollor, me d\u00ebshir\u00ebn q\u00eb dituria e tyre dhe e librit, t\u00eb gjejn\u00eb strehim n\u00eb mendjen e nx\u00ebn\u00ebsve dhe puna e tyre e shenjt\u00eb t\u00eb realizohet si duhet, thuhet n\u00eb urimin e kryetarit t\u00eb K\u00ebshilli Komb\u00ebtar t\u00eb Shqiptar\u00ebve n\u00eb Malin e Zi, Genci Nimanbegu.<\/p>\n<p>Urojm\u00eb edhe prind\u00ebrit p\u00ebr nj\u00eb vit sa m\u00eb t\u00eb suksessh\u00ebm p\u00ebr f\u00ebmij\u00ebt e tyre, duke i kujtuar q\u00eb sakrifica e b\u00ebr\u00eb p\u00ebr t&#8217;i mund\u00ebsuar f\u00ebmij\u00ebve arsimim sa m\u00eb cil\u00ebsor, nj\u00eb dit\u00eb do t\u00eb shp\u00ebrblehet.<\/p>\n<p>Urimi m\u00eb i ve\u00e7ant\u00eb \u00ebsht\u00eb padyshim p\u00ebr ata q\u00eb sot p\u00ebr her\u00eb t\u00eb par\u00eb\u00a0 do t\u00eb ulen n\u00eb bankat e shkoll\u00ebs t\u00eb cil\u00ebt m\u00eb k\u00ebt\u00eb rast fillojn\u00eb nj\u00eb etap\u00eb t\u00eb re t\u00eb jet\u00ebs s\u00eb tyre, p\u00ebr \u00e7ka ju urojm\u00eb suksese.<\/p>\n<p>Dua q\u00eb me k\u00ebt\u00eb rast t\u00eb p\u00ebrcjell\u00eb edhe nj\u00eb k\u00ebshill\u00eb:<\/p>\n<p>\u201cDituria \u00ebsht\u00eb e vetmja gj\u00eb n\u00eb bot\u00eb me vler\u00eb, por pa \u00e7mim. Ka shum\u00eb gj\u00ebra q\u00eb presin p\u00ebr t&#8217;u m\u00ebsuar, por shum\u00eb pak koh\u00eb p\u00ebr t&#8217;i m\u00ebsuar\u201d.<\/p>\n<p>Andaj, shfryt\u00ebzojeni secilin moment p\u00ebr t\u00eb ndri\u00e7uar mendjen tuaj me dituri dhe mbi t\u00eb gjitha, mos harroni se dit\u00ebt m\u00eb t\u00eb bukura jan\u00eb ato n\u00eb bankat shkollore, p\u00ebrfundon urimi i Nimanbegut.<\/p>\n<p><a href=\"https:\/\/ulqini-online.com\/sajti\/wp-content\/uploads\/2015\/09\/dituria-merret-nga-libri.jpg\"><img loading=\"lazy\" decoding=\"async\" class=\"aligncenter wp-image-5509 size-full\" src=\"https:\/\/ulqini-online.com\/sajti\/wp-content\/uploads\/2015\/09\/dituria-merret-nga-libri.jpg\" alt=\"dituria-merret-nga-libri\" width=\"400\" height=\"300\" srcset=\"https:\/\/ulqini-online.com\/sajti\/wp-content\/uploads\/2015\/09\/dituria-merret-nga-libri.jpg 400w, https:\/\/ulqini-online.com\/sajti\/wp-content\/uploads\/2015\/09\/dituria-merret-nga-libri-300x225.jpg 300w\" sizes=\"auto, (max-width: 400px) 100vw, 400px\" \/><\/a><\/p>\n","protected":false},"excerpt":{"rendered":"<p>K\u00ebshilli Komb\u00ebtar i Shqiptar\u00ebve n\u00eb Malin e Zi, i\u2019u uron t\u00eb gjith\u00eb nx\u00ebn\u00ebsve dit\u00ebn e par\u00eb t\u00eb shkoll\u00ebs, duke i uruar nj\u00eb fillim t\u00eb mbar\u00eb, t\u00eb suksessh\u00ebm dhe sa m\u00eb t\u00eb frytsh\u00ebm. I urojm\u00eb nj\u00ebherit edhe m\u00ebsimdh\u00ebn\u00ebsve fillimin e vitit t\u00eb ri shkollor, me d\u00ebshir\u00ebn q\u00eb dituria e tyre dhe e librit, t\u00eb gjejn\u00eb strehim [&hellip;]<\/p>\n","protected":false},"author":1,"featured_media":5509,"comment_status":"open","ping_status":"open","sticky":false,"template":"","format":"standard","meta":{"_seopress_robots_primary_cat":"","_seopress_titles_title":"","_seopress_titles_desc":"","_seopress_robots_index":"","footnotes":""},"categories":[6],"tags":[],"class_list":["post-5506","post","type-post","status-publish","format-standard","has-post-thumbnail","hentry","category-kulture"],"_links":{"self":[{"href":"https:\/\/ulqini-online.com\/sajti\/index.php?rest_route=\/wp\/v2\/posts\/5506","targetHints":{"allow":["GET"]}}],"collection":[{"href":"https:\/\/ulqini-online.com\/sajti\/index.php?rest_route=\/wp\/v2\/posts"}],"about":[{"href":"https:\/\/ulqini-online.com\/sajti\/index.php?rest_route=\/wp\/v2\/types\/post"}],"author":[{"embeddable":true,"href":"https:\/\/ulqini-online.com\/sajti\/index.php?rest_route=\/wp\/v2\/users\/1"}],"replies":[{"embeddable":true,"href":"https:\/\/ulqini-online.com\/sajti\/index.php?rest_route=%2Fwp%2Fv2%2Fcomments&post=5506"}],"version-history":[{"count":4,"href":"https:\/\/ulqini-online.com\/sajti\/index.php?rest_route=\/wp\/v2\/posts\/5506\/revisions"}],"predecessor-version":[{"id":5516,"href":"https:\/\/ulqini-online.com\/sajti\/index.php?rest_route=\/wp\/v2\/posts\/5506\/revisions\/5516"}],"wp:featuredmedia":[{"embeddable":true,"href":"https:\/\/ulqini-online.com\/sajti\/index.php?rest_route=\/wp\/v2\/media\/5509"}],"wp:attachment":[{"href":"https:\/\/ulqini-online.com\/sajti\/index.php?rest_route=%2Fwp%2Fv2%2Fmedia&parent=5506"}],"wp:term":[{"taxonomy":"category","embeddable":true,"href":"https:\/\/ulqini-online.com\/sajti\/index.php?rest_route=%2Fwp%2Fv2%2Fcategories&post=5506"},{"taxonomy":"post_tag","embeddable":true,"href":"https:\/\/ulqini-online.com\/sajti\/index.php?rest_route=%2Fwp%2Fv2%2Ftags&post=5506"}],"curies":[{"name":"wp","href":"https:\/\/api.w.org\/{rel}","templated":true}]}}