{"id":5502,"date":"2015-09-01T12:31:36","date_gmt":"2015-09-01T10:31:36","guid":{"rendered":"http:\/\/ulqini-online.com\/sajti\/?p=5502"},"modified":"2015-09-01T12:31:57","modified_gmt":"2015-09-01T10:31:57","slug":"drejte-diturise-dhe-ndertimit-te-nje-te-ardhmeje-te-ndritur-gjeka-uron-per-fillimin-e-vitit-te-ri-shkollor","status":"publish","type":"post","link":"https:\/\/ulqini-online.com\/sajti\/?p=5502","title":{"rendered":"Drejt\u00eb dituris\u00eb dhe nd\u00ebrtimit t\u00eb nj\u00eb t\u00eb ardhmeje t\u00eb ndritur &#8211; Gjeka uron p\u00ebr fillimin e Vitit t\u00eb Ri shkollor"},"content":{"rendered":"<p><a href=\"https:\/\/ulqini-online.com\/sajti\/wp-content\/uploads\/2015\/09\/shkolla-fillore-bedri-elezaga-katerkollc.jpg\"><img loading=\"lazy\" decoding=\"async\" class=\"size-medium wp-image-5503 alignleft\" src=\"https:\/\/ulqini-online.com\/sajti\/wp-content\/uploads\/2015\/09\/shkolla-fillore-bedri-elezaga-katerkollc-300x225.jpg\" alt=\"shkolla-fillore-bedri-elezaga-katerkollc\" width=\"300\" height=\"225\" srcset=\"https:\/\/ulqini-online.com\/sajti\/wp-content\/uploads\/2015\/09\/shkolla-fillore-bedri-elezaga-katerkollc-300x225.jpg 300w, https:\/\/ulqini-online.com\/sajti\/wp-content\/uploads\/2015\/09\/shkolla-fillore-bedri-elezaga-katerkollc.jpg 533w\" sizes=\"auto, (max-width: 300px) 100vw, 300px\" \/><\/a>Kryetarit i Komun\u00ebs s\u00eb Ulqinit, Fatmir Gjeka, uron nx\u00ebn\u00ebsit dhe m\u00ebsimdh\u00ebn\u00ebsit me rastin e fillimit t\u00eb Vitit t\u00eb Ri shkollor. N\u00eb mesazhin e tij, nd\u00ebr t\u00eb tjera, thuhet:<\/p>\n<p>Kam k\u00ebnaq\u00ebsin\u00eb e ve\u00e7ant\u00eb q\u00eb me rastin e fillimit t\u00eb vitit t\u00eb ri shkollor 2015-2016 t\u2019ju p\u00ebrsh\u00ebndes e t\u2019ju p\u00ebrcjell urimet m\u00eb t\u00eb p\u00ebrzem\u00ebrta p\u00ebr k\u00ebt\u00eb dit\u00eb, drejt\u00eb dituris\u00eb dhe nd\u00ebrtimit t\u00eb nj\u00eb t\u00eb ardhmeje t\u00eb ndritur.<\/p>\n<p>Fillimisht d\u00ebshiroj t\u00eb uroj nx\u00ebn\u00ebxit, q\u00eb p\u00ebr her\u00eb t\u00eb par\u00eb do t\u00eb ulen n\u00eb bankat e shkoll\u00ebs, p\u00ebrg\u00ebzoj dhe uroj nx\u00ebn\u00ebsit e shkollave fillore dhe t\u00eb mesme dhe m\u00ebsim\u00ebdh\u00ebn\u00ebsit e tyre p\u00ebr misionin e shenjt\u00eb q\u00eb kryejn\u00eb.<\/p>\n<p><a href=\"https:\/\/ulqini-online.com\/sajti\/wp-content\/uploads\/2015\/09\/shkolla-fillore-bedri-elezaga-katerkollc.jpg\"><img loading=\"lazy\" decoding=\"async\" class=\"aligncenter wp-image-5503 size-full\" src=\"https:\/\/ulqini-online.com\/sajti\/wp-content\/uploads\/2015\/09\/shkolla-fillore-bedri-elezaga-katerkollc.jpg\" alt=\"shkolla-fillore-bedri-elezaga-katerkollc\" width=\"533\" height=\"400\" srcset=\"https:\/\/ulqini-online.com\/sajti\/wp-content\/uploads\/2015\/09\/shkolla-fillore-bedri-elezaga-katerkollc.jpg 533w, https:\/\/ulqini-online.com\/sajti\/wp-content\/uploads\/2015\/09\/shkolla-fillore-bedri-elezaga-katerkollc-300x225.jpg 300w\" sizes=\"auto, (max-width: 533px) 100vw, 533px\" \/><\/a><\/p>\n","protected":false},"excerpt":{"rendered":"<p>Kryetarit i Komun\u00ebs s\u00eb Ulqinit, Fatmir Gjeka, uron nx\u00ebn\u00ebsit dhe m\u00ebsimdh\u00ebn\u00ebsit me rastin e fillimit t\u00eb Vitit t\u00eb Ri shkollor. N\u00eb mesazhin e tij, nd\u00ebr t\u00eb tjera, thuhet: Kam k\u00ebnaq\u00ebsin\u00eb e ve\u00e7ant\u00eb q\u00eb me rastin e fillimit t\u00eb vitit t\u00eb ri shkollor 2015-2016 t\u2019ju p\u00ebrsh\u00ebndes e t\u2019ju p\u00ebrcjell urimet m\u00eb t\u00eb p\u00ebrzem\u00ebrta p\u00ebr k\u00ebt\u00eb dit\u00eb, [&hellip;]<\/p>\n","protected":false},"author":1,"featured_media":5503,"comment_status":"open","ping_status":"open","sticky":false,"template":"","format":"standard","meta":{"_seopress_robots_primary_cat":"","_seopress_titles_title":"","_seopress_titles_desc":"","_seopress_robots_index":"","footnotes":""},"categories":[3],"tags":[],"class_list":["post-5502","post","type-post","status-publish","format-standard","has-post-thumbnail","hentry","category-politike"],"_links":{"self":[{"href":"https:\/\/ulqini-online.com\/sajti\/index.php?rest_route=\/wp\/v2\/posts\/5502","targetHints":{"allow":["GET"]}}],"collection":[{"href":"https:\/\/ulqini-online.com\/sajti\/index.php?rest_route=\/wp\/v2\/posts"}],"about":[{"href":"https:\/\/ulqini-online.com\/sajti\/index.php?rest_route=\/wp\/v2\/types\/post"}],"author":[{"embeddable":true,"href":"https:\/\/ulqini-online.com\/sajti\/index.php?rest_route=\/wp\/v2\/users\/1"}],"replies":[{"embeddable":true,"href":"https:\/\/ulqini-online.com\/sajti\/index.php?rest_route=%2Fwp%2Fv2%2Fcomments&post=5502"}],"version-history":[{"count":2,"href":"https:\/\/ulqini-online.com\/sajti\/index.php?rest_route=\/wp\/v2\/posts\/5502\/revisions"}],"predecessor-version":[{"id":5505,"href":"https:\/\/ulqini-online.com\/sajti\/index.php?rest_route=\/wp\/v2\/posts\/5502\/revisions\/5505"}],"wp:featuredmedia":[{"embeddable":true,"href":"https:\/\/ulqini-online.com\/sajti\/index.php?rest_route=\/wp\/v2\/media\/5503"}],"wp:attachment":[{"href":"https:\/\/ulqini-online.com\/sajti\/index.php?rest_route=%2Fwp%2Fv2%2Fmedia&parent=5502"}],"wp:term":[{"taxonomy":"category","embeddable":true,"href":"https:\/\/ulqini-online.com\/sajti\/index.php?rest_route=%2Fwp%2Fv2%2Fcategories&post=5502"},{"taxonomy":"post_tag","embeddable":true,"href":"https:\/\/ulqini-online.com\/sajti\/index.php?rest_route=%2Fwp%2Fv2%2Ftags&post=5502"}],"curies":[{"name":"wp","href":"https:\/\/api.w.org\/{rel}","templated":true}]}}