{"id":5499,"date":"2015-09-01T12:17:49","date_gmt":"2015-09-01T10:17:49","guid":{"rendered":"http:\/\/ulqini-online.com\/sajti\/?p=5499"},"modified":"2015-09-01T12:17:49","modified_gmt":"2015-09-01T10:17:49","slug":"veliaj-tirana-nuk-eshte-vetem-kryeqyteti-i-shqiperise-por-edhe-kryeqyteti-i-shqiptareve","status":"publish","type":"post","link":"https:\/\/ulqini-online.com\/sajti\/?p=5499","title":{"rendered":"Veliaj: Tirana nuk \u00ebsht\u00eb vet\u00ebm kryeqyteti i Shqip\u00ebris\u00eb, por edhe kryeqyteti i shqiptar\u00ebve"},"content":{"rendered":"<p><a href=\"https:\/\/ulqini-online.com\/sajti\/wp-content\/uploads\/2015\/09\/veliaj-gjeloshi-abetaret.jpg\"><img loading=\"lazy\" decoding=\"async\" class=\"size-medium wp-image-5500 alignleft\" src=\"https:\/\/ulqini-online.com\/sajti\/wp-content\/uploads\/2015\/09\/veliaj-gjeloshi-abetaret-300x200.jpg\" alt=\"veliaj-gjeloshi-abetaret\" width=\"300\" height=\"200\" srcset=\"https:\/\/ulqini-online.com\/sajti\/wp-content\/uploads\/2015\/09\/veliaj-gjeloshi-abetaret-300x200.jpg 300w, https:\/\/ulqini-online.com\/sajti\/wp-content\/uploads\/2015\/09\/veliaj-gjeloshi-abetaret.jpg 600w\" sizes=\"auto, (max-width: 300px) 100vw, 300px\" \/><\/a>Deputeti shqiptar n\u00eb parlamentin e Malit t\u00eb Zi z. Nik Gjeloshaj s\u00eb bashku me z.Marash Dukajn ishim dje n\u00eb Tiran\u00eb p\u00ebr t\u00eb takuar me kryetarin e Bashkis\u00eb Tiran\u00eb z. Erion Veliaj.<\/p>\n<p>Me k\u00ebt\u00eb rast kryebashkiaku Veliaj iu dor\u00ebzoi mysafir\u00ebve nga Tuzi i Mal\u00ebsis\u00eb edhe kopjet e Abetares Komb\u00ebtare p\u00ebr nx\u00ebn\u00ebsit shqiptar\u00eb n\u00eb Mal t\u00eb Zi.<\/p>\n<p>Sipas informaioneve t\u00eb deputetit Gjeloshaj tem\u00eb e bisedimeve ishte gj\u00ebndja e arsimit shqip n\u00eb Mal t\u00eb Zi si dhe p\u00ebr planet dhe projektet konkrete, p\u00ebr situat\u00ebn politike dhe shum\u00eb \u00e7\u00ebshtje t\u00eb tjera me r\u00ebnd\u00ebsi p\u00ebr shqiptar\u00ebt n\u00eb Mal t\u00eb Zi.<\/p>\n<p>&#8221;Kemi fituar p\u00ebrkrahjen e plot\u00eb nga ana e z.Veliaj ku na u premtua mb\u00ebshtetja e plot\u00eb p\u00ebr t\u00eb gjitha projektet tona p\u00ebr p\u00ebrmir\u00ebsimin e situat\u00ebs s\u00eb shqiptar\u00ebve n\u00eb Mal t\u00eb Zi.<br \/>\nAi u shpreh se n\u00eb \u00e7do moment dyert e Bashkis\u00eb Tiran\u00eb jan\u00eb t\u00eb hapura dhe bashk\u00ebpunimi p\u00ebr realizimin e projekteve do vazhdoj\u00eb&#8221;, shprehet Gjeloshaj rreth k\u00ebtij takimi.<\/p>\n<p>Nga ana tjet\u00ebr edhe kryebashkiaku i Tiran\u00ebs Erijon Veliaj thekson se Tirana ka obligim ndaj viseve shqiptare.<br \/>\n&#8221;Tirana nuk \u00ebsht\u00eb vet\u00ebm kryeqyteti i Shqip\u00ebris\u00eb, por edhe kryeqyteti i shqiptar\u00ebve&#8221;,\u00a0 u shpreh Veliaj.<\/p>\n<p>N\u00eb fund deputeti Gjeloshaj falenderon z. Erion Veliaj p\u00ebr pritjen e ngroht\u00eb q\u00eb iu b\u00ebri si dhe p\u00ebr Abetaret dhe p\u00ebr p\u00ebrkrahj\u00ebn q\u00eb dha.<\/p>\n<p><a href=\"https:\/\/ulqini-online.com\/sajti\/wp-content\/uploads\/2015\/09\/veliaj-gjeloshi-abetaret.jpg\"><img loading=\"lazy\" decoding=\"async\" class=\"aligncenter wp-image-5500 size-full\" src=\"https:\/\/ulqini-online.com\/sajti\/wp-content\/uploads\/2015\/09\/veliaj-gjeloshi-abetaret.jpg\" alt=\"veliaj-gjeloshi-abetaret\" width=\"600\" height=\"400\" srcset=\"https:\/\/ulqini-online.com\/sajti\/wp-content\/uploads\/2015\/09\/veliaj-gjeloshi-abetaret.jpg 600w, https:\/\/ulqini-online.com\/sajti\/wp-content\/uploads\/2015\/09\/veliaj-gjeloshi-abetaret-300x200.jpg 300w\" sizes=\"auto, (max-width: 600px) 100vw, 600px\" \/><\/a><\/p>\n","protected":false},"excerpt":{"rendered":"<p>Deputeti shqiptar n\u00eb parlamentin e Malit t\u00eb Zi z. Nik Gjeloshaj s\u00eb bashku me z.Marash Dukajn ishim dje n\u00eb Tiran\u00eb p\u00ebr t\u00eb takuar me kryetarin e Bashkis\u00eb Tiran\u00eb z. Erion Veliaj. Me k\u00ebt\u00eb rast kryebashkiaku Veliaj iu dor\u00ebzoi mysafir\u00ebve nga Tuzi i Mal\u00ebsis\u00eb edhe kopjet e Abetares Komb\u00ebtare p\u00ebr nx\u00ebn\u00ebsit shqiptar\u00eb n\u00eb Mal t\u00eb Zi. [&hellip;]<\/p>\n","protected":false},"author":1,"featured_media":5500,"comment_status":"open","ping_status":"open","sticky":false,"template":"","format":"standard","meta":{"_seopress_robots_primary_cat":"","_seopress_titles_title":"","_seopress_titles_desc":"","_seopress_robots_index":"","footnotes":""},"categories":[3],"tags":[],"class_list":["post-5499","post","type-post","status-publish","format-standard","has-post-thumbnail","hentry","category-politike"],"_links":{"self":[{"href":"https:\/\/ulqini-online.com\/sajti\/index.php?rest_route=\/wp\/v2\/posts\/5499","targetHints":{"allow":["GET"]}}],"collection":[{"href":"https:\/\/ulqini-online.com\/sajti\/index.php?rest_route=\/wp\/v2\/posts"}],"about":[{"href":"https:\/\/ulqini-online.com\/sajti\/index.php?rest_route=\/wp\/v2\/types\/post"}],"author":[{"embeddable":true,"href":"https:\/\/ulqini-online.com\/sajti\/index.php?rest_route=\/wp\/v2\/users\/1"}],"replies":[{"embeddable":true,"href":"https:\/\/ulqini-online.com\/sajti\/index.php?rest_route=%2Fwp%2Fv2%2Fcomments&post=5499"}],"version-history":[{"count":1,"href":"https:\/\/ulqini-online.com\/sajti\/index.php?rest_route=\/wp\/v2\/posts\/5499\/revisions"}],"predecessor-version":[{"id":5501,"href":"https:\/\/ulqini-online.com\/sajti\/index.php?rest_route=\/wp\/v2\/posts\/5499\/revisions\/5501"}],"wp:featuredmedia":[{"embeddable":true,"href":"https:\/\/ulqini-online.com\/sajti\/index.php?rest_route=\/wp\/v2\/media\/5500"}],"wp:attachment":[{"href":"https:\/\/ulqini-online.com\/sajti\/index.php?rest_route=%2Fwp%2Fv2%2Fmedia&parent=5499"}],"wp:term":[{"taxonomy":"category","embeddable":true,"href":"https:\/\/ulqini-online.com\/sajti\/index.php?rest_route=%2Fwp%2Fv2%2Fcategories&post=5499"},{"taxonomy":"post_tag","embeddable":true,"href":"https:\/\/ulqini-online.com\/sajti\/index.php?rest_route=%2Fwp%2Fv2%2Ftags&post=5499"}],"curies":[{"name":"wp","href":"https:\/\/api.w.org\/{rel}","templated":true}]}}