{"id":439,"date":"2014-11-24T21:09:30","date_gmt":"2014-11-24T20:09:30","guid":{"rendered":"http:\/\/ulqini-online.com\/sajti\/?p=439"},"modified":"2014-11-24T21:20:35","modified_gmt":"2014-11-24T20:20:35","slug":"me-moton-kuq-e-zi-ana-e-malit-festoi-28-nentorin-ne-nju-jork-video-foto","status":"publish","type":"post","link":"https:\/\/ulqini-online.com\/sajti\/?p=439","title":{"rendered":"Me moton \u201cKuq e zi\u201d Ana e Malit festoi 28 N\u00ebntorin n\u00eb Nju Jork (video, foto)"},"content":{"rendered":"<p><a href=\"https:\/\/ulqini-online.com\/sajti\/wp-content\/uploads\/2014\/11\/Festa-flamurit-2014-shba-1.jpg\"><img loading=\"lazy\" decoding=\"async\" class=\"size-medium wp-image-442 alignleft\" src=\"https:\/\/ulqini-online.com\/sajti\/wp-content\/uploads\/2014\/11\/Festa-flamurit-2014-shba-1-300x200.jpg\" alt=\"Festa-flamurit-2014-shba-1\" width=\"300\" height=\"200\" srcset=\"https:\/\/ulqini-online.com\/sajti\/wp-content\/uploads\/2014\/11\/Festa-flamurit-2014-shba-1-300x200.jpg 300w, https:\/\/ulqini-online.com\/sajti\/wp-content\/uploads\/2014\/11\/Festa-flamurit-2014-shba-1.jpg 600w\" sizes=\"auto, (max-width: 300px) 100vw, 300px\" \/><\/a>Beqir SINA &#8211; Staten Island &#8211; Nju Jork<\/p>\n<p><strong>STATEN ISLAND &#8211; NEW YORK<\/strong> : Nj\u00eb nd\u00ebr shoqatat m\u00eb aktive t\u00eb diaspor\u00ebs son\u00eb, shoqata Ana e Malit, n\u00eb Staten Island &#8211; Nju Jork, e cila p\u00ebr \u00e7do vit organizon manifestime t\u00eb rregullta p\u00ebr datat e r\u00ebnd\u00ebsishme komb\u00ebtare t\u00eb kombit ton\u00eb, edhe k\u00ebt\u00eb vit\u00eb organizoj\u00eb mbr\u00ebmjen festive kushtuar Dit\u00ebs s\u00eb Flamurit &#8211; 28 N\u00ebntorit 1912 Shpalljes s\u00eb Pavar\u00ebsis\u00eb s\u00eb Shqip\u00ebris\u00eb, e moton \u201cKuq e zi\u201d Ana e Malit feston 28 N\u00ebntorin &#8211; n\u00eb Hotelin Hilton Graden Staten Island &#8211; Nju Jork.<\/p>\n<p>Nj\u00eb fest\u00eb e bukur kjo &#8211; ku ju b\u00eb edhe nj\u00ebher\u00eb jehon\u00eb Flamurit ton\u00eb t\u00eb bekuar, e simbolit dhe e q\u00ebndres\u00ebs son\u00eb komb\u00ebtare.<\/p>\n<p>K\u00ebt\u00eb vit kjo shoqat\u00eb p\u00ebr nder Fest\u00ebs s\u00eb pavar\u00ebsis\u00eb kishte menduar q\u00eb t\u00eb k\u00ebnaq m\u00ebrgimtar\u00ebt e shumt\u00eb, &#8211; me pak arom\u00eb vendlindje n\u00eb mesin e m\u00ebrgimtar\u00ebve t\u00eb saj, duke sjellur posa\u00e7\u00ebrisht p\u00ebr g\u00ebzimin e k\u00ebsaj feste edhe shoqat\u00ebn kulturore Tradita nga Ana e Malit. E cila, erdhi n\u00eb z\u00ebmr\u00ebn e m\u00ebrgat\u00ebs shqiptare n\u00eb Nju Jork, me mb\u00ebshtetjen, mikpritjen e bujarin e diaspor\u00ebs s\u00eb An\u00ebs s\u00eb Malit, p\u00ebrkrahjen e madhe materiale e organizative t\u00eb Biznis Klub &#8211; Ana e Malit, pjesmarrjen n\u00eb sponsorizim t\u00eb Kryetarit t\u00eb Komun\u00ebs s\u00eb Ulqinit dhe p\u00ebrkrahjen modeste t\u00eb Organizat\u00ebs Turistike t\u00eb Ulqinit.<\/p>\n<p>N\u00eb k\u00ebt\u00eb mbr\u00ebmje e cila u mbajt\u00eb n\u00eb Hotel Hilton n\u00eb Staten Island &#8211; mor\u00ebn pjes\u00eb rreth 300 vet\u00eb kryesisht\u00eb an\u00ebtar\u00eb t\u00eb familjeve nga Ana e Malit, dhe veprimtar\u00eb t\u00eb komunitetit .<\/p>\n<p>Mysafir special i k\u00ebsaj mbr\u00ebmje t\u00eb madhe festive, ishte dhe i pari i komun\u00ebs s\u00eb Ulqinit z. Fatmir Gjeka, si dhe dy p\u00ebrfaq\u00ebsuesit e shtetit shqiptar\u00eb, ambasadori i Shqip\u00ebris\u00eb n\u00eb &#8211; Misioni i P\u00ebrhersh\u00ebm pran\u00eb Kombeve t\u00eb Bashkuara n\u00eb Nju Jork &#8211; Ambasador Ferit Hoxha, Konsullja e P\u00ebrgjith\u00ebshme e Kosov\u00ebs n\u00eb SHBA &#8211; zonjusha Vlora \u00c7itaku- Konsulli Korab Mushkolaj, Kryetari i organizat\u00ebs Rr\u00ebnj\u00ebt Shqiptare Marko Kepi, an\u00ebtari i Asambles\u00eb s\u00eb Nju Jorkut, ulqinaku n\u00eb Amerik\u00eb, z. Mark Gjonaj, Kryetari i Shoqat\u00ebs , Atdhetare Dibra Musa Pa\u00e7uku, veprimtar\u00ebt e k\u00ebtij komuniteti Haxhi dhe Xheladin Zeneli, avokati Sabri Gjoni dhe filantropisti Richard Lukaj dhe veprimtar\u00eb t\u00eb tjer\u00eb nga Ana e Malit.<\/p>\n<p>Miku i shqiptar\u00ebve &#8211; kongresisti republikan nga Staten Island, Michael Grimm, mysafiri i k\u00ebsaj mbr\u00ebmje, nderoi me mir\u00ebnjohjen e Kongresit, organizat\u00ebn Ana e Malit. Ai gjat\u00eb fjal\u00ebs p\u00ebrsh\u00ebndet\u00ebse duke hedhur nj\u00eb shikim rasti &#8211; p\u00ebrball tij &#8211; ku ishte vendosur flamuri &#8220;Atutokton&#8221; q\u00eb fluturoi mbi Begograd m\u00eb 14 tetor, dhe ul n\u00eb stadiumin e Begogradit n\u00eb ndeshjen Serbi &#8211; Shqip\u00ebri, tha se &#8221; Ky flamur duket se \u00ebsht\u00eb b\u00ebr\u00eb i njohur me at\u00eb q\u00eb un\u00eb pash\u00eb se si 11 shqiptar\u00ebt e mbrojt\u00ebn at\u00eb flamur n\u00eb mes t\u00eb Beogradit &#8211; Ku duke mbrojtur flamurin e tyre, ata e b\u00ebn\u00eb t\u00eb sigurt at\u00eb se flamuri i tyre nuk goditet as nuk fyhet dhe se t\u00eb gjith\u00eb u ngrit\u00ebn n\u00eb k\u00ebmb\u00eb p\u00ebr t\u00eb mbrojtur at\u00eb flamur !! Ashtu si un\u00eb kam mbrojtur flamurin tim amerikan &#8211; kur un\u00eb isha nj\u00eb marins\u00eb n\u00eb luft\u00ebn e Irakut&#8221;<\/p>\n<p><strong>Hapja e programit me nj\u00eb p\u00ebrsh\u00ebndetje rasti nga prezentuesit e saj Leonarda Gjoni dhe Flamur Anamali sh\u00ebnoi edhe hapjen e k\u00ebsaj mbr\u00ebmje mjaft t\u00eb bukur festive.<\/strong><\/p>\n<p>M\u00eb pas\u00eb jan\u00eb k\u00ebnduar dy Hymnet komb\u00ebtare: ai Shteteve t\u00eb Bashkuara t\u00eb Amerik\u00ebs dhe ai i R. Shqip\u00ebris\u00eb, k\u00ebnduar nga Kristina Mello nga shkolla shqipe Alba Life dhe Valdet Luka, dhe Ismet Aloshi shoq\u00ebruar nga grupi muzikor &#8220;Ceka&#8221;<\/p>\n<p>Kurse, me nje minut\u00eb heshtje n\u00eb shenj\u00eb nderimi dhe respekti p\u00ebr heronjt\u00eb dhe d\u00ebshmor\u00ebt e kombit shqiptar\u00eb t\u00eb t\u00eb gjitha koh\u00ebrave, t\u00eb pranishimit u ngrit\u00ebn n\u00eb k\u00ebmb\u00eb p\u00ebr t&#8217;u p\u00ebruluar me respekt p\u00ebr aktin e tyre sublim.<\/p>\n<p>Mbr\u00ebmja festive e 28 N\u00ebntorit n\u00eb mesin e anamalasve vijoj\u00eb me nj\u00eb p\u00ebrsh\u00ebndetje rasti t\u00eb cil\u00ebn e b\u00ebri Richard Lukaj &#8211; duke i b\u00ebr\u00eb me k\u00ebt\u00eb rast edhe nj\u00eb prezantim t\u00eb mysafir\u00ebve t\u00eb nderuar t\u00eb k\u00ebsaj mbr\u00ebmje.<\/p>\n<p>Mbr\u00ebmjen e organizuar nga Shoqata Shqiptaro Amerikane &#8211; Ana e Malit &#8211; n\u00eb lokalin Hilton Garden n\u00eb ishullin Staten Island &#8211; Nju Jork, e kan p\u00ebrsh\u00ebndetur me fjal\u00eb rasti edhe dy p\u00ebrfaqsuesit e shtetit shqiptar\u00eb, ambasadori Ferit Hoxha dhe Konsullja e P\u00ebrgjith\u00ebshme e Kosov\u00ebs n\u00eb SHBA &#8211; zonjusha Vlora \u00c7itaku duke v\u00ebn\u00eb n\u00eb pah r\u00ebnd\u00ebsin e madhe t\u00eb k\u00ebsaj dite t\u00eb sh\u00ebnuar p\u00ebr t\u00eb gjith\u00eb shqiptar\u00ebt kudo q\u00eb jan\u00eb.<\/p>\n<p>Gjithashtu, p\u00ebrsh\u00ebndet\u00ebn edhe an\u00ebtari i Asambles\u00eb s\u00eb Nju Jorkut, ulqinaku n\u00eb Amerik\u00eb, z. Mark Gjonaj, Kryetari i Komun\u00ebs s\u00eb Ulqinit, z. Fatmir Gjeka, kongresisti republikan nga Staten Island, Michael Grimm, dhe n\u00eb fund Kryetari i Shoqat\u00ebs Ana e Malit, zoti Ismet Kurti, e t\u00eb tjer\u00eb.<\/p>\n<p>Duke i faleminderuar nga zemra p\u00ebr nderin q\u00eb i kishin b\u00ebr\u00eb duke m\u00eb ftuar q\u00eb t\u00eb jet\u00eb pjes\u00eb e aktivitetit t\u00eb organizuar me rastin e Dit\u00ebs s\u00eb Flamurit ton\u00eb komb\u00ebtar, i pari i komun\u00ebs s\u00eb Ulqinit z. Fatmir Gjeka, tha se :&#8217; Flamuri &#8211; \u00ebsht\u00eb simboli m\u00eb sublim i shprehjes s\u00eb indetitetit t\u00eb shqiptar\u00ebve, kudo q\u00eb jetojn\u00eb ata. Ai \u00ebsht\u00eb d\u00ebshmi e besnik\u00ebris\u00eb ndaj atdhuet dhe ndaj kombit. Prandaj, p\u00ebrderisa n\u00eb pothuaj t\u00eb gjitha shtetet e bot\u00ebs presidenti betohet mbi Bibl\u00ebn apo Kuranin &#8211; tek shqiptar\u00ebt nj\u00eb betim i till b\u00ebhet para flamurit kuq e zi.&#8221;<\/p>\n<p><strong>Dit\u00ebn e Pavar\u00ebssis\u00eb ai gjat\u00eb fjal\u00ebs s\u00eb tij e quajti dita e p\u00ebrjet\u00ebsis\u00eb s\u00eb nj\u00eb kombi duke shtuar se nuk ka dit\u00eb m\u00eb t\u00eb r\u00ebnd\u00ebsishme dhe jetike p\u00ebr qytetar\u00ebt sesa dit\u00eblindja kombit t\u00eb tyre.<\/strong><\/p>\n<p>P\u00ebr k\u00ebt\u00eb tha kryekomunari i Ulqinit, :&#8221;M\u00eb 28 N\u00ebntor t\u00eb vitit 1912, populli shqiptar kuror\u00ebzoi \u00ebndrrat dhe aspiratat shekullore t\u00eb tija. Me vendimin historik t\u00eb kuvendit t\u00eb Vlor\u00ebs, Rilindja Komb\u00ebtare arrinte kulmin e saj, sepse pavar\u00ebsia e kuror\u00ebzonte luft\u00ebrat e p\u00ebrpjekjet heroike t\u00eb brezave t\u00eb t\u00ebr\u00eb p\u00ebr t\u00eb kthyer lirin\u00eb e humbur&#8221;.<\/p>\n<p>Pavar\u00ebsia e Shqip\u00ebris\u00eb, u shpreh Gjeka, nuk ishte thjesht vep\u00ebr e nj\u00eb grupi patriot\u00ebsh q\u00eb ngrit\u00ebn Flamurin Shqiptar n\u00eb Vlor\u00eb, ajo nuk ishte as edhe nj\u00eb akti i ve\u00e7uar. Andaj ne t\u00eb gjith\u00eb nderojm\u00eb sot kujtimin dhe vepr\u00ebn e madhe t\u00eb plakut t\u00eb men\u00e7ur vlonjat Ismail Bej Qemal Vlor\u00ebs, dhe t\u00eb gjith\u00eb firm\u00ebtar\u00ebve t\u00eb Deklerat\u00ebs s\u00eb Pavar\u00ebsis\u00eb s\u00eb Shqip\u00ebris\u00eb .<\/p>\n<p>Duke u p\u00ebrkulur me nderim t\u00eb madh para vepr\u00ebs s\u00eb Ismail Qemalit dhe atyre burrave t\u00eb shquar t\u00eb kombit q\u00eb shpall\u00ebn, n\u00eb Vlor\u00eb, m\u00eb 28 N\u00ebntor 1912 &#8211; Pavar\u00ebsin\u00eb e Shqip\u00ebris\u00eb &#8211; shpall\u00ebn shtetin e pavarur shqiptar\u00eb.<\/p>\n<p>&#8220;Akti i pavar\u00ebsis\u00eb, t\u00eb dashur motra e v\u00ebllez\u00ebr, tha krykomunari i Ulqinit, mbylli nj\u00eb epok\u00eb t\u00eb shk\u00eblqyer t\u00eb Rilindjes son\u00eb Komb\u00ebtare p\u00ebr t&#8217;u \u00e7elur brezave t\u00eb ardh\u00ebsh\u00ebm rrug\u00eb t\u00eb reja. Si e till\u00eb, ajo ka r\u00ebnd\u00ebsi, jo vet\u00ebm p\u00ebr koh\u00ebn kur ndodhi e p\u00ebr kthes\u00ebn historik\u00eb q\u00eb sh\u00ebnoi por edhe p\u00ebr vlerat postiv\u00eb q\u00eb la pas. Ajo ruan vler\u00ebn e saj edukuese dhe europiane p\u00ebr t\u00eb ardhmen shqiptare&#8221;.<\/p>\n<p><strong>N\u00eb p\u00ebrsh\u00ebndetjen e tij Ambasadorii Republik\u00ebs s\u00eb Shqip\u00ebris\u00eb pran\u00eb OKB-s\u00eb, Ferit Hoxha n\u00eb mbr\u00ebmjen e organizuar nga Shoqata Ana e Malit, me rastin e 102 vjetorit t\u00eb shpalljes s\u00eb Pavar\u00ebsis\u00eb s\u00eb Shqip\u00ebris\u00eb m\u00eb 23 N\u00ebntor 2014 n\u00eb Hilton Garden n\u00eb Staten Island Nju Jork &#8211; ka shprehur k\u00ebnaq\u00ebsi n e tij q\u00eb t\u00eb jet n\u00eb k\u00ebt\u00eb mbr\u00ebmje dhe t\u00eb ndaj me anamalasit, k\u00ebt\u00eb atmosfer\u00eb t\u00eb till\u00eb t\u00eb mrekullueshme, festimin e 102 vjetorit t\u00eb shpalljes s\u00eb Pavar\u00ebsis\u00eb s\u00eb Shqip\u00ebris\u00eb, si\u00e7 e quajti ambasadori Hoxha..<\/strong><\/p>\n<p>&#8220;Kjo dit\u00eb \u00ebsht\u00eb gjithjn\u00eb ai moment i vecant\u00eb, tha ai kur m\u00eb shum\u00eb se cdoher\u00eb ne kthejm\u00eb kok\u00ebn t\u00eb shohim gjurm\u00ebt n\u00eb rrug\u00ebtimin ton\u00eb, t\u00eb kujtojm\u00eb e nderojm\u00eb heronjt\u00eb tan\u00eb, por edhe t\u00eb masim or\u00ebn dhe shkall\u00ebn e zhvillimit, t\u00eb b\u00ebjm\u00eb nj\u00eb bilanc t\u00eb p\u00ebrvitsh\u00ebm t\u00eb asaj q\u00eb kemi b\u00ebr\u00eb me at\u00eb qe na pret. 102 vitet tona si shtet jan\u00eb t\u00eb mbushur me ngjarje t\u00eb cilat n\u00eb m\u00eb t\u00eb shumt\u00ebn na kan\u00eb hidh\u00ebruar, na kan\u00eb b\u00ebr\u00eb t\u00eb vuajm\u00eb, na kan\u00eb l\u00ebn\u00eb t\u00eb d\u00ebshp\u00ebruar e t\u00eb vetmuar, t\u00eb shohim p\u00ebrreth duke k\u00ebrkuar ndihm\u00eb madje deri tek e pamundura.&#8221;<\/p>\n<p>Por vuajtjet dhe pritja e gjat\u00eb nuk e thyen kurr\u00eb besimin, as nuk e mund\u00ebn shpres\u00ebn, nuk e tjet\u00ebrsuan \u00ebndrr\u00ebn p\u00ebr liri zhvillim e begati. 24 vitet e shkuara e kan\u00eb transformuar Shqip\u00ebrin\u00eb, kan\u00eb krijuar e zhvilluar Kosov\u00ebn e Pavarur dhe i kan\u00eb nxjerr\u00eb t\u00eb gjith\u00eb shqiptar\u00ebt nga periferia e hart\u00ebs gjeopolitike ballkanike duke i v\u00ebn\u00eb n\u00eb rrjeshtin e par\u00eb t\u00eb historis\u00eb moderne t\u00eb rajonit. Shekulli i 21-t\u00eb \u00ebsht\u00eb p\u00ebrfundimisht shekulli yn\u00eb dhe si asnj\u00ebher\u00eb tjet\u00ebr, tashm\u00eb jemi ne q\u00eb I kemi n\u00eb dor\u00eb fatet tona.<\/p>\n<p>N\u00eb fund t\u00eb fjal\u00ebs s\u00eb tij Ambasadorii Republik\u00ebs s\u00eb Shqip\u00ebris\u00eb pran\u00eb OKB-s\u00eb, Ferit Hoxha konkludoi se me k\u00ebto fjal\u00eb d\u00ebshiroj t\u00eb p\u00ebrg\u00ebzoj shoqat\u00ebn Ana e Malit, e cila me larmin\u00eb dhe numrin e shumt\u00eb t\u00eb aktiviteteve cil\u00ebsore, ka nj\u00eb vend t\u00eb vecant\u00eb ne t\u00ebr\u00eb dinamik\u00ebn e komunitetit shqiptar n\u00eb hap\u00ebsir\u00ebn e tre shteteve. &#8220;Kontributi i shoqat\u00ebs n\u00eb ruajtjen e gjuh\u00ebs amtare, kultivimin e traditave komb\u00ebtare si dhe kremtimin e ngjarjeve dhe festave t\u00eb r\u00ebnd\u00ebsishme t\u00eb historis\u00eb son\u00eb komb\u00ebtare, tha ambasadori Hoxha, esht\u00eb i vecant\u00eb e i njohur. Nuk ka prov\u00eb m\u00eb t\u00eb mire t\u00eb faktit se shqiponjat n\u00eb lirin\u00eb e tyre v\u00ebrtet\u00eb kan\u00eb flutuar n\u00eb hap\u00ebsira t\u00eb larg\u00ebta, si k\u00ebtu, por mendjen dhe shpirtin i kan\u00eb pazgjidhshem t\u00eb lidhura me vendlindjen, folen\u00eb e tyre&#8221;.<\/p>\n<p><strong>Kryetari i Shoqat\u00ebs Ana e Malit, n\u00eb em\u00ebr t\u00eb t\u00eb gjith\u00eb komunitetit anamlas ,kryesis\u00eb dhe bordit t\u00eb shoqat\u00ebs te falenderoj p\u00ebr pjesmarrje t\u00eb gjith\u00eb mysafir\u00ebt e mbr\u00ebmjes t\u00eb cil\u00ebt me prezenc\u00ebn e tyre e rrit\u00ebn madh\u00ebshtin\u00eb k\u00ebsaj mbremjes.<\/strong><br \/>\nAi poashtu b\u00ebri nj\u00eb fal\u00ebnderim t\u00eb posa\u00e7\u00ebm i cili iu drejtua te gjith\u00eb afarist\u00ebve dhe aktivist\u00ebve t\u00eb komunitetit dhe me gjer\u00eb t\u00eb cil\u00ebt si \u00e7do her\u00eb m\u00eb par\u00eb edhe k\u00ebsaj radhe dhan\u00eb kontributin e tyre ndaj shoqat\u00ebs Ana e Malit n\u00eb Nju Jork..<\/p>\n<p>&#8220;Jemi mbledhur sonte t\u00eb festojm\u00eb fest\u00ebn m\u00eb t\u00eb madhe komb\u00ebtare, tha Kurti, ku shihet qart\u00eb nga pjes\u00ebmarrje e Juaj, q\u00eb kjo fest\u00eb zgjon tek \u00e7donj\u00ebri nga Ju krenari komb\u00ebtare. Kjo krenari e Juaja zgjohet pik\u00ebrisht nga e kaluara e lavdishme e kombit ton\u00eb.<\/p>\n<p>Prandaj, tha ai n\u00eb k\u00ebt\u00eb dit\u00eb t\u00eb shenjt\u00eb, un\u00eb bashk\u00eb me ju dhe t\u00eb gjith\u00eb shqiptar\u00ebt an\u00eb e mban\u00eb botes, duhet s\u00eb pari t\u00eb shprehim nderimet dhe mir\u00ebnjohjen m\u00eb t\u00eb lart\u00eb p\u00ebrpara vepr\u00ebs s\u00eb d\u00ebshmor\u00ebve, t\u00eb cil\u00ebt dhan\u00eb jet\u00ebn p\u00ebr t\u00eb na mund\u00ebsuar t\u00eb g\u00ebzojm\u00eb lirin\u00eb q\u00eb kemi sot. Historikisht, kombi yn\u00eb dhimbjen gjithmon\u00eb e ktheu n\u00eb forc\u00eb.<\/p>\n<p>N\u00eb fund kryetari i shoqat\u00ebs Ismet Kurti, tha se &#8220;Mysafir\u00eb t\u00eb nderuar, m\u00eb lejoni ta mbyll\u00eb duke iu th\u00ebn\u00eb se shum\u00eb sfida t\u00eb m\u00ebdha ende ngelen para nesh dhe ne t\u00eb gjith\u00eb s\u00eb bashku duhet t\u00eb jemi t\u00eb p\u00ebrgatitur p\u00ebr t\u00eb b\u00ebr\u00eb p\u00ebrpjekjet dhe sakrificat e duhura p\u00ebr ti kaluar ato. Megjithat\u00eb un\u00eb jam i bindur se ne do ti kap\u00ebrcejm\u00eb k\u00ebto sfida, pasi kemi d\u00ebshmuar se kemi kap\u00ebrcyer sfida edhe m\u00eb t\u00eb m\u00ebdha n\u00eb t\u00eb kaluar\u00ebn ton\u00eb t\u00eb lavdishme.Prandaj, t\u00eb nderuar bashk\u00ebkombas, G\u00ebzuar dit\u00ebn e pavarsis\u00eb dhe Zoti e bekoft\u00eb Shqip\u00ebrin\u00eb dhe kombin shqiptar.&#8221;<\/p>\n<p><strong>Me q\u00ebllim shpalosjen e vlerave tona tradicionale e kulturore, veshjeve e kostumeve autoktone dhe folklorit anamalas, vlera k\u00ebto q\u00eb , populli i An\u00ebs s\u00eb Malit, me besnik\u00ebri i ruajti brez pa brezi, q\u00eb nga Illiria e vjet\u00ebr e t\u00eb cilat Anamal\u00ebsit, vazhdojn\u00eb t&#8217;i kultivojn\u00eb e mbrojn\u00eb me fanatiz\u00ebm e p\u00ebrkushtim edhe sot e k\u00ebsaj dite, erdh\u00ebn n\u00eb Nju Jork fest\u00ebn e flamurit p\u00ebr t\u00eb shfaqur nj\u00eb program t\u00eb pasur kulturor e artistik, SH.K. Tradita nga Ana e Malit, shoq\u00ebruar nga DJ Sammy dhe Valdet Luka, dhe Ismet Aloshi &#8211; shoq\u00ebruar nga grupi muzikor &#8220;Ceka&#8221;.<\/strong><\/p>\n<p>P\u00ebrve\u00e7 SH.K. Tradita, koncertin e madh artistik n\u00eb sall\u00ebn e organizmeve t\u00eb tilla n\u00eb Hotelin Hilton e kan p\u00ebrsh\u00ebndetur me interpretimet e tyre, edhe , aktori Shaban Laj\u00e7i, Agim Rugova dhe Tom Gjergji &#8211; nga Grupi Bashkimi Komb\u00ebtar me Gjergj Dedvukajn. T\u00eb cil\u00ebt, duke marr\u00eb shkas nga &#8220;Rasti i Beogradit&#8221; me loj\u00ebn Serbi &#8211; Shqip\u00ebri, padrejt\u00ebsis\u00eb s\u00eb gjykmit nga UEFA n\u00eb form\u00eb t\u00eb proteste, por edhe paraqitjes s\u00eb tebrealitetit t\u00eb hapsir\u00ebs s\u00eb trojeve mbar\u00eb shqiptare, e kishin titulluar interpretimin e tyre &#8220;N&#8217;troje tona nuk shuhemi kurr!&#8221;, dhe m\u00eb pas\u00eb ata pat\u00ebn nj\u00eb recitim me titull &#8220;Malli i M\u00ebrgimtarit&#8221; dhe keng\u00ebn &#8220;Loke Madhja po na l\u00ebshon Za&#8221; t\u00eb cilat u prit\u00ebn shum\u00eb mir\u00eb nga publiku.<\/p>\n<p>M\u00eb pas\u00eb me duartrokitje u prit\u00ebn interpretimet e humoristit\u00ebt t\u00eb njohur shkodran Besnik \u00c7inari, i cili \u00ebsht\u00eb nj\u00eb nga humorist\u00ebt m\u00eb t\u00eb njohur jo vet\u00ebm n\u00eb Shkod\u00ebr, por n\u00eb mbar\u00eb hapsir\u00ebn shqiptare si dhe k\u00ebng\u00ebtari i mir\u00ebnjohur i muzik\u00ebs popullore Shkelzen Jetishi i njohur me pseudonimin e tij &#8211; XENI i cili erdhi nga Gjakova ku jeton dhe vepron n\u00eb Kosov\u00eb.<\/p>\n<p>Mbr\u00ebmja festiva ka vazhduar me k\u00ebng\u00eb e valle nga t\u00eb gjitha trevat.<\/p>\n<p><object style=\"width: 450px; height: 366px;\" data=\"http:\/\/www.youtube.com\/v\/sofzlJ5cFzg?color2=FBE9EC&amp;version=3\" type=\"application\/x-shockwave-flash\" width=\"300\" height=\"150\"><param name=\"movie\" value=\"http:\/\/www.youtube.com\/v\/sofzlJ5cFzg?color2=FBE9EC&amp;version=3\" \/><param name=\"allowFullScreen\" value=\"true\" \/><param name=\"allowscriptaccess\" value=\"always\" \/><\/object><\/p>\n<div style=\"font-size: 0.8em;\"><\/div>\n<div style=\"font-size: 0.8em;\"><\/div>\n<p><object style=\"width: 450px; height: 366px;\" data=\"http:\/\/www.youtube.com\/v\/WTTcZkLseYU?color2=FBE9EC&amp;version=3\" type=\"application\/x-shockwave-flash\" width=\"300\" height=\"150\"><param name=\"movie\" value=\"http:\/\/www.youtube.com\/v\/WTTcZkLseYU?color2=FBE9EC&amp;version=3\" \/><param name=\"allowFullScreen\" value=\"true\" \/><param name=\"allowscriptaccess\" value=\"always\" \/><\/object><\/p>\n<div style=\"font-size: 0.8em;\">\n<div id='gallery-1' class='gallery galleryid-439 gallery-columns-4 gallery-size-thumbnail'><figure class='gallery-item'>\n\t\t\t<div class='gallery-icon landscape'>\n\t\t\t\t<a href='https:\/\/ulqini-online.com\/sajti\/wp-content\/uploads\/2014\/11\/Festa-flamurit-2014-shba.jpg'><img loading=\"lazy\" decoding=\"async\" width=\"150\" height=\"150\" src=\"https:\/\/ulqini-online.com\/sajti\/wp-content\/uploads\/2014\/11\/Festa-flamurit-2014-shba-150x150.jpg\" class=\"attachment-thumbnail size-thumbnail\" alt=\"\" srcset=\"https:\/\/ulqini-online.com\/sajti\/wp-content\/uploads\/2014\/11\/Festa-flamurit-2014-shba-150x150.jpg 150w, https:\/\/ulqini-online.com\/sajti\/wp-content\/uploads\/2014\/11\/Festa-flamurit-2014-shba-70x70.jpg 70w\" sizes=\"auto, (max-width: 150px) 100vw, 150px\" \/><\/a>\n\t\t\t<\/div><\/figure><figure class='gallery-item'>\n\t\t\t<div class='gallery-icon landscape'>\n\t\t\t\t<a href='https:\/\/ulqini-online.com\/sajti\/wp-content\/uploads\/2014\/11\/Festa-flamurit-2014-shba-1.jpg'><img loading=\"lazy\" decoding=\"async\" width=\"150\" height=\"150\" src=\"https:\/\/ulqini-online.com\/sajti\/wp-content\/uploads\/2014\/11\/Festa-flamurit-2014-shba-1-150x150.jpg\" class=\"attachment-thumbnail size-thumbnail\" alt=\"\" srcset=\"https:\/\/ulqini-online.com\/sajti\/wp-content\/uploads\/2014\/11\/Festa-flamurit-2014-shba-1-150x150.jpg 150w, https:\/\/ulqini-online.com\/sajti\/wp-content\/uploads\/2014\/11\/Festa-flamurit-2014-shba-1-70x70.jpg 70w\" sizes=\"auto, (max-width: 150px) 100vw, 150px\" \/><\/a>\n\t\t\t<\/div><\/figure><figure class='gallery-item'>\n\t\t\t<div class='gallery-icon landscape'>\n\t\t\t\t<a href='https:\/\/ulqini-online.com\/sajti\/wp-content\/uploads\/2014\/11\/Festa-flamurit-2014-shba-6.jpg'><img loading=\"lazy\" decoding=\"async\" width=\"150\" height=\"150\" src=\"https:\/\/ulqini-online.com\/sajti\/wp-content\/uploads\/2014\/11\/Festa-flamurit-2014-shba-6-150x150.jpg\" class=\"attachment-thumbnail size-thumbnail\" alt=\"\" srcset=\"https:\/\/ulqini-online.com\/sajti\/wp-content\/uploads\/2014\/11\/Festa-flamurit-2014-shba-6-150x150.jpg 150w, https:\/\/ulqini-online.com\/sajti\/wp-content\/uploads\/2014\/11\/Festa-flamurit-2014-shba-6-70x70.jpg 70w\" sizes=\"auto, (max-width: 150px) 100vw, 150px\" \/><\/a>\n\t\t\t<\/div><\/figure><figure class='gallery-item'>\n\t\t\t<div class='gallery-icon landscape'>\n\t\t\t\t<a href='https:\/\/ulqini-online.com\/sajti\/wp-content\/uploads\/2014\/11\/Festa-flamurit-2014-shba-4.jpg'><img loading=\"lazy\" decoding=\"async\" width=\"150\" height=\"150\" src=\"https:\/\/ulqini-online.com\/sajti\/wp-content\/uploads\/2014\/11\/Festa-flamurit-2014-shba-4-150x150.jpg\" class=\"attachment-thumbnail size-thumbnail\" alt=\"\" srcset=\"https:\/\/ulqini-online.com\/sajti\/wp-content\/uploads\/2014\/11\/Festa-flamurit-2014-shba-4-150x150.jpg 150w, https:\/\/ulqini-online.com\/sajti\/wp-content\/uploads\/2014\/11\/Festa-flamurit-2014-shba-4-70x70.jpg 70w\" sizes=\"auto, (max-width: 150px) 100vw, 150px\" \/><\/a>\n\t\t\t<\/div><\/figure><figure class='gallery-item'>\n\t\t\t<div class='gallery-icon landscape'>\n\t\t\t\t<a href='https:\/\/ulqini-online.com\/sajti\/wp-content\/uploads\/2014\/11\/Festa-flamurit-2014-shba-5.jpg'><img loading=\"lazy\" decoding=\"async\" width=\"150\" height=\"150\" src=\"https:\/\/ulqini-online.com\/sajti\/wp-content\/uploads\/2014\/11\/Festa-flamurit-2014-shba-5-150x150.jpg\" class=\"attachment-thumbnail size-thumbnail\" alt=\"\" srcset=\"https:\/\/ulqini-online.com\/sajti\/wp-content\/uploads\/2014\/11\/Festa-flamurit-2014-shba-5-150x150.jpg 150w, https:\/\/ulqini-online.com\/sajti\/wp-content\/uploads\/2014\/11\/Festa-flamurit-2014-shba-5-70x70.jpg 70w\" sizes=\"auto, (max-width: 150px) 100vw, 150px\" \/><\/a>\n\t\t\t<\/div><\/figure><figure class='gallery-item'>\n\t\t\t<div class='gallery-icon landscape'>\n\t\t\t\t<a href='https:\/\/ulqini-online.com\/sajti\/wp-content\/uploads\/2014\/11\/Festa-flamurit-2014-shba-2.jpg'><img loading=\"lazy\" decoding=\"async\" width=\"150\" height=\"150\" src=\"https:\/\/ulqini-online.com\/sajti\/wp-content\/uploads\/2014\/11\/Festa-flamurit-2014-shba-2-150x150.jpg\" class=\"attachment-thumbnail size-thumbnail\" alt=\"\" srcset=\"https:\/\/ulqini-online.com\/sajti\/wp-content\/uploads\/2014\/11\/Festa-flamurit-2014-shba-2-150x150.jpg 150w, https:\/\/ulqini-online.com\/sajti\/wp-content\/uploads\/2014\/11\/Festa-flamurit-2014-shba-2-70x70.jpg 70w\" sizes=\"auto, (max-width: 150px) 100vw, 150px\" \/><\/a>\n\t\t\t<\/div><\/figure><figure class='gallery-item'>\n\t\t\t<div class='gallery-icon landscape'>\n\t\t\t\t<a href='https:\/\/ulqini-online.com\/sajti\/wp-content\/uploads\/2014\/11\/Festa-flamurit-2014-shba-3.jpg'><img loading=\"lazy\" decoding=\"async\" width=\"150\" height=\"150\" src=\"https:\/\/ulqini-online.com\/sajti\/wp-content\/uploads\/2014\/11\/Festa-flamurit-2014-shba-3-150x150.jpg\" class=\"attachment-thumbnail size-thumbnail\" alt=\"\" srcset=\"https:\/\/ulqini-online.com\/sajti\/wp-content\/uploads\/2014\/11\/Festa-flamurit-2014-shba-3-150x150.jpg 150w, https:\/\/ulqini-online.com\/sajti\/wp-content\/uploads\/2014\/11\/Festa-flamurit-2014-shba-3-70x70.jpg 70w\" sizes=\"auto, (max-width: 150px) 100vw, 150px\" \/><\/a>\n\t\t\t<\/div><\/figure>\n\t\t<\/div>\n\n<\/div>\n","protected":false},"excerpt":{"rendered":"<p>Beqir SINA &#8211; Staten Island &#8211; Nju Jork STATEN ISLAND &#8211; NEW YORK : Nj\u00eb nd\u00ebr shoqatat m\u00eb aktive t\u00eb diaspor\u00ebs son\u00eb, shoqata Ana e Malit, n\u00eb Staten Island &#8211; Nju Jork, e cila p\u00ebr \u00e7do vit organizon manifestime t\u00eb rregullta p\u00ebr datat e r\u00ebnd\u00ebsishme komb\u00ebtare t\u00eb kombit ton\u00eb, edhe k\u00ebt\u00eb vit\u00eb organizoj\u00eb mbr\u00ebmjen festive [&hellip;]<\/p>\n","protected":false},"author":1,"featured_media":442,"comment_status":"open","ping_status":"open","sticky":false,"template":"","format":"standard","meta":{"_seopress_robots_primary_cat":"","_seopress_titles_title":"","_seopress_titles_desc":"","_seopress_robots_index":"","footnotes":""},"categories":[2,5],"tags":[],"class_list":["post-439","post","type-post","status-publish","format-standard","has-post-thumbnail","hentry","category-aktualitet","category-diaspora"],"_links":{"self":[{"href":"https:\/\/ulqini-online.com\/sajti\/index.php?rest_route=\/wp\/v2\/posts\/439","targetHints":{"allow":["GET"]}}],"collection":[{"href":"https:\/\/ulqini-online.com\/sajti\/index.php?rest_route=\/wp\/v2\/posts"}],"about":[{"href":"https:\/\/ulqini-online.com\/sajti\/index.php?rest_route=\/wp\/v2\/types\/post"}],"author":[{"embeddable":true,"href":"https:\/\/ulqini-online.com\/sajti\/index.php?rest_route=\/wp\/v2\/users\/1"}],"replies":[{"embeddable":true,"href":"https:\/\/ulqini-online.com\/sajti\/index.php?rest_route=%2Fwp%2Fv2%2Fcomments&post=439"}],"version-history":[{"count":5,"href":"https:\/\/ulqini-online.com\/sajti\/index.php?rest_route=\/wp\/v2\/posts\/439\/revisions"}],"predecessor-version":[{"id":451,"href":"https:\/\/ulqini-online.com\/sajti\/index.php?rest_route=\/wp\/v2\/posts\/439\/revisions\/451"}],"wp:featuredmedia":[{"embeddable":true,"href":"https:\/\/ulqini-online.com\/sajti\/index.php?rest_route=\/wp\/v2\/media\/442"}],"wp:attachment":[{"href":"https:\/\/ulqini-online.com\/sajti\/index.php?rest_route=%2Fwp%2Fv2%2Fmedia&parent=439"}],"wp:term":[{"taxonomy":"category","embeddable":true,"href":"https:\/\/ulqini-online.com\/sajti\/index.php?rest_route=%2Fwp%2Fv2%2Fcategories&post=439"},{"taxonomy":"post_tag","embeddable":true,"href":"https:\/\/ulqini-online.com\/sajti\/index.php?rest_route=%2Fwp%2Fv2%2Ftags&post=439"}],"curies":[{"name":"wp","href":"https:\/\/api.w.org\/{rel}","templated":true}]}}