{"id":41759,"date":"2026-09-06T13:03:01","date_gmt":"2026-09-06T11:03:01","guid":{"rendered":"https:\/\/ulqini-online.com\/sajti\/?p=41759"},"modified":"2026-09-06T13:03:01","modified_gmt":"2026-09-06T11:03:01","slug":"nga-ulqini-ne-durres-jeta-e-kapidanit-ahmet-kapedani","status":"publish","type":"post","link":"https:\/\/ulqini-online.com\/sajti\/?p=41759","title":{"rendered":"Nga Ulqini n\u00eb Durr\u00ebs, jeta e kapidanit Ahmet Kapedani"},"content":{"rendered":"<figure class=\"wp-block-post-featured-image\"><img loading=\"lazy\" decoding=\"async\" width=\"900\" height=\"675\" src=\"https:\/\/ulqini-online.com\/sajti\/wp-content\/uploads\/2026\/09\/Kapedani_ulqinak_ahmet_kapedani.jpg\" class=\"attachment-post-thumbnail size-post-thumbnail wp-post-image\" alt=\"\" style=\"object-fit:cover;\" srcset=\"https:\/\/ulqini-online.com\/sajti\/wp-content\/uploads\/2026\/09\/Kapedani_ulqinak_ahmet_kapedani.jpg 900w, https:\/\/ulqini-online.com\/sajti\/wp-content\/uploads\/2026\/09\/Kapedani_ulqinak_ahmet_kapedani-300x225.jpg 300w, https:\/\/ulqini-online.com\/sajti\/wp-content\/uploads\/2026\/09\/Kapedani_ulqinak_ahmet_kapedani-768x576.jpg 768w\" sizes=\"auto, (max-width: 900px) 100vw, 900px\" \/><\/figure>\n\n\n<p class=\"has-text-align-center wp-block-paragraph\"><strong>Fragmenti\/fotografia e faqes:<\/strong>\u00a0skanim nga faqja e autorit\u00a0<strong>Shefqet H. K\u00ebrcelli<\/strong>\u00a0n\u00eb Facebook, publikuar nga vet\u00eb autori.<\/p>\n\n\n\n<p class=\"wp-block-paragraph\"><strong>Nj\u00eb fragment i rrall\u00eb nga libri \u201cAntologji e Detaris\u00eb Shqiptare\u201d i Shefqet H. K\u00ebrcellit sjell portretin e Ahmet Kapedanit, nj\u00eb prej figurave t\u00eb detaris\u00eb shqiptare me origjin\u00eb nga Ulqini. Historia e tij \u00ebsht\u00eb ajo e nj\u00eb brezi detar\u00ebsh q\u00eb e lidh\u00ebn jet\u00ebn me detin, por edhe e nj\u00eb intelektuali e profesionisti q\u00eb i sh\u00ebrbeu organizimit t\u00eb Marin\u00ebs Shqiptare, shkruan Ulqini Online.<\/strong><\/p>\n\n\n\n<p class=\"wp-block-paragraph\">\u201cKapidani ulqinak, Ahmet Kapedani\u201d \u2013 k\u00ebshtu titullohet fragmenti i shk\u00ebputur nga vepra e Shefqet H. K\u00ebrcellit, ku autori sjell jo vet\u00ebm t\u00eb dh\u00ebna biografike p\u00ebr Kapedanin, por edhe nj\u00eb tablo prek\u00ebse nga vitet e fundit t\u00eb jet\u00ebs s\u00eb tij.<\/p>\n\n\n\n<p class=\"wp-block-paragraph\">K\u00ebrcelli e p\u00ebrshkruan Ahmet Kapedanin si nj\u00eb&nbsp;<strong>p\u00ebrfaq\u00ebsues tipik t\u00eb kapedan\u00ebve ulqinak\u00eb<\/strong>, nj\u00eb njeri q\u00eb e kishte lidhur jet\u00ebn me detin q\u00eb n\u00eb rini dhe q\u00eb, edhe n\u00eb pleq\u00ebri, e ruante t\u00eb gjall\u00eb lidhjen shpirt\u00ebrore me t\u00eb.<\/p>\n\n\n\n<p class=\"wp-block-paragraph\">N\u00eb nj\u00eb dhom\u00eb t\u00eb vog\u00ebl, mbi kodrat e Durr\u00ebsit, pran\u00eb dritares nga ku mund t\u00eb shihte detin, Kapedani kalonte vitet e fundit t\u00eb jet\u00ebs. Dialogu i sjell\u00eb nga autori \u00ebsht\u00eb nd\u00ebr pjes\u00ebt m\u00eb dometh\u00ebn\u00ebse t\u00eb k\u00ebtij portreti. Kur pyetet \u201csi je, kapidan?\u201d, p\u00ebrgjigjja e tij \u00ebsht\u00eb e dhimbshme:<\/p>\n\n\n\n<p class=\"wp-block-paragraph\"><strong>\u201cKapidani ka vdek\u00eb, m&#8217;u p\u00ebrgjigj, qysh se \u00ebsht\u00eb mbyllur k\u00ebtu brenda.\u201d<\/strong><\/p>\n\n\n\n<p class=\"wp-block-paragraph\">E megjithat\u00eb, deti vazhdonte t&#8217;i jepte atij nj\u00eb lloj lirie. Sipas fragmentit, Kapedani shprehej se shpirti i tij qet\u00ebsohej vet\u00ebm nga dritarja, kur shihte detin, sepse n\u00eb ato \u00e7aste i dukej vetja p\u00ebrs\u00ebri n\u00eb bark\u00eb. Ishte pik\u00ebrisht kjo lidhje me detin q\u00eb, sipas autorit, i \u201czgjaste jet\u00ebn plakut\u201d.<\/p>\n\n\n\n<p class=\"wp-block-paragraph\"><strong>Nga Ulqini n\u00eb Stamboll, Shkod\u00ebr e Durr\u00ebs<\/strong><\/p>\n\n\n\n<p class=\"wp-block-paragraph\">Ahmet Sul Kapedani lindi n\u00eb&nbsp;<strong>Ulqin m\u00eb 1886<\/strong>. Sipas K\u00ebrcellit, ai u diplomua n\u00eb&nbsp;<strong>Shkoll\u00ebn e Detaris\u00eb n\u00eb Stamboll<\/strong>, duke marr\u00eb nj\u00eb formim profesional q\u00eb do ta shoq\u00ebronte gjat\u00eb gjith\u00eb jet\u00ebs.<\/p>\n\n\n\n<p class=\"wp-block-paragraph\">M\u00eb pas emigroi fillimisht n\u00eb Shkod\u00ebr e m\u00eb von\u00eb n\u00eb Durr\u00ebs. Autori e p\u00ebrshkruan si nj\u00eb njeri&nbsp;<strong>p\u00ebrparimtar dhe me kultur\u00eb t\u00eb gjer\u00eb<\/strong>, jo vet\u00ebm n\u00eb fush\u00ebn e detaris\u00eb.<\/p>\n\n\n\n<p class=\"wp-block-paragraph\">Gjat\u00eb periudh\u00ebs s\u00eb Mbret\u00ebris\u00eb Shqiptare, Kapedani u em\u00ebrua&nbsp;<strong>komandant i Marin\u00ebs Luftarake<\/strong>. N\u00eb t\u00eb nj\u00ebjt\u00ebn koh\u00eb, ai ishte pronar i anijeve&nbsp;<strong>\u201cAnjeza\u201d<\/strong>&nbsp;dhe&nbsp;<strong>\u201cPema\u201d<\/strong>, duke qen\u00eb k\u00ebshtu i p\u00ebrfshir\u00eb edhe n\u00eb veprimtarin\u00eb detare private.<\/p>\n\n\n\n<p class=\"wp-block-paragraph\">Jeta e tij u mbyll n\u00eb Durr\u00ebs, n\u00eb lagjen Kala, n\u00eb vitin&nbsp;<strong>1957<\/strong>. Sipas autorit, p\u00ebrcjellja e tij u b\u00eb n\u00eb m\u00ebnyr\u00eb dinjitoze, nga detar\u00eb dhe qytetar\u00eb t\u00eb shumt\u00eb.<\/p>\n\n\n\n<p class=\"wp-block-paragraph\">Historia e Ahmet Kapedanit \u00ebsht\u00eb m\u00eb shum\u00eb se nj\u00eb biografi e nj\u00eb kapidani. Ajo \u00ebsht\u00eb nj\u00eb cop\u00ebz e historis\u00eb s\u00eb&nbsp;<strong>detaris\u00eb shqiptare dhe t\u00eb komunitetit t\u00eb detar\u00ebve ulqinak\u00eb<\/strong>, t\u00eb cil\u00ebt p\u00ebrmes dijes, p\u00ebrvoj\u00ebs dhe tradit\u00ebs s\u00eb tyre detare dhan\u00eb kontribut n\u00eb zhvillimin e jet\u00ebs detare shqiptare.<\/p>\n\n\n\n<p class=\"wp-block-paragraph\"><\/p>\n\n\n\n<p class=\"wp-block-paragraph\"><strong>Burimi:<\/strong>&nbsp;Shefqet H. K\u00ebrcelli,&nbsp;<em>Antologji e Detaris\u00eb Shqiptare<\/em>, Pjesa I, \u201cNga lasht\u00ebsia deri n\u00eb vitin 1960\u201d, Durr\u00ebs, 2012.<\/p>\n\n\n\n<p class=\"wp-block-paragraph\"><\/p>\n","protected":false},"excerpt":{"rendered":"<p>Fragmenti\/fotografia e faqes:\u00a0skanim nga faqja e autorit\u00a0Shefqet H. K\u00ebrcelli\u00a0n\u00eb Facebook, publikuar nga vet\u00eb autori. Nj\u00eb fragment i rrall\u00eb nga libri \u201cAntologji e Detaris\u00eb Shqiptare\u201d i Shefqet H. K\u00ebrcellit sjell portretin e Ahmet Kapedanit, nj\u00eb prej figurave t\u00eb detaris\u00eb shqiptare me origjin\u00eb nga Ulqini. Historia e tij \u00ebsht\u00eb ajo e nj\u00eb brezi detar\u00ebsh q\u00eb e lidh\u00ebn [&hellip;]<\/p>\n","protected":false},"author":1,"featured_media":41760,"comment_status":"open","ping_status":"open","sticky":false,"template":"","format":"standard","meta":{"_seopress_titles_title":"%%post_title%% %%sep%% %%sitetitle%%","_seopress_titles_desc":"","_seopress_robots_index":"","_seopress_robots_follow":"","_seopress_robots_imageindex":"","_seopress_robots_snippet":"","_seopress_robots_primary_cat":"","_seopress_robots_breadcrumbs":"","_seopress_robots_freeze_modified_date":"","_seopress_robots_custom_modified_date":"","_seopress_robots_canonical":"","_seopress_social_fb_title":"","_seopress_social_fb_desc":"","_seopress_social_fb_img":"","_seopress_social_fb_img_attachment_id":0,"_seopress_social_fb_img_width":0,"_seopress_social_fb_img_height":0,"_seopress_social_twitter_title":"","_seopress_social_twitter_desc":"","_seopress_social_twitter_img":"","_seopress_social_twitter_img_attachment_id":0,"_seopress_social_twitter_img_width":0,"_seopress_social_twitter_img_height":0,"_seopress_redirections_value":"","_seopress_redirections_enabled":"","_seopress_redirections_enabled_regex":"","_seopress_redirections_logged_status":"","_seopress_redirections_param":"","_seopress_redirections_type":0,"_seopress_analysis_target_kw":"","footnotes":""},"categories":[2,15],"tags":[],"class_list":["post-41759","post","type-post","status-publish","format-standard","has-post-thumbnail","hentry","category-aktualitet","category-portrete"],"_links":{"self":[{"href":"https:\/\/ulqini-online.com\/sajti\/index.php?rest_route=\/wp\/v2\/posts\/41759","targetHints":{"allow":["GET"]}}],"collection":[{"href":"https:\/\/ulqini-online.com\/sajti\/index.php?rest_route=\/wp\/v2\/posts"}],"about":[{"href":"https:\/\/ulqini-online.com\/sajti\/index.php?rest_route=\/wp\/v2\/types\/post"}],"author":[{"embeddable":true,"href":"https:\/\/ulqini-online.com\/sajti\/index.php?rest_route=\/wp\/v2\/users\/1"}],"replies":[{"embeddable":true,"href":"https:\/\/ulqini-online.com\/sajti\/index.php?rest_route=%2Fwp%2Fv2%2Fcomments&post=41759"}],"version-history":[{"count":1,"href":"https:\/\/ulqini-online.com\/sajti\/index.php?rest_route=\/wp\/v2\/posts\/41759\/revisions"}],"predecessor-version":[{"id":41761,"href":"https:\/\/ulqini-online.com\/sajti\/index.php?rest_route=\/wp\/v2\/posts\/41759\/revisions\/41761"}],"wp:featuredmedia":[{"embeddable":true,"href":"https:\/\/ulqini-online.com\/sajti\/index.php?rest_route=\/wp\/v2\/media\/41760"}],"wp:attachment":[{"href":"https:\/\/ulqini-online.com\/sajti\/index.php?rest_route=%2Fwp%2Fv2%2Fmedia&parent=41759"}],"wp:term":[{"taxonomy":"category","embeddable":true,"href":"https:\/\/ulqini-online.com\/sajti\/index.php?rest_route=%2Fwp%2Fv2%2Fcategories&post=41759"},{"taxonomy":"post_tag","embeddable":true,"href":"https:\/\/ulqini-online.com\/sajti\/index.php?rest_route=%2Fwp%2Fv2%2Ftags&post=41759"}],"curies":[{"name":"wp","href":"https:\/\/api.w.org\/{rel}","templated":true}]}}