{"id":41756,"date":"2026-09-05T09:06:17","date_gmt":"2026-09-05T07:06:17","guid":{"rendered":"https:\/\/ulqini-online.com\/sajti\/?p=41756"},"modified":"2026-09-05T09:06:17","modified_gmt":"2026-09-05T07:06:17","slug":"komuna-e-ulqinit-ne-dy-shkolla-per-fillimin-e-vitit-te-ri-shkolla-ne-katerkolle-mbeti-pa-vizite-zyrtare","status":"publish","type":"post","link":"https:\/\/ulqini-online.com\/sajti\/?p=41756","title":{"rendered":"Komuna e Ulqinit n\u00eb dy shkolla p\u00ebr fillimin e vitit t\u00eb ri, shkolla n\u00eb Kat\u00ebrkoll\u00eb mbeti pa vizit\u00eb zyrtare"},"content":{"rendered":"<figure class=\"wp-block-post-featured-image\"><img loading=\"lazy\" decoding=\"async\" width=\"900\" height=\"506\" src=\"https:\/\/ulqini-online.com\/sajti\/wp-content\/uploads\/2026\/09\/Fillimi_vitit_te_ri_shkollor_Katerkolle.jpg\" class=\"attachment-post-thumbnail size-post-thumbnail wp-post-image\" alt=\"\" style=\"object-fit:cover;\" srcset=\"https:\/\/ulqini-online.com\/sajti\/wp-content\/uploads\/2026\/09\/Fillimi_vitit_te_ri_shkollor_Katerkolle.jpg 900w, https:\/\/ulqini-online.com\/sajti\/wp-content\/uploads\/2026\/09\/Fillimi_vitit_te_ri_shkollor_Katerkolle-300x169.jpg 300w, https:\/\/ulqini-online.com\/sajti\/wp-content\/uploads\/2026\/09\/Fillimi_vitit_te_ri_shkollor_Katerkolle-768x432.jpg 768w\" sizes=\"auto, (max-width: 900px) 100vw, 900px\" \/><\/figure>\n\n\n<p class=\"has-text-align-center wp-block-paragraph\"><em>Foto: Facebook\/IPSHF &#8220;Bedri Elezaga&#8221; Kat\u00ebrkoll\u00eb<\/em><\/p>\n\n\n\n<p class=\"wp-block-paragraph\">Me rastin e fillimit t\u00eb vitit t\u00eb ri shkollor, p\u00ebrfaq\u00ebsuesit m\u00eb t\u00eb lart\u00eb t\u00eb Komun\u00ebs s\u00eb Ulqinit mor\u00ebn pjes\u00eb n\u00eb aktivitetet e organizuara n\u00eb dy shkolla fillore t\u00eb qytetit. Kryetari i Komun\u00ebs, Genci Nimanbegu, ishte i pranish\u00ebm n\u00eb pritjen solemne t\u00eb nx\u00ebn\u00ebsve t\u00eb klasave t\u00eb para n\u00eb ShF &#8220;Marshall Tito&#8221;, nd\u00ebrsa n\u00ebnkryetari Petar Deliq vizitoi ShF &#8220;Boshko Strugar&#8221;, ku u njoh edhe me ecurin\u00eb e punimeve p\u00ebr renovimin e sall\u00ebs s\u00eb fiskultur\u00ebs.<\/p>\n\n\n\n<p class=\"wp-block-paragraph\">N\u00eb t\u00eb dyja rastet, Komuna e Ulqinit theksoi p\u00ebrkushtimin e saj p\u00ebr mb\u00ebshtetjen e institucioneve arsimore dhe investimet n\u00eb p\u00ebrmir\u00ebsimin e kushteve p\u00ebr nx\u00ebn\u00ebsit.<\/p>\n\n\n\n<p class=\"wp-block-paragraph\">Megjithat\u00eb, ndryshe nga k\u00ebto dy shkolla, n\u00eb ceremonin\u00eb e pritjes s\u00eb nx\u00ebn\u00ebsve t\u00eb klasave t\u00eb para n\u00eb SHF &#8220;Bedri Elezaga&#8221; n\u00eb Kat\u00ebrkoll\u00eb nuk mori pjes\u00eb asnj\u00eb p\u00ebrfaq\u00ebsues i Komun\u00ebs s\u00eb Ulqinit.<\/p>\n\n\n\n<p class=\"wp-block-paragraph\">Sipas postimit t\u00eb publikuar nga vet\u00eb shkolla, ceremonia u zhvillua n\u00eb nj\u00eb atmosfer\u00eb festive si n\u00eb shkoll\u00ebn am\u00eb, ashtu edhe n\u00eb paralelet e ndara, ku nx\u00ebn\u00ebsit e rinj u prit\u00ebn me dhurata dhe mesazhe mir\u00ebseardhjeje. N\u00eb njoftim p\u00ebrmendet se fillestar\u00ebt mor\u00ebn dhurata nga Kryetari i Komun\u00ebs s\u00eb Ulqinit dhe nga kompania Plazma, si dhe flet\u00eb-mir\u00ebseardhjeje nga drejtoria e shkoll\u00ebs, por pa pranin\u00eb fizike t\u00eb ndonj\u00eb zyrtari komunal.<\/p>\n\n\n\n<p class=\"wp-block-paragraph\">Kjo ka ngjallur pyetje n\u00eb opinionin lokal n\u00ebse shkollat n\u00eb territorin e Komun\u00ebs s\u00eb Ulqinit po trajtohen me t\u00eb nj\u00ebjtin nivel v\u00ebmendjeje n\u00eb ngjarje simbolike si fillimi i vitit t\u00eb ri shkollor. Duke qen\u00eb se SHF &#8220;Bedri Elezaga&#8221; \u00ebsht\u00eb nj\u00eb nga institucionet m\u00eb t\u00eb r\u00ebnd\u00ebsishme arsimore n\u00eb An\u00ebn e Malit dhe pjes\u00eb e sistemit arsimor t\u00eb Komun\u00ebs s\u00eb Ulqinit, mungesa e nj\u00eb delegacioni komunal n\u00eb ceremonin\u00eb e saj nuk ka kaluar pa u v\u00ebn\u00eb re.<\/p>\n\n\n\n<p class=\"wp-block-paragraph\">Nd\u00ebrsa Komuna ka theksuar vazhdimisht se arsimi dhe f\u00ebmij\u00ebt mbeten nd\u00ebr prioritetet e saj kryesore, mbetet p\u00ebr t&#8217;u par\u00eb n\u00ebse do t\u00eb ket\u00eb nj\u00eb sqarim zyrtar lidhur me munges\u00ebn e p\u00ebrfaq\u00ebsuesve komunal\u00eb n\u00eb ceremonin\u00eb e organizuar n\u00eb Kat\u00ebrkoll\u00eb.<\/p>\n","protected":false},"excerpt":{"rendered":"<p>Foto: Facebook\/IPSHF &#8220;Bedri Elezaga&#8221; Kat\u00ebrkoll\u00eb Me rastin e fillimit t\u00eb vitit t\u00eb ri shkollor, p\u00ebrfaq\u00ebsuesit m\u00eb t\u00eb lart\u00eb t\u00eb Komun\u00ebs s\u00eb Ulqinit mor\u00ebn pjes\u00eb n\u00eb aktivitetet e organizuara n\u00eb dy shkolla fillore t\u00eb qytetit. Kryetari i Komun\u00ebs, Genci Nimanbegu, ishte i pranish\u00ebm n\u00eb pritjen solemne t\u00eb nx\u00ebn\u00ebsve t\u00eb klasave t\u00eb para n\u00eb ShF &#8220;Marshall Tito&#8221;, [&hellip;]<\/p>\n","protected":false},"author":1,"featured_media":41757,"comment_status":"open","ping_status":"open","sticky":false,"template":"","format":"standard","meta":{"_seopress_titles_title":"%%post_title%% %%sep%% %%sitetitle%%","_seopress_titles_desc":"","_seopress_robots_index":"","_seopress_robots_follow":"","_seopress_robots_imageindex":"","_seopress_robots_snippet":"","_seopress_robots_primary_cat":"","_seopress_robots_breadcrumbs":"","_seopress_robots_freeze_modified_date":"","_seopress_robots_custom_modified_date":"","_seopress_robots_canonical":"","_seopress_social_fb_title":"","_seopress_social_fb_desc":"","_seopress_social_fb_img":"","_seopress_social_fb_img_attachment_id":0,"_seopress_social_fb_img_width":0,"_seopress_social_fb_img_height":0,"_seopress_social_twitter_title":"","_seopress_social_twitter_desc":"","_seopress_social_twitter_img":"","_seopress_social_twitter_img_attachment_id":0,"_seopress_social_twitter_img_width":0,"_seopress_social_twitter_img_height":0,"_seopress_redirections_value":"","_seopress_redirections_enabled":"","_seopress_redirections_enabled_regex":"","_seopress_redirections_logged_status":"","_seopress_redirections_param":"","_seopress_redirections_type":0,"_seopress_analysis_target_kw":"","footnotes":""},"categories":[2,4],"tags":[],"class_list":["post-41756","post","type-post","status-publish","format-standard","has-post-thumbnail","hentry","category-aktualitet","category-kronike"],"_links":{"self":[{"href":"https:\/\/ulqini-online.com\/sajti\/index.php?rest_route=\/wp\/v2\/posts\/41756","targetHints":{"allow":["GET"]}}],"collection":[{"href":"https:\/\/ulqini-online.com\/sajti\/index.php?rest_route=\/wp\/v2\/posts"}],"about":[{"href":"https:\/\/ulqini-online.com\/sajti\/index.php?rest_route=\/wp\/v2\/types\/post"}],"author":[{"embeddable":true,"href":"https:\/\/ulqini-online.com\/sajti\/index.php?rest_route=\/wp\/v2\/users\/1"}],"replies":[{"embeddable":true,"href":"https:\/\/ulqini-online.com\/sajti\/index.php?rest_route=%2Fwp%2Fv2%2Fcomments&post=41756"}],"version-history":[{"count":1,"href":"https:\/\/ulqini-online.com\/sajti\/index.php?rest_route=\/wp\/v2\/posts\/41756\/revisions"}],"predecessor-version":[{"id":41758,"href":"https:\/\/ulqini-online.com\/sajti\/index.php?rest_route=\/wp\/v2\/posts\/41756\/revisions\/41758"}],"wp:featuredmedia":[{"embeddable":true,"href":"https:\/\/ulqini-online.com\/sajti\/index.php?rest_route=\/wp\/v2\/media\/41757"}],"wp:attachment":[{"href":"https:\/\/ulqini-online.com\/sajti\/index.php?rest_route=%2Fwp%2Fv2%2Fmedia&parent=41756"}],"wp:term":[{"taxonomy":"category","embeddable":true,"href":"https:\/\/ulqini-online.com\/sajti\/index.php?rest_route=%2Fwp%2Fv2%2Fcategories&post=41756"},{"taxonomy":"post_tag","embeddable":true,"href":"https:\/\/ulqini-online.com\/sajti\/index.php?rest_route=%2Fwp%2Fv2%2Ftags&post=41756"}],"curies":[{"name":"wp","href":"https:\/\/api.w.org\/{rel}","templated":true}]}}