{"id":41754,"date":"2026-09-05T08:50:00","date_gmt":"2026-09-05T06:50:00","guid":{"rendered":"https:\/\/ulqini-online.com\/sajti\/?p=41754"},"modified":"2026-09-05T09:17:09","modified_gmt":"2026-09-05T07:17:09","slug":"ld-ne-mal-te-zi-qendrimi-yne-ndaj-andrija-mandiqit-ka-qene-i-qarte-qe-nga-fillimi","status":"publish","type":"post","link":"https:\/\/ulqini-online.com\/sajti\/?p=41754","title":{"rendered":"LD n\u00eb Mal t\u00eb Zi: Q\u00ebndrimi yn\u00eb ndaj Andrija Mandiqit ka qen\u00eb\u00a0 i qart\u00eb q\u00eb nga fillimi"},"content":{"rendered":"<figure class=\"wp-block-post-featured-image\"><img loading=\"lazy\" decoding=\"async\" width=\"269\" height=\"187\" src=\"https:\/\/ulqini-online.com\/sajti\/wp-content\/uploads\/2015\/09\/ld-ne-mz.jpg\" class=\"attachment-post-thumbnail size-post-thumbnail wp-post-image\" alt=\"\" style=\"object-fit:cover;\" \/><\/figure>\n\n\n<p class=\"wp-block-paragraph\">Lidhja Demokratike n\u00eb Mal t\u00eb Zi ka reaguar ndaj zhvillimeve t\u00eb fundit politike q\u00eb lidhen me iniciativ\u00ebn p\u00ebr shkarkimin e Kryetarit t\u00eb Kuvendit, Andrija Mandiq, pas deklaratave dhe veprimeve t\u00eb tij n\u00eb lidhje me Ratko Mladiqin. LD n\u00eb MZ thekson se q\u00ebndrimi i saj kund\u00ebr Mandiqit nuk buron nga iniciativa e DPS-s\u00eb, por \u00ebsht\u00eb nj\u00eb pozicion i pandryshuar dhe parimor q\u00eb nga momenti i zgjedhjes s\u00eb tij n\u00eb krye t\u00eb Kuvendit. Partia u b\u00ebn thirrje deputet\u00ebve shqiptar\u00eb dhe boshnjak\u00eb q\u00eb t\u00eb mbajn\u00eb nj\u00eb q\u00ebndrim t\u00eb qart\u00eb politik, njer\u00ebzor dhe moral ndaj glorifikimit t\u00eb personave t\u00eb d\u00ebnuar p\u00ebr krime lufte.<\/p>\n\n\n\n<hr class=\"wp-block-separator has-alpha-channel-opacity\"\/>\n\n\n\n<h2 class=\"wp-block-heading\">KUMTES\u00cb P\u00cbR OPINIONIN PUBLIK<\/h2>\n\n\n\n<p class=\"wp-block-paragraph\"><strong>KUMTES\u00cb P\u00cbR OPINIONIN PUBLIK<\/strong><\/p>\n\n\n\n<p class=\"wp-block-paragraph\"><strong>Q\u00ebndrimi yn\u00eb ndaj Andrija Mandiqit ka qen\u00eb&nbsp; i qart\u00eb q\u00eb nga fillimi<\/strong><\/p>\n\n\n\n<p class=\"wp-block-paragraph\">Lidhja Demokratike n\u00eb Mal t\u00eb Zi ndjek me v\u00ebmendje zhvillimet e fundit politike lidhur me iniciativ\u00ebn p\u00ebr shkarkimin e Kryetarit t\u00eb Kuvendit t\u00eb Malit t\u00eb Zi, Andrija Mandiq, <strong>pas deklaratave dhe veprimeve t\u00eb tij publike n\u00eb lidhje me kriminelin e luft\u00ebs Ratko Mladiq.<\/strong><\/p>\n\n\n\n<p class=\"wp-block-paragraph\">N\u00eb k\u00ebt\u00eb kontekst, <strong>LD n\u00eb MZ d\u00ebshiron t\u00eb b\u00ebj\u00eb t\u00eb qart\u00eb se q\u00ebndrimi yn\u00eb nuk \u00ebsht\u00eb rezultat i iniciativ\u00ebs s\u00eb DPS-it \/ PDS-s\u00eb dhe as nuk p\u00ebrb\u00ebn mb\u00ebshtetje politike p\u00ebr at\u00eb iniciativ\u00eb.<\/strong><\/p>\n\n\n\n<p class=\"wp-block-paragraph\">Q\u00ebndrimi i Lidhjes Demokratike n\u00eb Mal t\u00eb Zi ndaj Andrija Mandiqit dhe shumic\u00ebs parlamentare ka qen\u00eb <strong>i qart\u00eb, parimor dhe koherent q\u00eb nga dita e par\u00eb.<\/strong><\/p>\n\n\n\n<p class=\"wp-block-paragraph\">Q\u00eb n\u00eb momentin kur u b\u00eb e ditur se Andrija Mandi\u0107 do t\u00eb zgjidhej Kryetar i Kuvendit t\u00eb Malit t\u00eb Zi, n\u00eb kuad\u00ebr t\u00eb marr\u00ebveshjes p\u00ebr formimin e shumic\u00ebs parlamentare me subjektet pro-serbe, me mb\u00ebshtetjen e L\u00ebvizjes \u201cEvropa Tani\u201d, Partis\u00eb Boshnjake dhe nj\u00eb pjese t\u00eb subjekteve politike shqiptare, <strong>LD n\u00eb MZ e ka kund\u00ebrshtuar publikisht dhe kategorikisht k\u00ebt\u00eb zgjidhje politike.<\/strong><\/p>\n\n\n\n<p class=\"wp-block-paragraph\">P\u00ebr ne, \u00e7\u00ebshtja nuk ka qen\u00eb dhe nuk \u00ebsht\u00eb vet\u00ebm emri i nj\u00eb personi, por <strong>parimet mbi t\u00eb cilat duhet t\u00eb nd\u00ebrtohen institucionet e nj\u00eb shteti demokratik, qytetar dhe evropian.<\/strong><\/p>\n\n\n\n<p class=\"wp-block-paragraph\">K\u00ebt\u00eb q\u00ebndrim ia kemi komunikuar edhe <strong>Presidentit t\u00eb Malit t\u00eb Zi, z. Jakov Milatoviq<\/strong>, gjat\u00eb takimit konsultativ p\u00ebr p\u00ebrcaktimin e mandatarit p\u00ebr formimin e Qeveris\u00eb.<\/p>\n\n\n\n<p class=\"wp-block-paragraph\">Q\u00eb at\u00ebher\u00eb kemi b\u00ebr\u00eb t\u00eb qart\u00eb se, n\u00ebse n\u00eb shumic\u00ebn parlamentare do t\u00eb p\u00ebrfshiheshin subjektet pro-serbe dhe n\u00eb krye t\u00eb Kuvendit do t\u00eb ishte Andrija Mandi\u0107, <strong>LD n\u00eb MZ nuk do ta mb\u00ebshteste kandidatur\u00ebn e Millojko Spajiqit p\u00ebr Kryeminist\u00ebr.<\/strong><\/p>\n\n\n\n<p class=\"wp-block-paragraph\">Ky nuk ishte nj\u00eb q\u00ebndrim i marr\u00eb pas formimit t\u00eb Qeveris\u00eb dhe as reagim ndaj zhvillimeve t\u00eb dit\u00ebve t\u00eb fundit. <strong>Ishte q\u00ebndrimi yn\u00eb para se t\u00eb formohej shumica dhe Qeveria.<\/strong><\/p>\n\n\n\n<p class=\"wp-block-paragraph\">Si rezultat i k\u00ebtij q\u00ebndrimi, <strong>LD n\u00eb MZ nuk \u00ebsht\u00eb pjes\u00eb e Qeveris\u00eb s\u00eb Malit t\u00eb Zi.<\/strong><\/p>\n\n\n\n<p class=\"wp-block-paragraph\">Dit\u00ebve t\u00eb fundit \u00ebsht\u00eb b\u00ebr\u00eb publike iniciativa e <strong>DPS-it \/ PDS-s\u00eb p\u00ebr shkarkimin e Kryetarit t\u00eb Kuvendit, Andrija Mandiq<\/strong>, pas deklaratave dhe veprimeve t\u00eb tij publike n\u00eb lidhje me Ratko Mladiqin, p\u00ebrfshir\u00eb nderimin e figur\u00ebs s\u00eb tij dhe shprehjen e ngush\u00ebllimeve familjes s\u00eb tij.<\/p>\n\n\n\n<p class=\"wp-block-paragraph\">N\u00eb k\u00ebt\u00eb pik\u00eb d\u00ebshirojm\u00eb t\u00eb jemi shum\u00eb t\u00eb qart\u00eb:<\/p>\n\n\n\n<p class=\"wp-block-paragraph\"><strong>LD n\u00eb MZ nuk po i bashkohet iniciativ\u00ebs s\u00eb DPS\/PDS-s\u00eb dhe nuk b\u00ebhet fjal\u00eb p\u00ebr mb\u00ebshtetje t\u00eb ndonj\u00eb iniciative t\u00eb tyre politike.<\/strong><\/p>\n\n\n\n<p class=\"wp-block-paragraph\">Q\u00ebndrimi yn\u00eb \u00ebsht\u00eb <strong>i pavarur, parimor dhe i nj\u00ebjt\u00eb me at\u00eb q\u00eb kemi mbajtur q\u00eb n\u00eb fillim.<\/strong><\/p>\n\n\n\n<p class=\"wp-block-paragraph\">Ne nuk kemi nevoj\u00eb t\u00eb presim iniciativ\u00ebn e DPS\/PDS-s\u00eb p\u00ebr t\u00eb konstatuar at\u00eb q\u00eb kemi th\u00ebn\u00eb para formimit t\u00eb shumic\u00ebs:<\/p>\n\n\n\n<p class=\"wp-block-paragraph\"><strong>Andrija Mandiq nuk \u00ebsht\u00eb dashur t\u00eb zgjidhej Kryetar i Kuvendit t\u00eb Malit t\u00eb Zi.<\/strong><\/p>\n\n\n\n<p class=\"wp-block-paragraph\">Deklaratat dhe veprimet e tij t\u00eb fundit n\u00eb lidhje me Ratko Mladiqin, p\u00ebrfshir\u00eb nderimin e figur\u00ebs s\u00eb tij dhe shprehjen e ngush\u00ebllimeve familjes s\u00eb tij, vet\u00ebm sa e b\u00ebjn\u00eb edhe m\u00eb t\u00eb qart\u00eb se <strong>shqet\u00ebsimet q\u00eb kemi ngritur q\u00eb n\u00eb fillim nuk kan\u00eb qen\u00eb t\u00eb pabazuara.<\/strong><\/p>\n\n\n\n<p class=\"wp-block-paragraph\">P\u00ebr LD n\u00eb MZ \u00ebsht\u00eb e papranueshme q\u00eb n\u00eb krye t\u00eb institucionit m\u00eb t\u00eb lart\u00eb p\u00ebrfaq\u00ebsues t\u00eb qytetar\u00ebve t\u00eb Malit t\u00eb Zi t\u00eb jet\u00eb nj\u00eb person q\u00eb me deklaratat dhe veprimet e tij publike <strong>nderon apo glorifikon nj\u00eb person t\u00eb d\u00ebnuar p\u00ebr krime t\u00eb r\u00ebnda lufte.<\/strong><\/p>\n\n\n\n<p class=\"wp-block-paragraph\">N\u00eb k\u00ebt\u00eb situat\u00eb, Lidhja Demokratike n\u00eb Mal t\u00eb Zi u b\u00ebn nj\u00eb <strong>thirrje t\u00eb qart\u00eb dhe publike t\u00eb gjith\u00eb deputet\u00ebve shqiptar\u00eb dhe boshnjak\u00eb n\u00eb Kuvendin e Malit t\u00eb Zi.<\/strong><\/p>\n\n\n\n<p class=\"wp-block-paragraph\">Pik\u00ebrisht ndaj p\u00ebrfaq\u00ebsuesve t\u00eb popujve shqiptar dhe boshnjak, t\u00eb cil\u00ebt kan\u00eb p\u00ebrjetuar drejtp\u00ebrdrejt pasojat e politikave t\u00eb luft\u00ebs, d\u00ebbimeve dhe krimeve t\u00eb kryera nga e nj\u00ebjta politik\u00eb nacionaliste q\u00eb sot p\u00ebrfaq\u00ebsohet dhe glorifikohet p\u00ebrmes figurave t\u00eb tilla, <strong>pritshm\u00ebria e qytetar\u00ebve \u00ebsht\u00eb edhe m\u00eb e madhe.<\/strong><\/p>\n\n\n\n<p class=\"wp-block-paragraph\">Sot nuk k\u00ebrkohet prej tyre nj\u00eb q\u00ebndrim partiak. K\u00ebrkohet <strong>nj\u00eb q\u00ebndrim parimor, njer\u00ebzor dhe moral.<\/strong><\/p>\n\n\n\n<p class=\"wp-block-paragraph\">Nuk \u00ebsht\u00eb e nevojshme t\u2019u tregojm\u00eb se cili duhet t\u00eb jet\u00eb ai q\u00ebndrim.<\/p>\n\n\n\n<p class=\"wp-block-paragraph\"><strong>Ai q\u00ebndrim dihet.<\/strong><\/p>\n\n\n\n<p class=\"wp-block-paragraph\">Kur glorifikohet nj\u00eb person i d\u00ebnuar p\u00ebr krime lufte, kur nderohet figura e tij dhe kur familjes s\u00eb tij i shprehen ngush\u00ebllime nga Kryetari i Kuvendit t\u00eb Malit t\u00eb Zi, <strong>heshtja nuk mund t\u00eb jet\u00eb p\u00ebrgjigjja e atyre q\u00eb p\u00ebrfaq\u00ebsojn\u00eb popuj t\u00eb cil\u00ebt kan\u00eb vuajtur nga ajo politik\u00eb.<\/strong><\/p>\n\n\n\n<p class=\"wp-block-paragraph\">Prandaj, u b\u00ebjm\u00eb thirrje t\u00eb gjith\u00eb deputet\u00ebve shqiptar\u00eb dhe boshnjak\u00eb q\u00eb <strong>t\u00eb mbajn\u00eb nj\u00eb q\u00ebndrim t\u00eb qart\u00eb dhe t\u00eb p\u00ebrgjegjsh\u00ebm politik, njer\u00ebzor dhe moral ndaj k\u00ebtyre veprimeve.<\/strong><\/p>\n\n\n\n<p class=\"wp-block-paragraph\"><strong>Nuk mund t\u00eb ket\u00eb ekuivalenc\u00eb morale mes viktimave dhe atyre q\u00eb glorifikojn\u00eb p\u00ebrgjegj\u00ebsit e krimeve.<\/strong><\/p>\n\n\n\n<p class=\"wp-block-paragraph\">P\u00ebr ne, q\u00ebndrimi i drejt\u00eb \u00ebsht\u00eb ai q\u00eb mbron <strong>dinjitetin e viktimave, t\u00eb v\u00ebrtet\u00ebn historike dhe drejt\u00ebsin\u00eb<\/strong>, dhe q\u00eb kund\u00ebrshton \u00e7do p\u00ebrpjekje p\u00ebr rehabilitimin apo glorifikimin e kriminel\u00ebve t\u00eb luft\u00ebs.<\/p>\n\n\n\n<p class=\"wp-block-paragraph\"><strong>Sot nuk \u00ebsht\u00eb koha p\u00ebr heshtje, kalkulime apo arsyetime t\u00eb interesit t\u00eb ngusht\u00eb politik. \u00cbsht\u00eb koha p\u00ebr t\u00eb treguar se cilat jan\u00eb parimet mbi t\u00eb cilat q\u00ebndrojm\u00eb.<\/strong><\/p>\n\n\n\n<p class=\"wp-block-paragraph\">Dhe p\u00ebr k\u00ebt\u00eb arsye, <strong>u b\u00ebjm\u00eb thirrje deputet\u00ebve shqiptar\u00eb dhe boshnjak\u00eb: mbani q\u00ebndrim t\u00eb drejt\u00eb. Ai q\u00ebndrim dihet.<\/strong><\/p>\n\n\n\n<p class=\"wp-block-paragraph\"><strong>Q\u00ebndrimet tona varen nga parimet politike dhe p\u00ebrgjegj\u00ebsia jon\u00eb ndaj qytetar\u00ebve.<\/strong><\/p>\n\n\n\n<p class=\"wp-block-paragraph\">Ne nuk kemi qen\u00eb pjes\u00eb e k\u00ebsaj shumice parlamentare, nuk kemi marr\u00eb pjes\u00eb n\u00eb formimin e k\u00ebsaj Qeverie dhe nuk mbajm\u00eb p\u00ebrgjegj\u00ebsi p\u00ebr vendimet e saj.<\/p>\n\n\n\n<p class=\"wp-block-paragraph\">LD n\u00eb MZ ka qen\u00eb dhe mbetet konsekuente n\u00eb k\u00ebrkes\u00ebn p\u00ebr nj\u00eb <strong>Mal t\u00eb Zi demokratik, qytetar, multietnik dhe t\u00eb orientuar drejt Bashkimit Evropian<\/strong>, ku institucionet shtet\u00ebrore duhet t\u00eb respektojn\u00eb viktimat e krimeve t\u00eb luft\u00ebs dhe t\u00eb mos lejojn\u00eb glorifikimin e atyre q\u00eb jan\u00eb p\u00ebrgjegj\u00ebs p\u00ebr krime t\u00eb tilla.<\/p>\n\n\n\n<p class=\"wp-block-paragraph\"><strong>Ne nuk e kemi ndryshuar q\u00ebndrimin dhe nuk po k\u00ebrkojm\u00eb sot t\u00eb p\u00ebrcaktojm\u00eb \u201can\u00ebn\u201d.<\/strong><\/p>\n\n\n\n<p class=\"wp-block-paragraph\"><strong>Ne e kemi p\u00ebrcaktuar q\u00ebndrimin ton\u00eb q\u00eb n\u00eb fillim.<\/strong><\/p>\n\n\n\n<p class=\"wp-block-paragraph\">Dhe pik\u00ebrisht p\u00ebr k\u00ebt\u00eb arsye, sot kemi t\u00eb drejt\u00eb t\u00eb themi:<\/p>\n\n\n\n<p class=\"wp-block-paragraph\"><strong>Koha nuk e ka ndryshuar q\u00ebndrimin e Lidhjes Demokratike n\u00eb Mal Zi zhvillimet e fundit vet\u00ebm e kan\u00eb d\u00ebshmuar drejt\u00ebsin\u00eb e tij.<\/strong><\/p>\n\n\n\n<p class=\"wp-block-paragraph\">&nbsp;&nbsp;&nbsp;&nbsp;&nbsp;&nbsp; &nbsp;&nbsp;&nbsp;&nbsp;&nbsp;&nbsp;&nbsp;&nbsp;&nbsp;&nbsp;&nbsp;&nbsp;&nbsp;&nbsp;&nbsp;KRYETARI, Mr.Saubih Mehmeti, ing. i dipl. i tek.<\/p>\n\n\n\n<p class=\"wp-block-paragraph\">______________________________<\/p>\n","protected":false},"excerpt":{"rendered":"<p>Lidhja Demokratike n\u00eb Mal t\u00eb Zi ka reaguar ndaj zhvillimeve t\u00eb fundit politike q\u00eb lidhen me iniciativ\u00ebn p\u00ebr shkarkimin e Kryetarit t\u00eb Kuvendit, Andrija Mandiq, pas deklaratave dhe veprimeve t\u00eb tij n\u00eb lidhje me Ratko Mladiqin. LD n\u00eb MZ thekson se q\u00ebndrimi i saj kund\u00ebr Mandiqit nuk buron nga iniciativa e DPS-s\u00eb, por \u00ebsht\u00eb nj\u00eb [&hellip;]<\/p>\n","protected":false},"author":1,"featured_media":5610,"comment_status":"open","ping_status":"open","sticky":false,"template":"","format":"standard","meta":{"_seopress_titles_title":"%%post_title%% %%sep%% %%sitetitle%%","_seopress_titles_desc":"","_seopress_robots_index":"","_seopress_robots_follow":"","_seopress_robots_imageindex":"","_seopress_robots_snippet":"","_seopress_robots_primary_cat":"","_seopress_robots_breadcrumbs":"","_seopress_robots_freeze_modified_date":"","_seopress_robots_custom_modified_date":"","_seopress_robots_canonical":"","_seopress_social_fb_title":"","_seopress_social_fb_desc":"","_seopress_social_fb_img":"","_seopress_social_fb_img_attachment_id":0,"_seopress_social_fb_img_width":0,"_seopress_social_fb_img_height":0,"_seopress_social_twitter_title":"","_seopress_social_twitter_desc":"","_seopress_social_twitter_img":"","_seopress_social_twitter_img_attachment_id":0,"_seopress_social_twitter_img_width":0,"_seopress_social_twitter_img_height":0,"_seopress_redirections_value":"","_seopress_redirections_enabled":"","_seopress_redirections_enabled_regex":"","_seopress_redirections_logged_status":"","_seopress_redirections_param":"","_seopress_redirections_type":0,"_seopress_analysis_target_kw":"","footnotes":""},"categories":[2,3],"tags":[],"class_list":["post-41754","post","type-post","status-publish","format-standard","has-post-thumbnail","hentry","category-aktualitet","category-politike"],"_links":{"self":[{"href":"https:\/\/ulqini-online.com\/sajti\/index.php?rest_route=\/wp\/v2\/posts\/41754","targetHints":{"allow":["GET"]}}],"collection":[{"href":"https:\/\/ulqini-online.com\/sajti\/index.php?rest_route=\/wp\/v2\/posts"}],"about":[{"href":"https:\/\/ulqini-online.com\/sajti\/index.php?rest_route=\/wp\/v2\/types\/post"}],"author":[{"embeddable":true,"href":"https:\/\/ulqini-online.com\/sajti\/index.php?rest_route=\/wp\/v2\/users\/1"}],"replies":[{"embeddable":true,"href":"https:\/\/ulqini-online.com\/sajti\/index.php?rest_route=%2Fwp%2Fv2%2Fcomments&post=41754"}],"version-history":[{"count":1,"href":"https:\/\/ulqini-online.com\/sajti\/index.php?rest_route=\/wp\/v2\/posts\/41754\/revisions"}],"predecessor-version":[{"id":41755,"href":"https:\/\/ulqini-online.com\/sajti\/index.php?rest_route=\/wp\/v2\/posts\/41754\/revisions\/41755"}],"wp:featuredmedia":[{"embeddable":true,"href":"https:\/\/ulqini-online.com\/sajti\/index.php?rest_route=\/wp\/v2\/media\/5610"}],"wp:attachment":[{"href":"https:\/\/ulqini-online.com\/sajti\/index.php?rest_route=%2Fwp%2Fv2%2Fmedia&parent=41754"}],"wp:term":[{"taxonomy":"category","embeddable":true,"href":"https:\/\/ulqini-online.com\/sajti\/index.php?rest_route=%2Fwp%2Fv2%2Fcategories&post=41754"},{"taxonomy":"post_tag","embeddable":true,"href":"https:\/\/ulqini-online.com\/sajti\/index.php?rest_route=%2Fwp%2Fv2%2Ftags&post=41754"}],"curies":[{"name":"wp","href":"https:\/\/api.w.org\/{rel}","templated":true}]}}