{"id":41751,"date":"2026-09-05T08:44:09","date_gmt":"2026-09-05T06:44:09","guid":{"rendered":"https:\/\/ulqini-online.com\/sajti\/?p=41751"},"modified":"2026-09-05T08:44:09","modified_gmt":"2026-09-05T06:44:09","slug":"gjakova-qendra-ku-u-shkolluan-breza-te-tere-nga-bihori","status":"publish","type":"post","link":"https:\/\/ulqini-online.com\/sajti\/?p=41751","title":{"rendered":"Gjakova \u2013 qendra ku u shkolluan breza t\u00eb t\u00ebr\u00eb nga Bihori"},"content":{"rendered":"<figure class=\"wp-block-post-featured-image\"><img loading=\"lazy\" decoding=\"async\" width=\"800\" height=\"450\" src=\"https:\/\/ulqini-online.com\/sajti\/wp-content\/uploads\/2026\/09\/Bihori_Gjakova.png\" class=\"attachment-post-thumbnail size-post-thumbnail wp-post-image\" alt=\"\" style=\"object-fit:cover;\" srcset=\"https:\/\/ulqini-online.com\/sajti\/wp-content\/uploads\/2026\/09\/Bihori_Gjakova.png 800w, https:\/\/ulqini-online.com\/sajti\/wp-content\/uploads\/2026\/09\/Bihori_Gjakova-300x169.png 300w, https:\/\/ulqini-online.com\/sajti\/wp-content\/uploads\/2026\/09\/Bihori_Gjakova-768x432.png 768w\" sizes=\"auto, (max-width: 800px) 100vw, 800px\" \/><\/figure>\n\n\n<p class=\"wp-block-paragraph\"><strong>Sait Shabotiq dokumenton lidhjet e fuqishme arsimore t\u00eb Bihorit me Kosov\u00ebn n\u00eb shekullin XIX dhe fillim t\u00eb shekullit XX<\/strong><\/p>\n\n\n\n<p class=\"wp-block-paragraph\">Nga <strong>Ismet Azizi<\/strong><\/p>\n\n\n\n<p class=\"wp-block-paragraph\">Historia e Bihorit nuk mund t\u00eb kuptohet vet\u00ebm brenda kufijve t\u00eb tij gjeografik\u00eb. P\u00ebr shekuj me radh\u00eb, kjo trev\u00eb ishte e lidhur me qendrat e Kosov\u00ebs p\u00ebrmes tregtis\u00eb, l\u00ebvizjes s\u00eb njer\u00ebzve, jet\u00ebs fetare dhe, ve\u00e7an\u00ebrisht, p\u00ebrmes arsimit.<\/p>\n\n\n\n<p class=\"wp-block-paragraph\">Nj\u00eb d\u00ebshmi shum\u00eb e r\u00ebnd\u00ebsishme p\u00ebr k\u00ebto lidhje gjendet n\u00eb vepr\u00ebn e historianit <strong>Sait Shabotiq, <em>Bihor na razme\u0111u vjekova (1878\u20131914)<\/em><\/strong>. N\u00eb pjes\u00ebn kushtuar shkollimit t\u00eb bihorasve jasht\u00eb vendlindjes, autori sjell nj\u00eb num\u00ebr t\u00eb madh biografish nga t\u00eb cilat del qart\u00eb se <strong>Gjakova ishte nj\u00eb nga qendrat kryesore t\u00eb arsimimit t\u00eb t\u00eb rinjve mysliman\u00eb nga Bihori<\/strong>.<\/p>\n\n\n\n<p class=\"wp-block-paragraph\">Peja dhe Prizreni gjithashtu p\u00ebrmenden si qendra arsimore, por n\u00eb biografit\u00eb konkrete q\u00eb paraqet \u0160abotiqi, <strong>Gjakova z\u00eb vendin qendror<\/strong>.<\/p>\n\n\n\n<p class=\"wp-block-paragraph\"><strong>Nga Bihori n\u00eb Gjakov\u00eb<\/strong><\/p>\n\n\n\n<p class=\"wp-block-paragraph\">N\u00eb fund t\u00eb shekullit XIX dhe n\u00eb fillim t\u00eb shekullit XX, shum\u00eb t\u00eb rinj nga fshatrat e Bihorit, pasi kryenin m\u00ebsimet fillestare n\u00eb mektebet e vendlindjes, vazhdonin shkollimin n\u00eb medreset\u00eb e Gjakov\u00ebs.<\/p>\n\n\n\n<p class=\"wp-block-paragraph\">Nd\u00ebr ta ishte <strong>Hajrullah Abdurahmanoviq \u2013 Skoko nga Shipanja<\/strong>, i cili, sipas t\u00eb dh\u00ebnave q\u00eb sjell \u0160abotiqi, q\u00ebndroi rreth shtat\u00eb vjet n\u00eb Gjakov\u00eb. Atje jo vet\u00ebm q\u00eb vazhdoi arsimin fetar, por hyri n\u00eb kontakt edhe me rrethin melami t\u00eb <strong>Hafiz Sulejman Baba Efendiut<\/strong>.<\/p>\n\n\n\n<p class=\"wp-block-paragraph\">P\u00ebr ne \u00ebsht\u00eb ve\u00e7an\u00ebrisht interesante d\u00ebshmia se gjat\u00eb q\u00ebndrimit n\u00eb Gjakov\u00eb Hajrullahu m\u00ebsoi edhe <strong>gjuh\u00ebn shqipe<\/strong>, krahas arabishtes dhe njohurive t\u00eb tjera q\u00eb fitonte gjat\u00eb shkollimit.<\/p>\n\n\n\n<p class=\"wp-block-paragraph\">Pas Gjakov\u00ebs, ai vazhdoi studimet n\u00eb Stamboll dhe m\u00eb pas u b\u00eb myderriz n\u00eb \u00c7eliq t\u00eb Bosnj\u00ebs.<\/p>\n\n\n\n<p class=\"wp-block-paragraph\"><strong>Ibrahim Pa\u00e7ariz Bio\u00e7aku m\u00ebsoi shqip n\u00eb Gjakov\u00eb<\/strong><\/p>\n\n\n\n<p class=\"wp-block-paragraph\">Nj\u00eb prej figurave m\u00eb t\u00eb r\u00ebnd\u00ebsishme kulturore t\u00eb Bihorit ishte <strong>Ibrahim Pa\u00e7ariz Bio\u00e7aku (1852\u20131922)<\/strong>, imam, m\u00ebsues dhe autor i njohur i let\u00ebrsis\u00eb alhamiado.<\/p>\n\n\n\n<p class=\"wp-block-paragraph\">Edhe ai arsimin fillestar e mori n\u00eb vendlindje, nd\u00ebrsa m\u00eb pas vazhdoi shkollimin n\u00eb <strong>Gjakov\u00eb<\/strong>.<\/p>\n\n\n\n<p class=\"wp-block-paragraph\">Shabotiqi thekson se nd\u00ebr m\u00ebsuesit e tij ishin <strong>Seid efendija<\/strong> dhe <strong>Ismail efendija<\/strong>, nd\u00ebrsa gjat\u00eb shkollimit n\u00eb Gjakov\u00eb Pa\u00e7arizi <strong>m\u00ebsoi edhe gjuh\u00ebn shqipe<\/strong>.<\/p>\n\n\n\n<p class=\"wp-block-paragraph\">Ky \u00ebsht\u00eb nj\u00eb detaj me pesh\u00eb t\u00eb ve\u00e7ant\u00eb. Pa\u00e7arizi m\u00eb von\u00eb shkroi n\u00eb gjuh\u00ebn boshnjake me alfabet arab dhe n\u00eb vargjet e veta p\u00ebrdorte shprehjen: \u201eda him pi\u0161em pod bosanski&#8230;\u201c<\/p>\n\n\n\n<p class=\"wp-block-paragraph\">Por n\u00eb t\u00eb nj\u00ebjt\u00ebn koh\u00eb ishte njeri i formuar n\u00eb mjedisin shum\u00ebgjuh\u00ebsh t\u00eb Gjakov\u00ebs dhe njihte edhe shqipen.<\/p>\n\n\n\n<p class=\"wp-block-paragraph\">Kjo biografi tregon sa t\u00eb nd\u00ebrthurura ishin n\u00eb at\u00eb koh\u00eb lidhjet kulturore, fetare dhe gjuh\u00ebsore nd\u00ebrmjet Bihorit dhe Kosov\u00ebs.<\/p>\n\n\n\n<p class=\"wp-block-paragraph\"><strong>Nj\u00eb varg i gjat\u00eb bihorasish t\u00eb shkolluar n\u00eb Gjakov\u00eb<\/strong><\/p>\n\n\n\n<p class=\"wp-block-paragraph\">\u0160abotiqi sjell edhe shum\u00eb shembuj t\u00eb tjer\u00eb.<\/p>\n\n\n\n<p class=\"wp-block-paragraph\"><strong>Ejub Mehoviq<\/strong>, i lindur m\u00eb 1871 n\u00eb Negobratin\u00eb, pasi kreu mektebin, vazhdoi shkollimin n\u00eb Gjakov\u00eb dhe p\u00ebrfundoi medresen\u00eb. M\u00eb pas u kthye n\u00eb Bihor dhe punoi si muallim.<\/p>\n\n\n\n<p class=\"wp-block-paragraph\"><strong>Mustafa Hajdarpashiq<\/strong> nga Raduliqi, i lindur m\u00eb 1876, gjithashtu vazhdoi arsimin n\u00eb Gjakov\u00eb.<\/p>\n\n\n\n<p class=\"wp-block-paragraph\"><strong>Teufik Sijariq<\/strong> nga Godijevo, i lindur m\u00eb 1881, sipas \u0160abotiqit p\u00ebrfundoi <strong>tet\u00eb klas\u00eb t\u00eb medreses\u00eb s\u00eb madhe n\u00eb Gjakov\u00eb<\/strong>.<\/p>\n\n\n\n<p class=\"wp-block-paragraph\">N\u00eb Gjakov\u00eb u shkollua edhe <strong>hafiz Ibrahim Mekiq<\/strong>, nj\u00eb nga figurat e njohura fetare t\u00eb Bihorit, i cili m\u00eb von\u00eb jetoi dhe sh\u00ebrbeu n\u00eb Crni\u0161. P\u00ebr t\u00eb thuhet se zot\u00ebronte disa gjuh\u00eb dhe kishte nj\u00eb bibliotek\u00eb t\u00eb pasur private.<\/p>\n\n\n\n<p class=\"wp-block-paragraph\"><strong>Edhe Bihori i Ep\u00ebrm ishte i lidhur me Gjakov\u00ebn<\/strong><\/p>\n\n\n\n<p class=\"wp-block-paragraph\">Lidhja me Gjakov\u00ebn nuk kufizohej vet\u00ebm n\u00eb Bihorin e Posht\u00ebm.<\/p>\n\n\n\n<p class=\"wp-block-paragraph\"><strong>Nezir ef. Muratoviq nga Petnjica<\/strong>, nj\u00eb nga njer\u00ebzit e hersh\u00ebm t\u00eb arsimuar t\u00eb Bihorit t\u00eb Ep\u00ebrm, pas mektebit vazhdoi shkollimin n\u00eb Gjakov\u00eb. Ai njihet edhe si m\u00ebsuesi i par\u00eb i Ibrahim Pa\u00e7ariz Bio\u00e7akut.<\/p>\n\n\n\n<p class=\"wp-block-paragraph\"><strong>D\u017eeladin Hoxhiq nga Trpezi<\/strong>, i lindur m\u00eb 1867, vazhdoi shkollimin fillimisht n\u00eb <strong>Pej\u00eb<\/strong>, nd\u00ebrsa m\u00eb pas n\u00eb <strong>Gjakov\u00eb<\/strong>, ku p\u00ebrfundoi medresen\u00eb.<\/p>\n\n\n\n<p class=\"wp-block-paragraph\"><strong>Umer ef. Hajdarpashiq nga Vrdheva<\/strong> shkoi fillimisht n\u00eb Gjakov\u00eb e m\u00eb pas n\u00eb Stamboll.<\/p>\n\n\n\n<p class=\"wp-block-paragraph\"><strong>Ha\u0161in Abdulgani Ko\u00e7an nga Godo\u00e7elje<\/strong> po ashtu studioi n\u00eb Gjakov\u00eb, para se shkollimin ta vazhdonte n\u00eb Shkod\u00ebr.<\/p>\n\n\n\n<p class=\"wp-block-paragraph\">Edhe <strong>Osman ef. Rastoder nga Radmanci<\/strong> kreu nj\u00eb pjes\u00eb t\u00eb medreses\u00eb n\u00eb Gjakov\u00eb, pastaj n\u00eb Novi Pazar dhe m\u00eb n\u00eb fund n\u00eb Stamboll.<\/p>\n\n\n\n<p class=\"wp-block-paragraph\">N\u00eb Gjakov\u00eb u shkolluan gjithashtu <strong>Mehmed\u2013Meljko Latiq nga Lagatore<\/strong> dhe <strong>Halit Hoxhiq nga Vrbica<\/strong>, i cili n\u00eb vitin 1903 shkoi n\u00eb medresen\u00eb e lart\u00eb t\u00eb Gjakov\u00ebs dhe q\u00ebndroi aty rreth tet\u00eb vjet.<\/p>\n\n\n\n<p class=\"wp-block-paragraph\">Pra, nuk kemi t\u00eb b\u00ebjm\u00eb me raste t\u00eb izoluara.<\/p>\n\n\n\n<p class=\"wp-block-paragraph\">Kemi t\u00eb b\u00ebjm\u00eb me nj\u00eb <strong>rrug\u00eb arsimore t\u00eb konsoliduar Bihor\u2013Gjakov\u00eb<\/strong>.<\/p>\n\n\n\n<p class=\"wp-block-paragraph\"><strong>Peja, Prizreni dhe Kosova si hap\u00ebsir\u00eb e natyrshme arsimore<\/strong><\/p>\n\n\n\n<p class=\"wp-block-paragraph\">\u0160abotiqi p\u00ebrmend n\u00eb m\u00ebnyr\u00eb t\u00eb p\u00ebrgjithshme <strong>Gjakov\u00ebn, Pej\u00ebn dhe Prizrenin<\/strong> si qendra drejt t\u00eb cilave t\u00eb rinjt\u00eb nga Bihori shkonin p\u00ebr shkollim.<\/p>\n\n\n\n<p class=\"wp-block-paragraph\">Nga biografit\u00eb q\u00eb ai sjell, Gjakova dominon duksh\u00ebm, nd\u00ebrsa Peja paraqitet, nd\u00ebr t\u00eb tjera, n\u00eb rrug\u00ebn arsimore t\u00eb D\u017eeladin Hod\u017eiqit.<\/p>\n\n\n\n<p class=\"wp-block-paragraph\">Kjo na jep nj\u00eb pamje t\u00eb r\u00ebnd\u00ebsishme historike: n\u00eb shekullin XIX dhe n\u00eb fillim t\u00eb shekullit XX <strong>Kosova nuk ishte periferi p\u00ebr Bihorin<\/strong>, por nj\u00eb nga hap\u00ebsirat e tij m\u00eb t\u00eb af\u00ebrta t\u00eb komunikimit kulturor dhe arsimor.<\/p>\n\n\n\n<p class=\"wp-block-paragraph\">Prej Kosov\u00ebs t\u00eb rinjt\u00eb bihoras vazhdonin m\u00eb tej drejt:Stambollit, Shkodr\u00ebs, Kajros, Novi Pazarit, dhe qendrave t\u00eb tjera.<\/p>\n\n\n\n<p class=\"wp-block-paragraph\">Por p\u00ebr shum\u00eb prej tyre <strong>Gjakova ishte ura e par\u00eb drejt arsimit t\u00eb lart\u00eb<\/strong>.<\/p>\n\n\n\n<p class=\"wp-block-paragraph\"><strong>Gjakova nuk dha vet\u00ebm dije \u2013 dha edhe kontakte gjuh\u00ebsore e kulturore<\/strong><\/p>\n\n\n\n<p class=\"wp-block-paragraph\">N\u00eb k\u00ebt\u00eb histori \u00ebsht\u00eb ve\u00e7an\u00ebrisht me r\u00ebnd\u00ebsi fakti se \u0160abotiqi sh\u00ebnon konkretisht se disa bihoras gjat\u00eb shkollimit n\u00eb Gjakov\u00eb <strong>m\u00ebsuan shqip<\/strong>.<\/p>\n\n\n\n<p class=\"wp-block-paragraph\">Kjo dokumentohet, nd\u00ebr t\u00eb tjera, p\u00ebr:<\/p>\n\n\n\n<ul class=\"wp-block-list\">\n<li><strong>Hajrullah Abdurahmanoviqin<\/strong><\/li>\n\n\n\n<li><strong>Ibrahim Pa\u00e7ariz Bio\u00e7akun<\/strong><\/li>\n<\/ul>\n\n\n\n<p class=\"wp-block-paragraph\">Nd\u00ebrsa p\u00ebr disa figura t\u00eb tjera bihorase t\u00eb arsimuara n\u00eb k\u00ebt\u00eb mjedis shum\u00ebgjuh\u00ebsh, autori d\u00ebshmon njohjen e disa gjuh\u00ebve orientale dhe evropiane.<\/p>\n\n\n\n<p class=\"wp-block-paragraph\">K\u00ebto fakte na kujtojn\u00eb se identitetet dhe marr\u00ebdh\u00ebniet kulturore n\u00eb Bihor, Kosov\u00eb dhe Sanxhak n\u00eb fund t\u00eb shekullit XIX nuk mund t\u00eb shpjegohen me kufijt\u00eb dhe ndarjet e sotme.<\/p>\n\n\n\n<p class=\"wp-block-paragraph\">Gjuha, feja, shkolla dhe prejardhja lokale shpesh bashk\u00ebjetonin n\u00eb t\u00eb nj\u00ebjtin individ.<\/p>\n\n\n\n<p class=\"wp-block-paragraph\"><strong>Gjakova si nj\u00eb nga qendrat kryesore t\u00eb formimit t\u00eb elit\u00ebs s\u00eb Bihorit<\/strong><\/p>\n\n\n\n<p class=\"wp-block-paragraph\">Kur t\u00eb gjitha biografit\u00eb q\u00eb sjell Sait \u0160abotiqi vendosen s\u00eb bashku, p\u00ebrfundimi \u00ebsht\u00eb i qart\u00eb:<\/p>\n\n\n\n<p class=\"wp-block-paragraph\"><strong>Gjakova ishte nj\u00eb nga qendrat kryesore t\u00eb formimit t\u00eb elit\u00ebs fetare dhe intelektuale t\u00eb Bihorit gjat\u00eb shekullit XIX dhe fillimit t\u00eb shekullit XX.<\/strong><\/p>\n\n\n\n<p class=\"wp-block-paragraph\">Nga atje n\u00eb Bihor u kthyen:&nbsp; imam\u00eb, hafiz\u00eb, muallim\u00eb, myderriz\u00eb, krijues letrar\u00eb, njer\u00ebz q\u00eb soll\u00ebn libra, gjuh\u00eb dhe ide t\u00eb reja.<\/p>\n\n\n\n<p class=\"wp-block-paragraph\">Disa prej tyre vazhduan drejt Stambollit e qendrave t\u00eb tjera, nd\u00ebrsa t\u00eb tjer\u00eb u kthyen n\u00eb fshatrat e Bihorit dhe ngrit\u00ebn breza t\u00eb rinj nx\u00ebn\u00ebsish.<\/p>\n\n\n\n<p class=\"wp-block-paragraph\">Prandaj, historia e arsimit n\u00eb Bihor \u00ebsht\u00eb nj\u00ebkoh\u00ebsisht edhe <strong>histori e lidhjeve t\u00eb tij me Kosov\u00ebn<\/strong>.<\/p>\n\n\n\n<p class=\"wp-block-paragraph\">Dhe n\u00eb k\u00ebt\u00eb histori, <strong>Gjakova z\u00eb nj\u00eb vend t\u00eb ve\u00e7ant\u00eb<\/strong>.<\/p>\n\n\n\n<p class=\"wp-block-paragraph\"><strong>Burimi kryesor:<\/strong> Sait \u0160. \u0160abotiq, <em>Bihor na razme\u0111u vjekova (1878\u20131914)<\/em>, Institut za historiju, demografiju i antropologiju Sand\u017eaka, Ro\u017eaje, 2025, ve\u00e7an\u00ebrisht pjesa \u201e\u0160kolovanje Bihoraca u sredinama izvan Bihora\u201c, f. 223 e tutje.<\/p>\n","protected":false},"excerpt":{"rendered":"<p>Sait Shabotiq dokumenton lidhjet e fuqishme arsimore t\u00eb Bihorit me Kosov\u00ebn n\u00eb shekullin XIX dhe fillim t\u00eb shekullit XX Nga Ismet Azizi Historia e Bihorit nuk mund t\u00eb kuptohet vet\u00ebm brenda kufijve t\u00eb tij gjeografik\u00eb. P\u00ebr shekuj me radh\u00eb, kjo trev\u00eb ishte e lidhur me qendrat e Kosov\u00ebs p\u00ebrmes tregtis\u00eb, l\u00ebvizjes s\u00eb njer\u00ebzve, jet\u00ebs fetare [&hellip;]<\/p>\n","protected":false},"author":1,"featured_media":41752,"comment_status":"open","ping_status":"open","sticky":false,"template":"","format":"standard","meta":{"_seopress_titles_title":"%%post_title%% %%sep%% %%sitetitle%%","_seopress_titles_desc":"","_seopress_robots_index":"","_seopress_robots_follow":"","_seopress_robots_imageindex":"","_seopress_robots_snippet":"","_seopress_robots_primary_cat":"","_seopress_robots_breadcrumbs":"","_seopress_robots_freeze_modified_date":"","_seopress_robots_custom_modified_date":"","_seopress_robots_canonical":"","_seopress_social_fb_title":"","_seopress_social_fb_desc":"","_seopress_social_fb_img":"","_seopress_social_fb_img_attachment_id":0,"_seopress_social_fb_img_width":0,"_seopress_social_fb_img_height":0,"_seopress_social_twitter_title":"","_seopress_social_twitter_desc":"","_seopress_social_twitter_img":"","_seopress_social_twitter_img_attachment_id":0,"_seopress_social_twitter_img_width":0,"_seopress_social_twitter_img_height":0,"_seopress_redirections_value":"","_seopress_redirections_enabled":"","_seopress_redirections_enabled_regex":"","_seopress_redirections_logged_status":"","_seopress_redirections_param":"","_seopress_redirections_type":0,"_seopress_analysis_target_kw":"","footnotes":""},"categories":[2,12],"tags":[],"class_list":["post-41751","post","type-post","status-publish","format-standard","has-post-thumbnail","hentry","category-aktualitet","category-opinione"],"_links":{"self":[{"href":"https:\/\/ulqini-online.com\/sajti\/index.php?rest_route=\/wp\/v2\/posts\/41751","targetHints":{"allow":["GET"]}}],"collection":[{"href":"https:\/\/ulqini-online.com\/sajti\/index.php?rest_route=\/wp\/v2\/posts"}],"about":[{"href":"https:\/\/ulqini-online.com\/sajti\/index.php?rest_route=\/wp\/v2\/types\/post"}],"author":[{"embeddable":true,"href":"https:\/\/ulqini-online.com\/sajti\/index.php?rest_route=\/wp\/v2\/users\/1"}],"replies":[{"embeddable":true,"href":"https:\/\/ulqini-online.com\/sajti\/index.php?rest_route=%2Fwp%2Fv2%2Fcomments&post=41751"}],"version-history":[{"count":1,"href":"https:\/\/ulqini-online.com\/sajti\/index.php?rest_route=\/wp\/v2\/posts\/41751\/revisions"}],"predecessor-version":[{"id":41753,"href":"https:\/\/ulqini-online.com\/sajti\/index.php?rest_route=\/wp\/v2\/posts\/41751\/revisions\/41753"}],"wp:featuredmedia":[{"embeddable":true,"href":"https:\/\/ulqini-online.com\/sajti\/index.php?rest_route=\/wp\/v2\/media\/41752"}],"wp:attachment":[{"href":"https:\/\/ulqini-online.com\/sajti\/index.php?rest_route=%2Fwp%2Fv2%2Fmedia&parent=41751"}],"wp:term":[{"taxonomy":"category","embeddable":true,"href":"https:\/\/ulqini-online.com\/sajti\/index.php?rest_route=%2Fwp%2Fv2%2Fcategories&post=41751"},{"taxonomy":"post_tag","embeddable":true,"href":"https:\/\/ulqini-online.com\/sajti\/index.php?rest_route=%2Fwp%2Fv2%2Ftags&post=41751"}],"curies":[{"name":"wp","href":"https:\/\/api.w.org\/{rel}","templated":true}]}}