{"id":41095,"date":"2026-03-07T11:06:31","date_gmt":"2026-03-07T10:06:31","guid":{"rendered":"https:\/\/ulqini-online.com\/sajti\/?p=41095"},"modified":"2026-03-07T11:15:45","modified_gmt":"2026-03-07T10:15:45","slug":"7-marsi-dita-e-mesuesit-shenohet-me-aktivitete-ne-shkollat-shqipe-ne-mal-te-zi","status":"publish","type":"post","link":"https:\/\/ulqini-online.com\/sajti\/?p=41095","title":{"rendered":"7 Marsi \u2013 Dita e M\u00ebsuesit sh\u00ebnohet me aktivitete n\u00eb shkollat shqipe n\u00eb Mal t\u00eb Zi"},"content":{"rendered":"<figure class=\"wp-block-post-featured-image\"><img loading=\"lazy\" decoding=\"async\" width=\"800\" height=\"533\" src=\"https:\/\/ulqini-online.com\/sajti\/wp-content\/uploads\/2026\/03\/Dita_e_mesuesit_gjimnazi_Ulqinit.jpg\" class=\"attachment-post-thumbnail size-post-thumbnail wp-post-image\" alt=\"\" style=\"object-fit:cover;\" srcset=\"https:\/\/ulqini-online.com\/sajti\/wp-content\/uploads\/2026\/03\/Dita_e_mesuesit_gjimnazi_Ulqinit.jpg 800w, https:\/\/ulqini-online.com\/sajti\/wp-content\/uploads\/2026\/03\/Dita_e_mesuesit_gjimnazi_Ulqinit-300x200.jpg 300w, https:\/\/ulqini-online.com\/sajti\/wp-content\/uploads\/2026\/03\/Dita_e_mesuesit_gjimnazi_Ulqinit-768x512.jpg 768w\" sizes=\"auto, (max-width: 800px) 100vw, 800px\" \/><\/figure>\n\n\n<p>Shkollat n\u00eb gjuh\u00ebn shqipe n\u00eb Mal t\u00eb Zi kan\u00eb sh\u00ebnuar 7 Marsin \u2013 Dit\u00ebn e M\u00ebsuesit, p\u00ebrmes programeve kulturore dhe aktiviteteve t\u00eb organizuara nga nx\u00ebn\u00ebsit dhe m\u00ebsimdh\u00ebn\u00ebsit, duke nderuar rolin dhe kontributin e m\u00ebsuesve n\u00eb edukimin e brezave t\u00eb rinj.<\/p>\n\n\n\n<p>N\u00eb Shkoll\u00ebn Fillore \u201cBedri Elezaga\u201d n\u00eb Kat\u00ebrkoll\u00eb, m\u00eb 6 mars 2026, nx\u00ebn\u00ebsit e ciklit t\u00eb ul\u00ebt organizuan nj\u00eb program simbolik kushtuar k\u00ebsaj dite t\u00eb ve\u00e7ant\u00eb. Aktiviteti u shoq\u00ebrua me k\u00ebng\u00eb, poezi dhe mesazhe fal\u00ebnderimi p\u00ebr m\u00ebsuesit, t\u00eb cil\u00ebt \u00e7do dit\u00eb, me p\u00ebrkushtim dhe dashuri, p\u00ebrcjellin dijen dhe edukimin tek brezat e rinj.<\/p>\n\n\n\n<p>Programi u realizua me angazhimin e m\u00ebsimdh\u00ebn\u00ebsve t\u00eb shkoll\u00ebs t\u00eb cil\u00ebt me profesionaliz\u00ebm dhe p\u00ebrkushtim kontribuuan n\u00eb organizimin e k\u00ebtij aktiviteti t\u00eb ve\u00e7ant\u00eb. Nx\u00ebn\u00ebsit shpreh\u00ebn mir\u00ebnjohjen e tyre t\u00eb sinqert\u00eb p\u00ebr m\u00ebsuesit, duke theksuar r\u00ebnd\u00ebsin\u00eb e pun\u00ebs dhe sakrific\u00ebs s\u00eb tyre n\u00eb formimin e tyre arsimor dhe njer\u00ebzor.<\/p>\n\n\n\n<p>Po ashtu, edhe Gjimnazi i Ulqinit e sh\u00ebnoi Dit\u00ebn e M\u00ebsuesit me nj\u00eb program t\u00eb p\u00ebrgatitur nga nx\u00ebn\u00ebsit dhe m\u00ebsimdh\u00ebn\u00ebsit e k\u00ebsaj shkolle. Aktiviteti u karakterizua nga interpretime artistike, recitime dhe mesazhe vler\u00ebsimi p\u00ebr m\u00ebsuesit, duke krijuar nj\u00eb atmosfer\u00eb festive dhe mir\u00ebnjohjeje.<\/p>\n\n\n\n<p>7 Marsi \u00ebsht\u00eb nj\u00eb dat\u00eb me r\u00ebnd\u00ebsi t\u00eb ve\u00e7ant\u00eb p\u00ebr arsimin shqiptar, pasi lidhet me hapjen e M\u00ebsonj\u00ebtores s\u00eb par\u00eb shqipe n\u00eb Kor\u00e7\u00eb m\u00eb 7 mars 1887. Kjo shkoll\u00eb kishte karakter komb\u00ebtar dhe laik, ku m\u00ebsimi zhvillohej n\u00eb gjuh\u00ebn shqipe. Drejtues t\u00eb saj ishin figura t\u00eb njohura t\u00eb Rilindjes Komb\u00ebtare Shqiptare, si Pandeli Sotiri, Petro Nini Luarasi, Nu\u00e7i Na\u00e7i dhe Thoma Avrami.<\/p>\n\n\n\n<p>Kjo dat\u00eb ka filluar t\u00eb sh\u00ebnohet si fest\u00eb e m\u00ebsuesit q\u00eb nga vitet 1960 dhe sot mbetet nj\u00eb dit\u00eb e r\u00ebnd\u00ebsishme p\u00ebr t\u00eb nderuar pun\u00ebn dhe kontributin e m\u00ebsuesve n\u00eb ruajtjen dhe zhvillimin e arsimit dhe kultur\u00ebs shqiptare.<\/p>\n\n\n\n<p>P\u00ebrmes k\u00ebtyre aktiviteteve, shkollat shqipe n\u00eb Mal t\u00eb Zi vazhdojn\u00eb t\u00eb ruajn\u00eb dhe t\u00eb promovojn\u00eb tradit\u00ebn e arsimit n\u00eb gjuh\u00ebn shqipe, duke p\u00ebrforcuar lidhjen e nx\u00ebn\u00ebsve me dijen, kultur\u00ebn dhe identitetin komb\u00ebtar.<\/p>\n","protected":false},"excerpt":{"rendered":"<p>Shkollat n\u00eb gjuh\u00ebn shqipe n\u00eb Mal t\u00eb Zi kan\u00eb sh\u00ebnuar 7 Marsin \u2013 Dit\u00ebn e M\u00ebsuesit, p\u00ebrmes programeve kulturore dhe aktiviteteve t\u00eb organizuara nga nx\u00ebn\u00ebsit dhe m\u00ebsimdh\u00ebn\u00ebsit, duke nderuar rolin dhe kontributin e m\u00ebsuesve n\u00eb edukimin e brezave t\u00eb rinj. N\u00eb Shkoll\u00ebn Fillore \u201cBedri Elezaga\u201d n\u00eb Kat\u00ebrkoll\u00eb, m\u00eb 6 mars 2026, nx\u00ebn\u00ebsit e ciklit t\u00eb [&hellip;]<\/p>\n","protected":false},"author":1,"featured_media":41098,"comment_status":"open","ping_status":"open","sticky":false,"template":"","format":"standard","meta":{"_seopress_robots_primary_cat":"none","_seopress_titles_title":"%%post_title%% %%sep%% %%sitetitle%%","_seopress_titles_desc":"%%post_excerpt%%","_seopress_robots_index":"","footnotes":""},"categories":[6],"tags":[],"class_list":["post-41095","post","type-post","status-publish","format-standard","has-post-thumbnail","hentry","category-kulture"],"_links":{"self":[{"href":"https:\/\/ulqini-online.com\/sajti\/index.php?rest_route=\/wp\/v2\/posts\/41095","targetHints":{"allow":["GET"]}}],"collection":[{"href":"https:\/\/ulqini-online.com\/sajti\/index.php?rest_route=\/wp\/v2\/posts"}],"about":[{"href":"https:\/\/ulqini-online.com\/sajti\/index.php?rest_route=\/wp\/v2\/types\/post"}],"author":[{"embeddable":true,"href":"https:\/\/ulqini-online.com\/sajti\/index.php?rest_route=\/wp\/v2\/users\/1"}],"replies":[{"embeddable":true,"href":"https:\/\/ulqini-online.com\/sajti\/index.php?rest_route=%2Fwp%2Fv2%2Fcomments&post=41095"}],"version-history":[{"count":3,"href":"https:\/\/ulqini-online.com\/sajti\/index.php?rest_route=\/wp\/v2\/posts\/41095\/revisions"}],"predecessor-version":[{"id":41101,"href":"https:\/\/ulqini-online.com\/sajti\/index.php?rest_route=\/wp\/v2\/posts\/41095\/revisions\/41101"}],"wp:featuredmedia":[{"embeddable":true,"href":"https:\/\/ulqini-online.com\/sajti\/index.php?rest_route=\/wp\/v2\/media\/41098"}],"wp:attachment":[{"href":"https:\/\/ulqini-online.com\/sajti\/index.php?rest_route=%2Fwp%2Fv2%2Fmedia&parent=41095"}],"wp:term":[{"taxonomy":"category","embeddable":true,"href":"https:\/\/ulqini-online.com\/sajti\/index.php?rest_route=%2Fwp%2Fv2%2Fcategories&post=41095"},{"taxonomy":"post_tag","embeddable":true,"href":"https:\/\/ulqini-online.com\/sajti\/index.php?rest_route=%2Fwp%2Fv2%2Ftags&post=41095"}],"curies":[{"name":"wp","href":"https:\/\/api.w.org\/{rel}","templated":true}]}}