{"id":40808,"date":"2026-01-23T10:04:40","date_gmt":"2026-01-23T09:04:40","guid":{"rendered":"https:\/\/ulqini-online.com\/sajti\/?p=40808"},"modified":"2026-01-23T10:04:58","modified_gmt":"2026-01-23T09:04:58","slug":"ne-kujtim-te-ali-zekut-pepiq-pepa-1875-1955","status":"publish","type":"post","link":"https:\/\/ulqini-online.com\/sajti\/?p=40808","title":{"rendered":"N\u00eb kujtim t\u00eb Ali Zekut Pepiq (Pepa)\u00a0 (1875 -1955)"},"content":{"rendered":"<figure class=\"wp-block-post-featured-image\"><img loading=\"lazy\" decoding=\"async\" width=\"800\" height=\"1067\" src=\"https:\/\/ulqini-online.com\/sajti\/wp-content\/uploads\/2026\/01\/Ali-Zeku-Preke-Gruda.jpg\" class=\"attachment-post-thumbnail size-post-thumbnail wp-post-image\" alt=\"\" style=\"object-fit:cover;\" srcset=\"https:\/\/ulqini-online.com\/sajti\/wp-content\/uploads\/2026\/01\/Ali-Zeku-Preke-Gruda.jpg 800w, https:\/\/ulqini-online.com\/sajti\/wp-content\/uploads\/2026\/01\/Ali-Zeku-Preke-Gruda-225x300.jpg 225w, https:\/\/ulqini-online.com\/sajti\/wp-content\/uploads\/2026\/01\/Ali-Zeku-Preke-Gruda-768x1024.jpg 768w\" sizes=\"auto, (max-width: 800px) 100vw, 800px\" \/><\/figure>\n\n\n<p class=\"has-text-align-center\"><em>Ali\u00a0Zeku\u00a0dhe Prek\u00eb Gruda<\/em><\/p>\n\n\n\n<p><strong>Nj\u00eb figur\u00eb \u00a0me autoritet t\u00eb padiskutuesh\u00ebm n\u00eb Mal\u00ebsi, i p\u00ebrkushtuar ndaj \u00e7\u00ebshtjes komb\u00ebtare <\/strong><\/p>\n\n\n\n<p>Nga Gjek\u00eb Gjonaj<\/p>\n\n\n\n<p>Ali Zeku Pepiq (Pepa) nga fshati Vranj\u00eb ishte nd\u00ebr patriot\u00ebt e shquar mal\u00ebsor\u00eb, antifashist i vendosur, i cili luftoi kund\u00ebr pushtuesve turq dhe malazez\u00eb, duke mbetur i p\u00ebrkushtuar ndaj \u00e7\u00ebshtjes komb\u00ebtare.<\/p>\n\n\n\n<p>U lind n\u00eb Vranj\u00eb m\u00eb 1875, n\u00eb nj\u00eb familje modeste fshatare. U rrit n\u00eb frym\u00ebn e tradit\u00ebs dhe atdhedashuris\u00eb. U martua me Zog\u00ebn nga Omerbozhajt dhe krijoi nj\u00eb familje t\u00eb madhe, e cila u shtri edhe n\u00eb Shqip\u00ebri, ve\u00e7an\u00ebrisht n\u00eb Shkod\u00ebr, duke ruajtur lidhjet familjare dhe komb\u00ebtare nd\u00ebr breza.<\/p>\n\n\n\n<p>Ali Zeku ishte i njohur p\u00ebr veshjen tradicionale t\u00eb Mal\u00ebsis\u00eb s\u00eb Madhe. Ai mbante gjithnj\u00eb tirq (\u00e7ak\u00e7ir\u00eb) t\u00eb zbukuruar me gajtana, k\u00ebmish\u00eb t\u00eb bardh\u00eb, brez t\u00eb zi, opinga dhe plis, simbol i identitetit dhe krenaris\u00eb mal\u00ebsore.<\/p>\n\n\n\n<p>Jet\u00ebn e kaloi duke u marr\u00eb me bujq\u00ebsi dhe blegtori, n\u00eb kushte t\u00eb v\u00ebshtira ekonomike, si shumica e banor\u00ebve t\u00eb zon\u00ebs. P\u00ebrball\u00eb varf\u00ebris\u00eb dhe munges\u00ebs s\u00eb prodhimeve, ai dhe bashk\u00ebfshatar\u00ebt shpesh detyroheshin t\u00eb siguronin ushqime n\u00eb Shkod\u00ebr, nd\u00ebrsa bag\u00ebtit\u00eb i kullotnin n\u00eb zona t\u00eb larg\u00ebta.<\/p>\n\n\n\n<p>Megjith\u00ebse analfabet, Ali Zeku shquhej p\u00ebr zgjuarsi dhe men\u00e7uri natyrore. K\u00ebto cil\u00ebsi e \u00e7uan drejt lidhjeve me figura t\u00eb njohura t\u00eb Mal\u00ebsis\u00eb s\u00eb Madhe dhe viseve veriore t\u00eb Shqip\u00ebris\u00eb, t\u00eb cil\u00ebt u dalluan n\u00eb luft\u00ebrat p\u00ebr mbrojtjen e trojeve, traditave dhe vlerave t\u00eb larta njer\u00ebzore q\u00eb karakterizojn\u00eb mal\u00ebsor\u00ebt nd\u00ebr shekuj.<\/p>\n\n\n\n<p><strong>P\u00ebrpjekjet p\u00ebr t\u00eb hapur nj\u00eb shkoll\u00eb shqipe<\/strong><\/p>\n\n\n\n<p>N\u00eb at\u00eb koh\u00eb, Mal\u00ebsia ishte pa shkolla dhe Ali Zeku, p\u00ebr munges\u00eb institucionesh arsimore, nuk pati mund\u00ebsi t\u00eb shkollohej. Megjithat\u00eb, fal\u00eb inteligjenc\u00ebs dhe men\u00e7uris\u00eb s\u00eb tij natyrore, ai e kuptoi her\u00ebt se arsimi n\u00eb gjuh\u00ebn shqipe ishte \u00e7el\u00ebsi i p\u00ebrparimit komb\u00ebtar dhe i kap\u00ebrcimit t\u00eb prapambetjes.<\/p>\n\n\n\n<p>N\u00eb kushte t\u00eb v\u00ebshtira politike, Ali Zeku bashk\u00ebpunoi me klerik\u00eb dhe intelektual\u00eb p\u00ebrparimtar\u00eb t\u00eb koh\u00ebs, nd\u00ebr ta At\u00eb Anton Harapin dhe Prenk Grud\u00ebn, duke investuar energjit\u00eb p\u00ebr hapjen e shkollave shqipe. Edhe pse k\u00ebto p\u00ebrpjekje nuk u realizuan p\u00ebr shkak t\u00eb rrethanave politike, p\u00ebrkushtimi i tij ndaj dijes d\u00ebshmohet nga fakti se ai e d\u00ebrgoi djalin e madh ta shkollonte n\u00eb Shkod\u00ebr.<\/p>\n\n\n\n<pre class=\"wp-block-preformatted\"><strong>Veprimtaria patriotike<\/strong><\/pre>\n\n\n\n<p>Patrioti Ali Zeku mbeti i pashlyesh\u00ebm n\u00eb kujtes\u00ebn e popullit si simbol i liris\u00eb dhe guximit. Gjat\u00eb luftimeve t\u00eb vitit 1912 n\u00eb malet e Vranj\u00ebs, ai mori pjes\u00eb n\u00eb betej\u00ebn kund\u00ebr batalionit \u201cZeta\u201d p\u00ebr mbrojtjen e vij\u00ebs s\u00eb Vranj\u00ebs dhe fortes\u00ebs turke Merqesh, n\u00eb nj\u00eb koh\u00eb kur ushtria malazeze po p\u00ebrparonte drejt De\u00e7iqit.<\/p>\n\n\n\n<p>Pas r\u00ebnies s\u00eb Merqeshit, Ali Zeku u kap dhe u d\u00ebrgua n\u00eb De\u00e7iq, ku shfaqi fisnik\u00ebrin\u00eb dhe humanizmin e tij. Sipas nj\u00eb d\u00ebshmie, ai nd\u00ebrhyri p\u00ebr t\u00eb shp\u00ebtuar dy rob\u00ebr, duke k\u00ebshilluar q\u00eb t\u00eb silleshin gjall\u00eb, gjest q\u00eb u pranua nga ushtari malazez. M\u00eb von\u00eb, Aliu u pa duke u dh\u00ebn\u00eb uj\u00eb rob\u00ebrve, duke d\u00ebshmuar edhe n\u00eb rob\u00ebri vlerat e larta njer\u00ebzore.<\/p>\n\n\n\n<p><strong>Pjes\u00ebmarr\u00ebs n\u00eb p\u00ebrgatitjen e \u201cLuft\u00ebs s\u00eb Koplikut\u201d<\/strong><\/p>\n\n\n\n<p>Sipas disa t\u00eb dh\u00ebnave, Ali Zeku mori pjes\u00eb n\u00eb p\u00ebrgatitjet e Luft\u00ebs s\u00eb Koplikut (1920\u20131921), nj\u00eb nga betejat m\u00eb t\u00eb r\u00ebnd\u00ebsishme p\u00ebr mbrojtjen e kufirit veriper\u00ebndimor t\u00eb Shqip\u00ebris\u00eb. Kjo luft\u00eb, e cil\u00ebsuar nga historian\u00ebt si simbol i rezistenc\u00ebs dhe sakrific\u00ebs komb\u00ebtare, ka gjetur pasqyrim edhe n\u00eb folklorin popullor, ku Ali Zeku p\u00ebrmendet si figur\u00eb trim\u00ebrie dhe besimi mes mal\u00ebsor\u00ebve.<\/p>\n\n\n\n<p><strong>Mb\u00ebshtet\u00ebs i l\u00ebvizjes s\u00eb Fan Nolit<\/strong><\/p>\n\n\n\n<p>Nj\u00eb tjet\u00ebr merit\u00eb e tij ishte mb\u00ebshtetja p\u00ebr l\u00ebvizjen demokratike t\u00eb Fan Nolit. Edhe pse i paarsimuar, Ali Zeku besonte se qeveria noliste do t\u2019i sillte Shqip\u00ebris\u00eb nj\u00eb rend t\u00eb ri demokratik. Pas rr\u00ebzimit t\u00eb k\u00ebsaj qeverie, ai u burgos n\u00eb Shkod\u00ebr, por u lirua shpejt fal\u00eb nd\u00ebrhyrjeve t\u00eb miqve. D\u00ebshtimi dhe largimi i Nolit nga Shqip\u00ebria e zhg\u00ebnjeu thell\u00eb Ali Zekun, i cili mbeti i bindur se vizioni i tij ishte p\u00ebrpara koh\u00ebs dhe se Shqip\u00ebria humbi nj\u00eb mund\u00ebsi historike p\u00ebr t\u2019u nd\u00ebrtuar mbi parime t\u00eb v\u00ebrteta demokratike.<\/p>\n\n\n\n<p><strong>Rezistenc\u00eb ndaj ushtris\u00eb malazeze dhe marrja peng<\/strong><\/p>\n\n\n\n<p>Ali Zeku, figur\u00eb e nderuar e viseve shqiptare, ishte udh\u00ebheq\u00ebsi kryesor i Vranj\u00ebs, t\u00eb cil\u00ebn e mbrojti me arm\u00eb n\u00eb dor\u00eb nga sulmet e ushtris\u00eb malazeze. Ai rezistoi deri n\u00eb \u00e7astin e fundit, por pas pushtimit t\u00eb dhunsh\u00ebm t\u00eb vendbanimit, q\u00eb at\u00ebher\u00eb ishte pjes\u00eb e territorit shqiptar, u kap dhe u mor peng.<\/p>\n\n\n\n<p>Gjat\u00eb shoq\u00ebrimit t\u00eb tij ndodhi nj\u00eb episod i dhimbsh\u00ebm: n\u00eb vend t\u00eb solidaritetit, disa bashk\u00ebvendas e ofenduan, duke e faj\u00ebsuar p\u00ebr v\u00ebshtir\u00ebsit\u00eb q\u00eb u kishte sjell\u00eb rezistenca e tij. Ky q\u00ebndrim pasqyronte n\u00ebnshtrimin ndaj pushtuesit dhe munges\u00ebn e guximit p\u00ebr t\u00eb mbrojtur lirin\u00eb, nj\u00eb dukuri e njohur edhe n\u00eb periudha t\u00eb m\u00ebvonshme t\u00eb historis\u00eb shqiptare.<\/p>\n\n\n\n<p>Ali Zeku u mbajt peng vet\u00ebm disa muaj dhe m\u00eb pas u lirua. Ushtria malazeze nuk e konsideroi t\u00eb besuesh\u00ebm p\u00ebr ta p\u00ebrfshir\u00eb n\u00eb fushat\u00ebn e pushtimit t\u00eb Shkodr\u00ebs m\u00eb 1912, ku, sipas burimeve t\u00eb koh\u00ebs, vet\u00ebm nj\u00eb num\u00ebr i vog\u00ebl mal\u00ebsor\u00ebsh luftuan n\u00eb an\u00ebn e saj.<\/p>\n\n\n\n<p>N\u00eb gjith\u00eb veprimtarin\u00eb e tij, Ali Zeku u udh\u00ebhoq nga parimet e drejt\u00ebsis\u00eb, paqes dhe humanizmit, pa dallim feje apo komb\u00ebsie, duke luftuar mbi t\u00eb gjitha p\u00ebr liri, pavar\u00ebsi dhe bashkim komb\u00ebtar. Autoritetin q\u00eb e g\u00ebzonte n\u00eb Mal\u00ebsi e d\u00ebshmon edhe k\u00ebnga popullore <em>\u201cKatka e krenve t\u00eb Mal\u00ebsis\u00eb\u201d<\/em><em>:<\/em><\/p>\n\n\n\n<p><em>\u201cBurr\u00eb i mir\u00eb njaj Ali Zeku,<\/em><\/p>\n\n\n\n<p><em>Ali Zeku i Zek\u00eb Alis\u00eb,<\/em><\/p>\n\n\n\n<p><em>\u00c7\u2019i e ka njoft\u00eb mbreti i Shqipnis\u00eb.\u201d<\/em><\/p>\n\n\n\n<p><strong>N\u00ebnshkrues i Memorandumit p\u00ebr Shqip\u00ebrin\u00eb etnike<\/strong><\/p>\n\n\n\n<p>Ali Zeku, udh\u00ebheq\u00ebs dhe tribun popullor, ishte nd\u00ebr n\u00ebnshkruesit e Memorandumit p\u00ebr Shqip\u00ebrin\u00eb n\u00eb kufijt\u00eb e saj etnik\u00eb, s\u00eb bashku me patriot\u00eb t\u00eb njohur si Pjeter Zeku, Zef\u00eb Preka, Ded\u00eb Nika, Kol\u00eb Pr\u00ebloka, Smail Haxhija dhe Sherif Hyseni.<\/p>\n\n\n\n<p>Po ashtu, vlen t\u00eb p\u00ebrmendet se djali i tij, Tahiri, e shoq\u00ebroi Nikolla Karadagliqin te forcat italiane n\u00eb Zet\u00eb. M\u00eb von\u00eb, Karadagliqi u b\u00eb komandant i \u00e7et\u00ebs partizane \u201cZeta\u201d, nd\u00ebrsa monumenti i tij ndodhet sot n\u00eb Gollubovc.<\/p>\n\n\n\n<p><strong>Mikpritja e Ali Zekut \u2013 \u201cBuka me krip\u00eb nuk harrohet\u201d<\/strong><\/p>\n\n\n\n<p>Ali Zeku ishte i njohur p\u00ebr fisnik\u00ebrin\u00eb dhe mikpritjen e rrall\u00eb. Nj\u00eb her\u00eb, kur disa burra nga Shkodra, t\u00eb panjohur p\u00ebr fshatin, nuk gjet\u00ebn as streh\u00eb e as buk\u00eb n\u00eb Vranj\u00eb, Aliu i priti n\u00eb sht\u00ebpin\u00eb e tij me der\u00eb t\u00eb hapur, sipas zakonit t\u00eb vjet\u00ebr mal\u00ebsor. Edhe pse kishte pak, ai ndau me ta buk\u00eb misri dhe krip\u00eb, duke th\u00ebn\u00eb: \u201cBujrum: buk\u00eb, krip\u00eb e zem\u00ebr \u2013 \u00e7far\u00eb ka dh\u00ebn\u00eb Zoti.\u201d<\/p>\n\n\n\n<p>Vite m\u00eb von\u00eb, gjat\u00eb nj\u00eb that\u00ebsire t\u00eb r\u00ebnd\u00eb, Ali Zeku shkoi n\u00eb Shkod\u00ebr p\u00ebr t\u00eb shitur disa dele, q\u00eb t\u00eb siguronte ushqim p\u00ebr familjen. Atje u njoh nga nj\u00ebri prej atyre mysafir\u00ebve t\u00eb dikursh\u00ebm, tashm\u00eb i pasur, i cili nuk e harroi kurr\u00eb mikpritjen e Aliut. Ai jo vet\u00ebm q\u00eb ia bleu delet, por e furnizoi me drith\u00eb dhe e nderoi me nj\u00eb dark\u00eb solemne, duke th\u00ebn\u00eb para t\u00eb gjith\u00ebve:<br>\u201cAsnj\u00ebher\u00eb n\u00eb jet\u00ebn time nuk kam ngr\u00ebn\u00eb dark\u00eb m\u00eb t\u00eb \u00ebmb\u00ebl se ajo te Ali Zeku.\u201d<\/p>\n\n\n\n<p>Kjo ngjarje mbeti d\u00ebshmi e vlerave t\u00eb larta njer\u00ebzore t\u00eb Ali Zekut dhe e urt\u00ebsis\u00eb popullore shqiptare, e p\u00ebrmbledhur n\u00eb th\u00ebnien e njohur: <strong>\u201cBuka me krip\u00eb nuk harrohet.\u201d<\/strong><\/p>\n\n\n\n<p><strong>Pleqnar me dinjitet n\u00eb oda burrash<\/strong><\/p>\n\n\n\n<p>N\u00eb koh\u00ebn e Ali Zekut, gjakmarrja dhe hakmarrja mbeteshin plag\u00eb t\u00eb r\u00ebnda t\u00eb shoq\u00ebris\u00eb n\u00eb viset veriore shqiptare, duke shkaktuar humbje t\u00eb shumta njer\u00ebzore dhe ngujime t\u00eb gjata familjare. P\u00ebrball\u00eb k\u00ebsaj dukurie, pleqnar\u00ebt e nderuar t\u00eb Mal\u00ebsis\u00eb u angazhuan p\u00ebr pajtimin e gjaqeve dhe zgjidhjen e konflikteve.<\/p>\n\n\n\n<p>Nd\u00ebr figurat m\u00eb t\u00eb respektuara ishte edhe Ali Zeku, i njohur p\u00ebr urt\u00ebsin\u00eb, men\u00e7urin\u00eb dhe ndershm\u00ebrin\u00eb e tij. Me autoritet moral dhe frym\u00eb pajtuese, ai nd\u00ebrmjet\u00ebsonte mes familjeve, duke punuar krah pleqnar\u00ebve t\u00eb krahin\u00ebs p\u00ebr t\u00eb ndalur gjakderdhjen dhe p\u00ebr t\u00eb ruajtur paqen n\u00eb komunitet, n\u00eb nj\u00eb koh\u00eb kur Kanuni ishte autoriteti kryesor shoq\u00ebror.<\/p>\n\n\n\n<p>Ali Zeku, njoh\u00ebs i thell\u00eb i Kanunit dhe figur\u00eb me autoritet t\u00eb padiskutuesh\u00ebm n\u00eb Mal\u00ebsi, u shqua si pleqnar i men\u00e7ur n\u00eb odat e burrave. Ai pajtoi shum\u00eb gjaqe dhe zgjidhi dhjet\u00ebra konflikte t\u00eb trash\u00ebguara, sidomos n\u00eb zonat veriore t\u00eb Shqip\u00ebris\u00eb.<\/p>\n\n\n\n<p>Nj\u00eb rast dometh\u00ebn\u00ebs ishte pajtimi i dy familjeve n\u00eb konflikt p\u00ebr nj\u00eb fejes\u00eb t\u00eb dyfisht\u00eb, ku me urt\u00ebsi vendosi q\u00eb vajza t\u00eb mos martohej me asnj\u00ebrin, duke shmangur p\u00ebrshkall\u00ebzimin e gjakmarrjes. Vendimi i tij u pranua dhe u respektua nga t\u00eb dyja pal\u00ebt.<\/p>\n\n\n\n<p><strong>Shp\u00ebtimi i mal\u00ebsor\u00ebve t\u00eb dyshuar nga ballist\u00ebt<\/strong><\/p>\n\n\n\n<p>Gjat\u00eb Luft\u00ebs Nacional\u00e7lirimtare, Ali Zeku sh\u00ebrbeu si komandant i vullnetar\u00ebve t\u00eb Vranj\u00ebs dhe Vllan\u00ebs. Sipas d\u00ebshmive familjare, ai nd\u00ebrhyri me vendosm\u00ebri p\u00ebr t\u00eb shp\u00ebtuar disa mal\u00ebsor\u00eb t\u00eb dyshuar si komunist\u00eb nga nd\u00ebshkimi i ballist\u00ebve. Me autoritetin e tij, detyroi lirimin e nj\u00eb pjese t\u00eb tyre, duke shp\u00ebtuar jet\u00eb njer\u00ebzish. Si shenj\u00eb mir\u00ebnjohjeje, nj\u00ebri prej t\u00eb liruarve i dhuroi nj\u00eb or\u00eb xhepi, t\u00eb cil\u00ebn Ali Zeku e ruajti deri n\u00eb fund t\u00eb jet\u00ebs. Kjo ngjarje mbetet d\u00ebshmi e rolit t\u00eb tij si njeri i drejt\u00eb, pajtues dhe mbrojt\u00ebs i bashk\u00ebfshatar\u00ebve.<\/p>\n\n\n\n<p><strong>Kryetar i Komun\u00ebs s\u00eb Vran\u00ebs, Mataguzhit dhe Vllan\u00ebs<\/strong><\/p>\n\n\n\n<p>Vranja, Mataguzhi dhe Vllana formonin nj\u00eb komun\u00eb t\u00eb vetme, dhe Ali Zeku u zgjodh kryetar n\u00eb zgjedhjet lokale, duke mundur edhe Stan Boljeviqin. P\u00ebr shkak t\u00eb kontributit t\u00eb tij n\u00eb pajtimin e gjaqeve, disa votues t\u00eb Rak Mariqit p\u00ebrhap\u00ebn thashetheme se \u201ckryetari \u00ebsht\u00eb arratisur\u201d. Kur Aliu u kthye, ai ia dha votat e tij Stan Boljeviqit, edhe pse kishte marr\u00ebdh\u00ebnie m\u00eb t\u00eb ngushta familjare me Rak Mariqin, nj\u00eb veprim q\u00eb disa burime historike e p\u00ebrmendin, nd\u00ebrsa dokumente t\u00eb tjera m\u00eb t\u00eb vonshme e l\u00ebn\u00eb jasht\u00eb.<\/p>\n\n\n\n<p>Si kryetar, Aliu shpesh q\u00ebndronte larg sht\u00ebpis\u00eb p\u00ebr shkak t\u00eb angazhimeve, gj\u00eb q\u00eb krijonte xhelozi t\u00eb vog\u00ebl mes v\u00ebllez\u00ebrve. Nj\u00eb episod tregon kur v\u00ebllai Jusuf iu ankua xhandarm\u00ebris\u00eb p\u00ebr kuajt e pun\u00ebs q\u00eb \u201ckishin ikur\u201d. T\u00eb nes\u00ebrmen, Ali Zeku gjeti disa kuaj n\u00eb Fush\u00ebn e Tuzit dhe i d\u00ebrgoi te xhandarm\u00ebria me qet\u00ebsi, duke th\u00ebn\u00eb: \u201cJa ku jan\u00eb.\u201d Kur u tha se nuk ishin kuajt e k\u00ebrkuar, ai u p\u00ebrgjigj pa tension: \u201cK\u00ebta jan\u00eb kuajt q\u00eb un\u00eb pash\u00eb.\u201d<\/p>\n\n\n\n<p>Ky episod tregon drejt\u00ebsin\u00eb, qet\u00ebsin\u00eb dhe autoritetin e Ali Zekut si kryetar, i cili menaxhonte \u00e7do situat\u00eb me men\u00e7uri dhe dinjitet.<\/p>\n\n\n\n<p><strong>Funeral me nderime t\u00eb m\u00ebdha<\/strong><\/p>\n\n\n\n<p>Ali Zeku, misionar i paqes, antifashist dhe antikomunist, i cili gjith\u00eb jet\u00ebn ia kushtoi liris\u00eb, pavar\u00ebsis\u00eb dhe idealit t\u00eb Shqip\u00ebris\u00eb etnike, nd\u00ebrroi jet\u00eb n\u00eb qershor 1955, n\u00eb mosh\u00ebn 80-vje\u00e7are, n\u00eb Vran\u00eb. N\u00eb funeral mor\u00ebn pjes\u00eb burra dhe gra t\u00eb nderuara nga e gjith\u00eb Mal\u00ebsia \u2014 Hoti, Gruda, Trieshi, Koja dhe nga Zeta.<\/p>\n\n\n\n<p>Edhe pse vajtimi nuk ishte zakon i mal\u00ebsor\u00ebve mysliman\u00eb, Ali Zeku u nderua nga t\u00eb gjith\u00eb vajtor\u00ebt e koh\u00ebs. Tom Bishi Ivezaj e p\u00ebrshkroi me vargje t\u00eb thjeshta por t\u00eb fuqishme:<\/p>\n\n\n\n<p><em>\u201cPrej maj\u00ebs s\u00eb Suk\u00ebs<\/em><\/p>\n\n\n\n<p><em>E deri n\u00eb breg t\u00eb detit,<\/em><\/p>\n\n\n\n<p><em>S\u2019ka pas njer\u00ebz ma t\u2019urt\u00eb<\/em><\/p>\n\n\n\n<p><em>Se ti e Kol\u00eb Zefi.<\/em><\/p>\n\n\n\n<p><em>Pa m\u00ebsua n\u2019shkoll\u00eb,<\/em><\/p>\n\n\n\n<p><em>As kurrfar\u00eb mejtepit,<\/em><\/p>\n\n\n\n<p><em>Ve\u00e7 trima t\u2019urt\u00eb<\/em><\/p>\n\n\n\n<p><em>O prej vetvetit.\u201d<\/em><\/p>\n","protected":false},"excerpt":{"rendered":"<p>Ali\u00a0Zeku\u00a0dhe Prek\u00eb Gruda Nj\u00eb figur\u00eb \u00a0me autoritet t\u00eb padiskutuesh\u00ebm n\u00eb Mal\u00ebsi, i p\u00ebrkushtuar ndaj \u00e7\u00ebshtjes komb\u00ebtare Nga Gjek\u00eb Gjonaj Ali Zeku Pepiq (Pepa) nga fshati Vranj\u00eb ishte nd\u00ebr patriot\u00ebt e shquar mal\u00ebsor\u00eb, antifashist i vendosur, i cili luftoi kund\u00ebr pushtuesve turq dhe malazez\u00eb, duke mbetur i p\u00ebrkushtuar ndaj \u00e7\u00ebshtjes komb\u00ebtare. U lind n\u00eb Vranj\u00eb m\u00eb [&hellip;]<\/p>\n","protected":false},"author":1,"featured_media":40811,"comment_status":"open","ping_status":"open","sticky":false,"template":"","format":"standard","meta":{"_seopress_robots_primary_cat":"none","_seopress_titles_title":"%%post_title%% %%sep%% %%sitetitle%%","_seopress_titles_desc":"%%post_excerpt%%","_seopress_robots_index":"","footnotes":""},"categories":[2,15],"tags":[],"class_list":["post-40808","post","type-post","status-publish","format-standard","has-post-thumbnail","hentry","category-aktualitet","category-portrete"],"_links":{"self":[{"href":"https:\/\/ulqini-online.com\/sajti\/index.php?rest_route=\/wp\/v2\/posts\/40808","targetHints":{"allow":["GET"]}}],"collection":[{"href":"https:\/\/ulqini-online.com\/sajti\/index.php?rest_route=\/wp\/v2\/posts"}],"about":[{"href":"https:\/\/ulqini-online.com\/sajti\/index.php?rest_route=\/wp\/v2\/types\/post"}],"author":[{"embeddable":true,"href":"https:\/\/ulqini-online.com\/sajti\/index.php?rest_route=\/wp\/v2\/users\/1"}],"replies":[{"embeddable":true,"href":"https:\/\/ulqini-online.com\/sajti\/index.php?rest_route=%2Fwp%2Fv2%2Fcomments&post=40808"}],"version-history":[{"count":2,"href":"https:\/\/ulqini-online.com\/sajti\/index.php?rest_route=\/wp\/v2\/posts\/40808\/revisions"}],"predecessor-version":[{"id":40813,"href":"https:\/\/ulqini-online.com\/sajti\/index.php?rest_route=\/wp\/v2\/posts\/40808\/revisions\/40813"}],"wp:featuredmedia":[{"embeddable":true,"href":"https:\/\/ulqini-online.com\/sajti\/index.php?rest_route=\/wp\/v2\/media\/40811"}],"wp:attachment":[{"href":"https:\/\/ulqini-online.com\/sajti\/index.php?rest_route=%2Fwp%2Fv2%2Fmedia&parent=40808"}],"wp:term":[{"taxonomy":"category","embeddable":true,"href":"https:\/\/ulqini-online.com\/sajti\/index.php?rest_route=%2Fwp%2Fv2%2Fcategories&post=40808"},{"taxonomy":"post_tag","embeddable":true,"href":"https:\/\/ulqini-online.com\/sajti\/index.php?rest_route=%2Fwp%2Fv2%2Ftags&post=40808"}],"curies":[{"name":"wp","href":"https:\/\/api.w.org\/{rel}","templated":true}]}}