{"id":40721,"date":"2025-12-03T11:14:00","date_gmt":"2025-12-03T10:14:00","guid":{"rendered":"https:\/\/ulqini-online.com\/sajti\/?p=40721"},"modified":"2026-01-10T11:20:33","modified_gmt":"2026-01-10T10:20:33","slug":"deshmi-e-identitetit","status":"publish","type":"post","link":"https:\/\/ulqini-online.com\/sajti\/?p=40721","title":{"rendered":"D\u00ebshmi e identitetit"},"content":{"rendered":"\n<p><strong>K\u00ebng\u00ebt epike popullore (I)<\/strong><\/p>\n\n\n<figure class=\"wp-block-post-featured-image\"><img loading=\"lazy\" decoding=\"async\" width=\"600\" height=\"439\" src=\"https:\/\/ulqini-online.com\/sajti\/wp-content\/uploads\/2026\/01\/kenge-popullore-epike.jpg\" class=\"attachment-post-thumbnail size-post-thumbnail wp-post-image\" alt=\"\" style=\"object-fit:cover;\" srcset=\"https:\/\/ulqini-online.com\/sajti\/wp-content\/uploads\/2026\/01\/kenge-popullore-epike.jpg 600w, https:\/\/ulqini-online.com\/sajti\/wp-content\/uploads\/2026\/01\/kenge-popullore-epike-300x220.jpg 300w\" sizes=\"auto, (max-width: 600px) 100vw, 600px\" \/><\/figure>\n\n\n<p><strong>Prof. Dr. Bahri Brisku<\/strong><\/p>\n\n\n\n<p>Sulmet e vazhdueshme t\u00eb barbar\u00ebve dhe armiqve t\u00eb rajonit me synime grabitqare t\u00eb viseve t\u00eb p\u00eblleshme dhe bregdetare, ia ka imponuar gjeniut t\u00eb rapsodis\u00eb q\u00eb t\u00eb krijojn\u00eb vlera artistike me q\u00ebllim q\u00eb t\u00eb ngrisin nd\u00ebrgjegjen komb\u00ebtare p\u00ebr mbrojtjen e atdheut. K\u00ebto krijime t\u00eb tradit\u00ebs n\u00eb vargjet e epik\u00ebs shqiptare, jan\u00eb d\u00ebshmi t\u00eb p\u00ebrfillshme p\u00ebr \u00e7\u2019do fush\u00eb t\u00eb evoluimit ton\u00eb komb\u00ebtar.<\/p>\n\n\n\n<p>Rapsodi popullor mbante q\u00ebndrim kritik ndaj atyre shqiptar\u00ebve q\u00eb i shp\u00ebrb\u00ebnin pushtuesit. Nj\u00eb veti e till\u00eb spikatet n\u00eb vargjet:<\/p>\n\n\n\n<p><em>O t\u00eb vran\u00eb, o pash\u00eb t\u00eb vran\u00eb<br>Vajte besove halldupin!<br>Ti besove sulltan Mahmutin.<\/em><\/p>\n\n\n\n<p>Gjeniu popullor me vargjet e tija i drejtohet popullit t\u00eb vet q\u00eb t\u00eb mos bij\u00eb pre e qarmiq\u00ebve osman se jan\u00eb t\u00eb pa bes\u00eb. I ftonin kapiten\u00ebt e ka\u00e7ak\u00ebve n\u00eb bjeseda dhe pas bjesedave \u201dmiq\u00ebsore\u201d iu qitnin pusi dhe i likuidonin. N\u00eb k\u00ebt\u00eb form\u00eb t\u00eb tradhtis\u00eb jan\u00eb ther\u00eb pran\u00eb Kalas\u00eb s\u00eb Rozafatit t\u00eb shkodr\u00ebs 250 detar\u00eb.<\/p>\n\n\n\n<p>Pjesa m\u00eb e madhe e k\u00ebng\u00ebve epike q\u00eb iu kushtohet kapedan\u00ebve t\u00eb ka\u00e7ak\u00ebve dhe pirat\u00ebve detar\u00eb shqiptar\u00eb, jan\u00eb vlera n\u00eb t\u00eb cilat pasqyrohet qartas preokupimi i mbrojtjes t\u00eb identitetit komb\u00ebtar.<\/p>\n\n\n\n<p>N\u00eb k\u00ebng\u00ebn epike kor\u00e7are: Shqip\u00ebri tre vilajete, paraqitet jehona e padrejt\u00ebsirave q\u00eb na u b\u00ebn\u00eb n\u00eb Kongresin e Berlinit:<\/p>\n\n\n\n<p><em>Shqip\u00ebri tre vilajet,<br>N\u00eb mes t\u00eb Kralave mbete<br>I than\u00eb Doletit \u2013 jepe!<br>Mjaft e mbajte pes\u00ebqind vjet\u00eb!<\/em><\/p>\n\n\n\n<p>Duke qen\u00eb i ballafaquar me rrezikun q\u00eb i k\u00ebrc\u00ebnohet Atdheut n\u00eb d\u00ebshp\u00ebrimin e sip\u00ebr mediton:<\/p>\n\n\n\n<p><em>Shqip\u00ebri, moj n\u00ebna jon\u00eb,<br>Shiko armiqt\u00eb \u00e7\u2019ka pa thon\u00eb<br>Cop\u00eb cop\u00eb do na cop\u00ebtojn\u00eb!<\/em><\/p>\n\n\n\n<p>P\u00ebrpjekja e vazhdueshme e Avdyl Frash\u00ebrit p\u00ebr shp\u00ebtimin e atdheut, duke shkri t\u00ebr\u00eb pasurin\u00eb e patundshme t\u00eb tij \u00ebsht\u00eb fiksuar qartas n\u00eb k\u00ebto vargje:<\/p>\n\n\n\n<p><em>Ky Avdyli be Frash\u00ebri!<br>\u00c7\u2019u p\u00ebrpoq i varf\u00ebri:<br>\u00c7\u2019u p\u00ebrpoq n\u00eb at Kongres<br>Harxhoj lira me thes.<\/em><\/p>\n\n\n\n<p>Me iniciativ\u00ebn e k\u00ebtij heroit t\u00eb Shqip\u00ebris\u00eb Jugore u pat themeluar Lidhja e Prizrenit m\u00eb 1878 e cila hapi horizonte t\u00eb reja n\u00eb rrug\u00ebn e pavar\u00ebsis\u00eb s\u00eb shqiptar\u00ebve. Lidhur me vep\u00ebr t\u00eb madhe p\u00ebr pavar\u00ebsi, populli ka krijuar nj\u00eb cik\u00ebl k\u00ebng\u00ebsh epike ku d\u00ebshmohet mbrojtja e identitetit ton\u00eb komb\u00ebtar\u00eb. N\u00eb krijimet q\u00eb k\u00ebndojn\u00eb cikli i kreshnik\u00ebve t\u00eb Mujit dhe Halilit qartas pasqyrohen luft\u00ebrat e vazhdueshme p\u00ebr mbrojtjen identitetit dhe integritetit shqiptar. Populli yn\u00eb n\u00eb plejad\u00ebn e kreshnik\u00ebve shifte shp\u00ebtimtar\u00ebt e vet. Vargjet jan\u00eb g\u00ebrshetuar me hiperbolizime evidente t\u00eb koh\u00ebs. N\u00eb vargjet e tilla hasim prore gjeturi strategjike duke e b\u00ebr\u00eb t\u00eb pamund\u00ebshmen t\u00eb mundur. Kreshnik\u00ebt tan\u00eb n\u00eb p\u00ebrleshjet e shpeshta me qrmiq\u00ebt, p\u00ebrkundra humbjeve t\u00eb vogla, k\u00ebta na dalin vazhdimisht fitues. Opinioni i koh\u00ebs k\u00ebrkonte vet\u00ebm fitore. Priten armiqt\u00eb, zihen rob mbret\u00ebrit! N\u00eb luftrat e tyre marrin pjes\u00eb grat\u00eb besnike dhe femrat tjera, por ka ndodhur q\u00eb edhe ve\u00e7 e ve\u00e7 me shenuar rezultate dhe fitore.<\/p>\n\n\n\n<p><em>T\u00eb shtat\u00eb kralat neve na rrethuan<br>Shpejt gjokun e mejdanit me ma l\u00ebshue<br>Se kurr\u00eb un\u00eb se la pa shkue\u2026<br>Shpejt bre Tal, menj\u00ebher\u00eb gati mu ba<br>Shum n\u2019xor t\u00eb madh-o Mujin e kan\u00eb l\u00ebn\u00eb<br>Me shtat\u00eb krala vet tuj luftue\u2026<\/em><\/p>\n\n\n\n<p>Gjeniu popullor duke d\u00ebshiruar q\u00eb veprimtarin\u00eb e kreshnik\u00ebve, ta afroj me realitetin, n\u00eb fund t\u00eb \u00e7\u2019do krijimi t\u00eb tij na d\u00ebshmon:<\/p>\n\n\n\n<p><em>Mos t\u2019ish kan-o di\u00e7ka s\u2019kishin than\u00eb!<\/em><\/p>\n\n\n\n<p>Provokimet e armiqve me grabitje femrash e enjte, 13 tetor 2011 e enjte, 13 tetor 2011 e me mejdane ishin shum\u00eb t\u00eb shpeshta, por t\u00eb gjithave kreshnik\u00ebt iu b\u00ebnin ball\u00eb. Duke d\u00ebshiruar n\u00ebna e Aliut q\u00eb ky t\u00eb qet\u00ebsohet dhe t\u00eb mos marri pjes\u00eb n\u00eb dyluftime te shpeshta thot\u00eb:<\/p>\n\n\n\n<p><em>Ku po shkon, o Ali &#8211; i ka brit\u00eb<br>S\u2019t\u2019u m\u00ebrzit ky mejdani p\u00ebrdit\u00eb?!<\/em><\/p>\n\n\n\n<p>\u00c7eta e Mujit dhe Halilit b\u00ebnte luft\u00eb me shtat\u00eb krala dhe t\u00eb gjitha p\u00ebrleshjet kundra tyre i fitojn\u00eb. P\u00ebr k\u00ebto humbje t\u00eb m\u00ebdha, shtat\u00eb kajlat jan\u00eb ankuar te sulltani i Turqis\u00eb:<\/p>\n\n\n\n<p><em>Shtat\u00eb kralat o dav n\u00eb ty po bajn\u00eb<br>Tym e flak\u00eb tatarin po e ban!<\/em><\/p>\n\n\n\n<p>Masa popullore shqiptare n\u00eb grupin e kreshnik\u00ebve me Mujin e Halilin n\u00eb krye shifin shp\u00ebtimtar\u00ebt e tyre.<\/p>\n\n\n\n<p>Kor\u00e7a me rrethin\u00eb ka vuajtur shum\u00eb nga grek\u00ebt dhe bugar\u00ebt. Me q\u00ebllim q\u00eb t\u00eb ruajn\u00eb integritetin territorial nj\u00eb pjes\u00eb e konsiderueshme e kor\u00e7ar\u00ebve ishin t\u00eb detyruar q\u00eb t\u00eb merrnin malet, ku krijonin grupe ka\u00e7ak\u00ebsh n\u00eb krye te t\u00eb cilave q\u00ebndronin kapiten\u00ebt. Populli ka krijuar k\u00ebng\u00eb t\u00eb ndryshme lidhur me trim\u00ebrit\u00eb e tyre p\u00ebr mbrojtjen e identitetit komb\u00ebtar. Nj\u00ebra prej krijimev t\u00eb tilla \u00ebsht\u00eb \u201dK\u00ebnga e Shahin Kapidanit\u201d:<\/p>\n\n\n\n<p><em>Zallo bre, Zallo Prodani<br>Nga Kor\u00e7a t\u00eb erdh fermani:<br>K\u00ebrkohet Shahin Kapidani!<\/em><\/p>\n\n\n\n<p>T\u00eb till\u00eb persona, ko\u00e7ak kishte n\u00eb mbar\u00eb hap\u00ebsir\u00ebn ton\u00eb komb\u00ebtare se ishte e vetmja m\u00ebnyr\u00eb e organizimit t\u00eb mbrojtjes komb\u00ebtare. Armiku nuk e ndiente veten t\u00eb lir\u00eb dhe trembej q\u00eb t\u00eb b\u00ebj\u00eb krime n\u00eb rajonet ku ekzistonin shum\u00eb grupacione t\u00eb tilla. Ka\u00e7ak\u00ebt shqiptar\u00eb ushtronin nj\u00eb lloj rezistence t\u00eb modelit gueril.<\/p>\n\n\n\n<p><em>Vjesht\u00eb e tret\u00eb me t\u00eb dal\u00eb,<br>Komit\u00ebt se\u00e7 murr\u00ebn mal\u2026<\/em><\/p>\n\n\n\n<p>N\u00eb disa vargje t\u00eb k\u00ebng\u00ebs s\u00eb komit\u00ebve \u00ebsht\u00eb fiksuar shum\u00eb qart\u00eb synimet dhe q\u00ebllimi thelb\u00ebsor i k\u00ebtyre formacioneve t\u00eb organizuara kundra pushtuesve grabitqar\u00eb.<\/p>\n\n\n\n<p><em>Komit\u00ebt e Shqip\u00ebris\u00eb,<br>Nat\u00eb e dit\u00eb po luftojn\u00eb,<br>Po i ndihmojn\u00eb komb\u00ebsis\u00eb<br>P\u00ebr Atdhe gjithnj\u00eb punojn\u00eb!<\/em><\/p>\n\n\n\n<p>Objektivi thelb\u00ebsor i tyre ishte q\u00eb t\u00eb lart\u00ebsojn\u00eb dinjitetin dhe identitetin e popullit t\u00eb vet. K\u00ebshtu patrioti panaritas i cili ishte pjes\u00ebmarr\u00ebs i shpallej s\u00eb Pavar\u00ebsis\u00eb, shok i luft\u00ebs t\u00eb Sali Butk\u00ebs dhe Riza e Qamil Panaritit. Me riorganizimin e \u00e7etave patriotike n\u00eb shtator t\u00eb vitit 1916 emrohet komandant i njer\u00ebs prej tri \u00e7etave sa kishte at\u00ebher\u00eb n\u00eb dispozicion Sali Butka. P\u00ebr kryetarin Ismail Qemalin q\u00eb ngriti flamurin n\u00eb Vlor\u00eb, gjeniu popullor ka p\u00ebrpiluar nj\u00eb vist\u00ebr k\u00ebng\u00ebsh patriotike. Prej krijimeve t\u00eb tilla, me k\u00ebt\u00eb rast po evidentojm\u00eb:<\/p>\n\n\n\n<p><em>Smail Qemali i \u00e7lirimit<br>Morri flamurin n\u00eb dor\u00eb<br>Ndoqi rrug\u00ebn e shp\u00ebtimit<br>Ngriti flamurin n\u00eb Vlor\u00eb.<\/em><\/p>\n\n\n\n<p>Heroi i popullit, Avni Rrustemi nga Libohova (1895-1924) gjat\u00eb jet\u00ebs s\u00eb tij ka qen\u00eb dalluar p\u00ebr demokraci dhe patriotiz\u00ebm. N\u00eb qershor 1920 n\u00eb Paris vrau tradhtarin Esat Pash\u00eb Toptanin. \u00cbsht\u00eb normale q\u00eb populli i ka ngrehur disa k\u00ebng\u00eb me t\u00eb cilat b\u00ebhet i pavdeksh\u00ebm:<\/p>\n\n\n\n<p><em>O, Avni, o lule prillit<br>Ia derdhe zorr\u00ebt qafirit\u2026<\/em><\/p>\n\n\n\n<p><\/p>\n\n\n\n<p><strong><em>Tem\u00eb nga projekti&nbsp;<\/em>\u201cFol, shkruaj dhe p\u00ebrdore gjuh\u00ebn t\u00ebnde, gjuh\u00ebn shqipe\u201d \u2013 &nbsp;Informimi n\u00eb gjuh\u00ebn shqipe i shqiptar\u00ebve n\u00eb Mal t\u00eb Zi dhe diaspor\u00eb p\u00ebrmes faqes s\u00eb internetit 2025<em>\u201d, pjes\u00eb e t\u00eb cilit \u00ebsht\u00eb p\u00ebrkrahur nga Fondi p\u00ebr mbrojtjen dhe realizimin e t\u00eb drejtave t\u00eb pakicave n\u00eb Mal t\u00eb Zi.<\/em><\/strong>&nbsp;<strong><em>P\u00ebrmbajtja \u00ebsht\u00eb p\u00ebrgjegj\u00ebsi e vetme e projektit dhe nuk pasqyron domosdoshm\u00ebrisht pik\u00ebpamjet e Fondit p\u00ebr mbrojtjen dhe realizimin e t\u00eb drejtave t\u00eb pakicave n\u00eb Mal t\u00eb Zi.<\/em><\/strong><\/p>\n","protected":false},"excerpt":{"rendered":"<p>K\u00ebng\u00ebt epike popullore (I) Prof. Dr. Bahri Brisku Sulmet e vazhdueshme t\u00eb barbar\u00ebve dhe armiqve t\u00eb rajonit me synime grabitqare t\u00eb viseve t\u00eb p\u00eblleshme dhe bregdetare, ia ka imponuar gjeniut t\u00eb rapsodis\u00eb q\u00eb t\u00eb krijojn\u00eb vlera artistike me q\u00ebllim q\u00eb t\u00eb ngrisin nd\u00ebrgjegjen komb\u00ebtare p\u00ebr mbrojtjen e atdheut. K\u00ebto krijime t\u00eb tradit\u00ebs n\u00eb vargjet e [&hellip;]<\/p>\n","protected":false},"author":1,"featured_media":40724,"comment_status":"open","ping_status":"open","sticky":false,"template":"","format":"standard","meta":{"_seopress_robots_primary_cat":"none","_seopress_titles_title":"%%post_title%% %%sep%% %%sitetitle%%","_seopress_titles_desc":"%%post_excerpt%%","_seopress_robots_index":"","footnotes":""},"categories":[2,6],"tags":[],"class_list":["post-40721","post","type-post","status-publish","format-standard","has-post-thumbnail","hentry","category-aktualitet","category-kulture"],"_links":{"self":[{"href":"https:\/\/ulqini-online.com\/sajti\/index.php?rest_route=\/wp\/v2\/posts\/40721","targetHints":{"allow":["GET"]}}],"collection":[{"href":"https:\/\/ulqini-online.com\/sajti\/index.php?rest_route=\/wp\/v2\/posts"}],"about":[{"href":"https:\/\/ulqini-online.com\/sajti\/index.php?rest_route=\/wp\/v2\/types\/post"}],"author":[{"embeddable":true,"href":"https:\/\/ulqini-online.com\/sajti\/index.php?rest_route=\/wp\/v2\/users\/1"}],"replies":[{"embeddable":true,"href":"https:\/\/ulqini-online.com\/sajti\/index.php?rest_route=%2Fwp%2Fv2%2Fcomments&post=40721"}],"version-history":[{"count":1,"href":"https:\/\/ulqini-online.com\/sajti\/index.php?rest_route=\/wp\/v2\/posts\/40721\/revisions"}],"predecessor-version":[{"id":40725,"href":"https:\/\/ulqini-online.com\/sajti\/index.php?rest_route=\/wp\/v2\/posts\/40721\/revisions\/40725"}],"wp:featuredmedia":[{"embeddable":true,"href":"https:\/\/ulqini-online.com\/sajti\/index.php?rest_route=\/wp\/v2\/media\/40724"}],"wp:attachment":[{"href":"https:\/\/ulqini-online.com\/sajti\/index.php?rest_route=%2Fwp%2Fv2%2Fmedia&parent=40721"}],"wp:term":[{"taxonomy":"category","embeddable":true,"href":"https:\/\/ulqini-online.com\/sajti\/index.php?rest_route=%2Fwp%2Fv2%2Fcategories&post=40721"},{"taxonomy":"post_tag","embeddable":true,"href":"https:\/\/ulqini-online.com\/sajti\/index.php?rest_route=%2Fwp%2Fv2%2Ftags&post=40721"}],"curies":[{"name":"wp","href":"https:\/\/api.w.org\/{rel}","templated":true}]}}