{"id":40486,"date":"2025-12-03T18:17:25","date_gmt":"2025-12-03T17:17:25","guid":{"rendered":"https:\/\/ulqini-online.com\/sajti\/?p=40486"},"modified":"2025-12-03T18:17:26","modified_gmt":"2025-12-03T17:17:26","slug":"albanian-bookfest-nje-feste-e-jashtezakonshme-e-librit-kultures-dhe-identitetit-tone-kombetar-ne-shba","status":"publish","type":"post","link":"https:\/\/ulqini-online.com\/sajti\/?p=40486","title":{"rendered":"ALBANIAN BOOKFEST, nj\u00eb fest\u00eb e jasht\u00ebzakonshme e librit, kultur\u00ebs dhe identitetit ton\u00eb komb\u00ebtar n\u00eb ShBA"},"content":{"rendered":"\n<p> Dita e Pavar\u00ebsis\u00eb s\u00eb Shqip\u00ebris\u00eb, 2025<\/p>\n\n\n<figure class=\"wp-block-post-featured-image\"><img loading=\"lazy\" decoding=\"async\" width=\"800\" height=\"436\" src=\"https:\/\/ulqini-online.com\/sajti\/wp-content\/uploads\/2025\/12\/albanianbookfwar-ne-amerike.jpg\" class=\"attachment-post-thumbnail size-post-thumbnail wp-post-image\" alt=\"\" style=\"object-fit:cover;\" srcset=\"https:\/\/ulqini-online.com\/sajti\/wp-content\/uploads\/2025\/12\/albanianbookfwar-ne-amerike.jpg 800w, https:\/\/ulqini-online.com\/sajti\/wp-content\/uploads\/2025\/12\/albanianbookfwar-ne-amerike-300x164.jpg 300w, https:\/\/ulqini-online.com\/sajti\/wp-content\/uploads\/2025\/12\/albanianbookfwar-ne-amerike-768x419.jpg 768w\" sizes=\"auto, (max-width: 800px) 100vw, 800px\" \/><\/figure>\n\n\n<p>&nbsp;&nbsp;&nbsp;&nbsp;&nbsp;&nbsp;&nbsp;&nbsp;&nbsp;&nbsp;&nbsp;&nbsp; &nbsp;&nbsp;&nbsp;&nbsp;&nbsp;&nbsp;&nbsp;&nbsp;&nbsp;&nbsp;&nbsp;&nbsp;&nbsp;&nbsp;&nbsp;&nbsp;&nbsp;&nbsp;&nbsp;&nbsp;&nbsp;&nbsp;&nbsp;&nbsp;&nbsp;Nga Frank Shkreli<\/p>\n\n\n\n<p>&nbsp;Zonja dhe Zot\u00ebrinj, autor\u00eb e lexues t\u00eb librit shqip, miq\u00eb, koleg\u00eb e kolege t\u00eb nderuara:<\/p>\n\n\n\n<p>Ja ku jemi mbledhur k\u00ebtu sot n\u00eb nj\u00eb organizim p\u00ebr her\u00eb t\u00eb par\u00eb n\u00eb Shtetet e Bashkuara p\u00ebr nj\u00eb Festival t\u00eb Librit Shqiptar \u2013 Albanian BookFest, \u201cnj\u00eb fest\u00eb e jasht\u00ebzakonshme e librit, kultur\u00ebs dhe identitetit ton\u00eb komb\u00ebtar\u201d, n\u00eb k\u00ebt\u00eb vend shtet-planet \u2013 n\u00eb Amerik\u00ebn e madhe.<\/p>\n\n\n\n<p>\u00cbsht\u00eb nder dhe privilegj t\u00eb jem n\u00eb k\u00ebt\u00eb takim q\u00eb Gazeta Dielli e ka cil\u00ebsuar si \u201cnj\u00eb ngjarje historike dhe madh\u00ebshtore kulturore p\u00ebr komunitetin shqiptaro-amerikan\u201d, organizuar nga Federata Panshqiptare Vatra, n\u00eb bashkpunim me disa shoqata t\u00eb tjera patriotike t\u00eb komunitetit shqiptaro-amerikan.<\/p>\n\n\n\n<p>Shpresohet q\u00eb ky Festival i Librit Shqip i k\u00ebtij lloji, t\u00eb sh\u00ebnoj\u00eb edhe fillimin e nj\u00eb tradite dhe trash\u00ebgimie kulturoro-letrare p\u00ebr brezat e ardh\u00ebsh\u00ebm t\u00eb komunitettit shqiptaro-amerikan dhe m\u00eb gj\u00ebr\u00eb. Nj\u00eb ur\u00eb midis brezash, si t\u00eb thuash!<\/p>\n\n\n\n<p>Por edhe nj\u00eb tradit\u00eb q\u00eb do t\u00eb mbart shpirtin, kujtes\u00ebn dhe t\u00eb ruaj identitetin e popullit shqiptar p\u00ebrgjat\u00eb shekujve, t\u00eb atij populli t\u00eb \u201cgjakut t\u00eb shprishur\u201d, i shp\u00ebrndar n\u00ebp\u00ebr kontinente, p\u00ebrfshir Shtetet e Bashkuara t\u00eb Amerik\u00ebs.<\/p>\n\n\n\n<p>Si i till\u00eb, uroj q\u00eb ky festival t\u00eb zhvillohet, e t\u00eb rritet, vit pas viti, n\u00eb di\u00e7ka m\u00eb shum\u00eb se thjesht nj\u00eb ekspozit\u00eb librash. Ndon\u00ebse, me t\u00eb drejt\u00eb, kjo nism\u00eb nga udh\u00ebheqsit e Vatr\u00ebs dashamir\u00ebs t\u00eb librit, n\u00eb bashkpunim me organizata t\u00eb tjera shqiptaro-amerikane, po cil\u00ebsohet si \u201chistorike\u201d dhe \u201cmadh\u00ebshtore\u201d. Por mund t\u00eb thuhet lirsh\u00ebm se kjo nism\u00eb, n\u00eb forma t\u00eb tjera, i ka rr\u00ebnj\u00ebt n\u00eb historin\u00eb e hershme t\u00eb fillim shekullit t\u00eb kaluar t\u00eb emigrimit t\u00eb shqiptar\u00ebve n\u00eb k\u00ebto brigje t\u00eb Atlantikut.<\/p>\n\n\n\n<p>Jam i sigurt se n\u00eb arkivat e Vatr\u00ebs dhe t\u00eb gazet\u00ebs Dielli duhet t\u00eb ket\u00eb mjaft prova e dokumentacion q\u00eb tregojn\u00eb se mund\u00ebsit\u00eb financiare t\u00eb shqiptar\u00ebve t\u00eb par\u00eb ishin t\u00eb vogla por d\u00ebshirat e tyre p\u00ebr ruajtjen e gjuh\u00ebs, kultur\u00ebs dhe historis\u00eb ishin shum\u00eb t\u00eb m\u00ebdha.<\/p>\n\n\n\n<p>Prandaj, sot, n\u00ebn rrethana shum\u00eb m\u00eb t\u00eb volitshme dhe me mund\u00ebsi p\u00ebr nj\u00eb pjes\u00ebmarrje pothuaj mbar\u00eb komb\u00ebtare, \u00ebsht\u00eb nder dhe privilegj i ve\u00e7ant q\u00eb mblidhemi k\u00ebtu sot p\u00ebr t\u00eb festuar librat, autor\u00ebt dhe udh\u00ebtimin e gjat\u00eb t\u00eb letrave shqipe &#8212; dhe zvillimit t\u00eb kultur\u00ebs shqiptare n\u00eb Shtetet e Bashkuara.<\/p>\n\n\n\n<p>\u00cbsht\u00eb pra, nj\u00eb rrug\u00ebtim q\u00eb mund t\u00eb ket\u00eb filluar m\u00eb shum\u00eb se nj\u00eb shekull m\u00eb par\u00eb, kur emigrant\u00ebt e par\u00eb shqiptar\u00eb mb\u00ebrrit\u00ebn n\u00eb k\u00ebto brigje. Ishte nj\u00eb koh\u00eb kur ata erdh\u00ebn n\u00eb k\u00ebt\u00eb vend t\u00eb madh &#8212; p\u00ebrve\u00e7 shpresave p\u00ebr nj\u00eb jet\u00eb m\u00eb t\u00eb mir\u00eb p\u00ebr veten e familjet e tyre \u2013 edhe me d\u00ebshir\u00ebn e madhe p\u00ebr t\u00eb ruajtur dhe kultivuar gjuh\u00ebn shqipe, n\u00ebn rrethana m\u00eb t\u00eb p\u00ebtshtatshme &#8212; nga vendlindja &#8212; q\u00eb ofronte liria dhe demokracia amerikane, n\u00eb krahasim me vendlindjen.<\/p>\n\n\n\n<p>Kryesisht n\u00eb Boston dhe Nju Jork, filluan t\u00eb botoheshin broshurat e para shqipe, tekste fetare e t\u00eb tjera. Botime shum\u00eb modeste &#8211; disa jo m\u00eb t\u00eb m\u00ebdha se nj\u00eb fletore xhepi &#8211; u b\u00ebn\u00eb librat e par\u00eb shqip t\u00eb shtypur ndonj\u00ebher\u00eb n\u00eb tok\u00ebn amerikane, por jo vet\u00ebm.<\/p>\n\n\n\n<p>Shum\u00eb shpejt, Bostoni u rrit si q\u00ebnd\u00ebr e botimeve shqiptaro-amerikane. Atje, individ\u00eb si Sotir Peci shtyp\u00ebn abetaret e hershme, duke ndihmuar nj\u00eb brez emigrant\u00ebsh t\u00eb m\u00ebsonin dhe t\u00eb ruanin gjuh\u00ebn shqipe. Dhe n\u00eb vitin historik 1909, u themelua Gazeta historike Dielli &#8211; nj\u00eb pishtar i vet\u00ebdijes komb\u00ebtare dhe gazeta m\u00eb e vjet\u00ebr shqip (n\u00eb bot\u00eb) q\u00eb \u00ebsht\u00eb ende n\u00eb qarkullim, sot.<\/p>\n\n\n\n<p>Por ishte ardhja e Fan Nolit n\u00eb Amerik\u00eb, momenti q\u00eb v\u00ebrtet\u00eb i dha hov zhvillimit t\u00eb botimeve me r\u00ebnd\u00ebsi historike dhe liturgjike e t\u00eb tjera, n\u00eb gjuh\u00ebn shqipe.<\/p>\n\n\n\n<p>Nuk dua t\u00eb futem n\u00eb histori, por t\u00eb gjith\u00eb jemi n\u00eb dijeni se nga shtypshkronja e tij e vog\u00ebl n\u00eb Boston, Noli i Vatr\u00ebs botoi disa nga librat m\u00eb t\u00eb hersh\u00ebm, t\u00eb r\u00ebnd\u00ebsish\u00ebm shqip, n\u00eb Shtetet e Bashkuara. Ai p\u00ebrktheu dhe botoi tekste liturgjike p\u00ebr Kish\u00ebn Ortodokse Shqiptare, nd\u00ebrkoh\u00eb q\u00eb u prezantoi lexuesve shqiptar\u00eb let\u00ebrsin\u00eb bot\u00ebrore dhe &#8211; m\u00eb e r\u00ebnd\u00ebsishmja \u2013 i dha Kombit nj\u00eb nga veprat e para t\u00eb m\u00ebdha historike, t\u00eb botuara n\u00eb Amerik\u00eb: Historia e Sk\u00ebnderbeut, e shtypur n\u00eb vitin 1921.<\/p>\n\n\n\n<p>Po i p\u00ebrmend k\u00ebto, q\u00ebllimisht, jo vet\u00ebm p\u00ebr t\u00eb pasqyruar k\u00ebto p\u00ebrpjekjet t\u00eb hershme t\u00eb emigrant\u00ebve t\u00eb par\u00eb shqiptar\u00eb n\u00eb k\u00ebt\u00eb vend, por edhe p\u00ebr t\u00eb pohuar di\u00e7ka m\u00eb t\u00eb fuqishme \u2013 nj\u00eb porosi dometh\u00ebnse prej tyre!<\/p>\n\n\n\n<p>Se as at\u00ebher\u00eb, as sot n\u00eb Amerik\u00eb, gjuha dhe kultura nuk mbahen n\u00eb valixhe \u2013 por ato ruhen dhe u kalohen brezave nep\u00ebrmjet librave. Nj\u00eb ide dhe nism\u00eb q\u00eb i jep k\u00ebtij organizimi sot nj\u00eb dometh\u00ebnie dhe r\u00ebnd\u00ebsi historike, jo vet\u00ebm n\u00eb mbrojtje, por edhe n\u00eb zhvillimin e gjuh\u00ebs dhe kultur\u00ebs shqiptare n\u00eb komunitetin shqiptaro-amerikan.<\/p>\n\n\n\n<p>Le t\u00eb jet\u00eb ky festival, fillimi i nj\u00eb trash\u00ebgimie jo vet\u00ebm p\u00ebr \u00e7do autor, p\u00ebrkthyes, ose lexues t\u00eb ri q\u00eb hap nj\u00eb lib\u00ebr shqip ose anglisht, por p\u00ebr k\u00ebdo, q\u00eb organizime si ky n\u00eb t\u00eb ardhmen, b\u00ebjn\u00eb t\u00eb mundur zbulimin e trash\u00ebgimis\u00eb s\u00eb vet komb\u00ebtare n\u00eb vazhdim\u00ebsi dhe p\u00ebrforcon identitetin gjuh\u00ebsor e kulturor t\u00eb komunitetit shqiptaro-amerikan, megjithse ndoshta t\u00eb lindur e rritur n\u00eb Amerik\u00eb.<\/p>\n\n\n\n<p>Urimi im, me k\u00ebt\u00eb rast, \u00ebsht\u00eb q\u00eb ky festival, jo vet\u00ebtm, t\u00eb frym\u00ebzoj\u00eb brezat e rinj\u00eb shqiptaro-amerikan\u00ebsh q\u00eb me krenari, me p\u00ebrkushtim e dashuri \u2013 me botimet e tyre \u2013 t\u00eb vazhdojn\u00eb t\u00eb kultivojn\u00eb gjuh\u00ebn dhe kultur\u00ebn shqipe n\u00eb t\u00eb ardhmen, k\u00ebtu n\u00eb Shtetet e Bashkuara. Por uroj gjithashtu q\u00eb festivale t\u00eb tilla, n\u00eb t\u00eb ardhmen, qoft\u00eb k\u00ebtu n\u00eb Amerik\u00eb, qoft\u00eb n\u00eb trojet shqiptare \u2013 t\u00eb jen\u00eb m\u00eb shum\u00eb se nj\u00eb ekspozit\u00eb librash: uroj q\u00eb festivale t\u00eb librit, t\u00eb sh\u00ebrbejn\u00eb, nj\u00ebkohsisht, edhe si nj\u00eb ur\u00eb midis brezash: Si nj\u00eb d\u00ebshmi e fuqis\u00eb s\u00eb fjal\u00ebs s\u00eb shkruar q\u00eb mbetet si dokument i identitetit dhe bashkimit t\u00eb nj\u00eb populli, pavar\u00ebsisht se ku jeton: n\u00eb Tiran\u00eb, Prishtin\u00eb, Shkod\u00ebr, Korc\u00eb a Gjirokast\u00ebr, Shkup, \u00c7am\u00ebri, Ulqin, Preshev\u00eb, apo k\u00ebtu n\u00eb peizazhin e gjer\u00eb dhe t\u00eb larmish\u00ebm t\u00eb Amerik\u00ebs.<\/p>\n\n\n\n<p>P\u00ebr dekada t\u00eb t\u00ebra, shkrimtar\u00ebt shqiptar\u00eb &#8211; si n\u00eb atdhe ashtu edhe n\u00eb diaspor\u00eb &#8211; kan\u00eb punuar me nj\u00eb p\u00ebrkushtim t\u00eb jasht\u00ebzakonsh\u00ebm \u2013 por n\u00ebn rrethana shum\u00eb m\u00eb t\u00eb v\u00ebshtira sidomos financiare, p\u00ebr t\u00eb ruajtur gjuh\u00ebn shqipe, p\u00ebr t\u00eb ngritur kultur\u00ebn dhe p\u00ebr t\u00eb treguar historit\u00eb q\u00eb p\u00ebrcaktojn\u00eb se kush jan\u00eb shqiptar\u00ebt, si popull e si Komb, brenda dhe jasht\u00eb trojeve shqiptare t\u00eb Ballkanit Per\u00ebndimor, por edhe k\u00ebtu n\u00eb Amerik\u00eb.<\/p>\n\n\n\n<p>Fal\u00ebnderim dhe mir\u00ebnjohje p\u00ebr ju organizator\u00eb t\u00eb k\u00ebtij festivali t\u00eb librit: Federat\u00ebs Pan-Shqiptare Vatra dhe Gazet\u00ebs Dielli me kryeredaktorin e saj Sokol Paja, por edhe organizatave t\u00eb tjera pjes\u00ebmarrse t\u00eb komunitetit t\u00eb gj\u00ebr\u00eb shqiptaro-amerikan. Ju prift\u00eb p\u00ebr s\u00eb mbari n\u00eb k\u00ebt\u00eb rrug\u00ebtim t\u00eb shenjt\u00eb e historik. Urimet e mia m\u00eb t\u00eb p\u00ebrzem\u00ebrta n\u00eb punimet e k\u00ebtij tubimi sot dhe gjithmon\u00eb!<\/p>\n\n\n\n<p><\/p>\n","protected":false},"excerpt":{"rendered":"<p>Dita e Pavar\u00ebsis\u00eb s\u00eb Shqip\u00ebris\u00eb, 2025 &nbsp;&nbsp;&nbsp;&nbsp;&nbsp;&nbsp;&nbsp;&nbsp;&nbsp;&nbsp;&nbsp;&nbsp; &nbsp;&nbsp;&nbsp;&nbsp;&nbsp;&nbsp;&nbsp;&nbsp;&nbsp;&nbsp;&nbsp;&nbsp;&nbsp;&nbsp;&nbsp;&nbsp;&nbsp;&nbsp;&nbsp;&nbsp;&nbsp;&nbsp;&nbsp;&nbsp;&nbsp;Nga Frank Shkreli &nbsp;Zonja dhe Zot\u00ebrinj, autor\u00eb e lexues t\u00eb librit shqip, miq\u00eb, koleg\u00eb e kolege t\u00eb nderuara: Ja ku jemi mbledhur k\u00ebtu sot n\u00eb nj\u00eb organizim p\u00ebr her\u00eb t\u00eb par\u00eb n\u00eb Shtetet e Bashkuara p\u00ebr nj\u00eb Festival t\u00eb Librit Shqiptar \u2013 Albanian BookFest, \u201cnj\u00eb fest\u00eb e jasht\u00ebzakonshme [&hellip;]<\/p>\n","protected":false},"author":1,"featured_media":40489,"comment_status":"open","ping_status":"open","sticky":false,"template":"","format":"standard","meta":{"_seopress_robots_primary_cat":"none","_seopress_titles_title":"%%post_title%% %%sep%% %%sitetitle%%","_seopress_titles_desc":"%%post_excerpt%%","_seopress_robots_index":"","footnotes":""},"categories":[2,5,6],"tags":[],"class_list":["post-40486","post","type-post","status-publish","format-standard","has-post-thumbnail","hentry","category-aktualitet","category-diaspora","category-kulture"],"_links":{"self":[{"href":"https:\/\/ulqini-online.com\/sajti\/index.php?rest_route=\/wp\/v2\/posts\/40486","targetHints":{"allow":["GET"]}}],"collection":[{"href":"https:\/\/ulqini-online.com\/sajti\/index.php?rest_route=\/wp\/v2\/posts"}],"about":[{"href":"https:\/\/ulqini-online.com\/sajti\/index.php?rest_route=\/wp\/v2\/types\/post"}],"author":[{"embeddable":true,"href":"https:\/\/ulqini-online.com\/sajti\/index.php?rest_route=\/wp\/v2\/users\/1"}],"replies":[{"embeddable":true,"href":"https:\/\/ulqini-online.com\/sajti\/index.php?rest_route=%2Fwp%2Fv2%2Fcomments&post=40486"}],"version-history":[{"count":1,"href":"https:\/\/ulqini-online.com\/sajti\/index.php?rest_route=\/wp\/v2\/posts\/40486\/revisions"}],"predecessor-version":[{"id":40490,"href":"https:\/\/ulqini-online.com\/sajti\/index.php?rest_route=\/wp\/v2\/posts\/40486\/revisions\/40490"}],"wp:featuredmedia":[{"embeddable":true,"href":"https:\/\/ulqini-online.com\/sajti\/index.php?rest_route=\/wp\/v2\/media\/40489"}],"wp:attachment":[{"href":"https:\/\/ulqini-online.com\/sajti\/index.php?rest_route=%2Fwp%2Fv2%2Fmedia&parent=40486"}],"wp:term":[{"taxonomy":"category","embeddable":true,"href":"https:\/\/ulqini-online.com\/sajti\/index.php?rest_route=%2Fwp%2Fv2%2Fcategories&post=40486"},{"taxonomy":"post_tag","embeddable":true,"href":"https:\/\/ulqini-online.com\/sajti\/index.php?rest_route=%2Fwp%2Fv2%2Ftags&post=40486"}],"curies":[{"name":"wp","href":"https:\/\/api.w.org\/{rel}","templated":true}]}}