{"id":39982,"date":"2025-08-05T13:22:16","date_gmt":"2025-08-05T11:22:16","guid":{"rendered":"https:\/\/ulqini-online.com\/sajti\/?p=39982"},"modified":"2025-08-05T13:22:17","modified_gmt":"2025-08-05T11:22:17","slug":"nga-gjermania-ne-ulqin-cifti-ismet-dhe-valbona-nelaj-investon-ne-vendlindje-me-hotelin-adler","status":"publish","type":"post","link":"https:\/\/ulqini-online.com\/sajti\/?p=39982","title":{"rendered":"Nga Gjermania n\u00eb Ulqin: \u00c7ifti Ismet dhe Valbona Nelaj investon n\u00eb vendlindje me hotelin &#8216;Adler&#8217;"},"content":{"rendered":"<figure class=\"wp-block-post-featured-image\"><img loading=\"lazy\" decoding=\"async\" width=\"667\" height=\"800\" src=\"https:\/\/ulqini-online.com\/sajti\/wp-content\/uploads\/2025\/08\/Hotel-adler-1.jpg\" class=\"attachment-post-thumbnail size-post-thumbnail wp-post-image\" alt=\"\" style=\"object-fit:cover;\" srcset=\"https:\/\/ulqini-online.com\/sajti\/wp-content\/uploads\/2025\/08\/Hotel-adler-1.jpg 667w, https:\/\/ulqini-online.com\/sajti\/wp-content\/uploads\/2025\/08\/Hotel-adler-1-250x300.jpg 250w\" sizes=\"auto, (max-width: 667px) 100vw, 667px\" \/><\/figure>\n\n\n<p>N\u00eb zem\u00ebr t\u00eb Ulqinit, mes horizontit t\u00eb kalt\u00ebr t\u00eb detit dhe historis\u00eb s\u00eb rr\u00ebnjosur thell\u00eb n\u00eb tok\u00ebn shqiptare, ka \u00e7elur dyert nj\u00eb investim q\u00eb mbart jo vet\u00ebm kapital, por edhe dashuri, p\u00ebrkushtim dhe rr\u00ebnj\u00eb. Hotel &#8220;Adler&#8221; \u2013 nj\u00eb em\u00ebr q\u00eb n\u00eb gjermanisht do t\u00eb thot\u00eb &#8220;Shqiponj\u00eb&#8221; \u2013 \u00ebsht\u00eb simboli m\u00eb i ri i kthimit n\u00eb vendlindje dhe i fryteve t\u00eb djers\u00ebs s\u00eb derdhur larg atdheut, shkruan Ulqini Online.<\/p>\n\n\n\n<p>Pas k\u00ebtij emri q\u00eb ng\u00ebrthen nj\u00eb lidhje simbolike mes Per\u00ebndimit dhe Ballkanit, q\u00ebndrojn\u00eb Ismet dhe Valbona Nelaj, nj\u00eb \u00e7ift nga Ulqini me rrug\u00eb jet\u00ebsore q\u00eb kalon p\u00ebrmes Ulqinit, Prishtin\u00ebs, Tiran\u00ebs e Gjermanis\u00eb. Ai, inxhinier elektronike; ajo, mjeke. T\u00eb dy t\u00eb ars, simuar me p\u00ebrkushtim dhe tashm\u00eb t\u00eb suksessh\u00ebm n\u00eb emigracion, kan\u00eb zgjedhur q\u00eb jo vet\u00ebm t\u00eb kthehen, por t\u00eb japin di\u00e7ka t\u00eb prekshme vendit nga ku u nis\u00ebn.<\/p>\n\n\n<div class=\"wp-block-image\">\n<figure class=\"aligncenter size-full\"><a href=\"https:\/\/ulqini-online.com\/sajti\/wp-content\/uploads\/2025\/08\/hotell-adler-2.jpg\"><img loading=\"lazy\" decoding=\"async\" width=\"680\" height=\"800\" src=\"https:\/\/ulqini-online.com\/sajti\/wp-content\/uploads\/2025\/08\/hotell-adler-2.jpg\" alt=\"\" class=\"wp-image-39985\" srcset=\"https:\/\/ulqini-online.com\/sajti\/wp-content\/uploads\/2025\/08\/hotell-adler-2.jpg 680w, https:\/\/ulqini-online.com\/sajti\/wp-content\/uploads\/2025\/08\/hotell-adler-2-255x300.jpg 255w\" sizes=\"auto, (max-width: 680px) 100vw, 680px\" \/><\/a><\/figure>\n<\/div>\n\n\n<p>&#8220;Adler&#8221; nuk \u00ebsht\u00eb vet\u00ebm nj\u00eb hotel modern me 45 apartamente (55 dhoma) \u2013 \u00ebsht\u00eb nj\u00eb mesazh. Nj\u00eb shembull frym\u00ebzues p\u00ebr \u00e7do m\u00ebrgimtar q\u00eb d\u00ebshiron t\u00eb lidh\u00eb p\u00ebrvoj\u00ebn dhe suksesin n\u00eb diaspor\u00eb me zhvillimin e vendlindjes. \u00cbsht\u00eb nj\u00eb nd\u00ebrthurje e mikpritjes shqiptare me standardet gjermane, nj\u00eb hap\u00ebsir\u00eb ku pushuesit ndihen si n\u00eb sht\u00ebpi por edhe t\u00eb p\u00ebrk\u00ebdhelur nga cil\u00ebsia dhe kujdesi. \u00c7mimet m\u00eb s\u00eb normale, sh\u00ebrbimi dhe kushtet t\u00eb mrekullueshme.<\/p>\n\n\n\n<p>P\u00ebr Ulqinin, ky investim \u00ebsht\u00eb shum\u00eb m\u00eb tep\u00ebr se nj\u00eb kapacitet i ri turistik. \u00cbsht\u00eb nj\u00eb model se si diaspora mund t\u00eb ndikoj\u00eb n\u00eb zhvillimin ekonomik, social dhe kulturor t\u00eb zon\u00ebs. \u00c7ifti Nelaj ka zgjedhur jo t\u00eb harroj\u00eb, por t\u00eb rikthehet p\u00ebr t\u00eb investuar ne vendlindjen e vet me dinjitet e p\u00ebrkushtim, duke krijuar vende pune, duke nxitur turizmin cil\u00ebsor dhe duke kontribuar n\u00eb promovimin e Ulqinit si destinacion i denj\u00eb europian.<\/p>\n\n\n\n<p>N\u00eb nj\u00eb koh\u00eb kur shum\u00eb t\u00eb rinj mendojn\u00eb largimin si zgjidhjen e vetme, historia e Ismetit dhe Valbon\u00ebs \u00ebsht\u00eb nj\u00eb ftes\u00eb p\u00ebr t\u00eb besuar n\u00eb kthim, n\u00eb mund\u00ebsi dhe n\u00eb forc\u00ebn q\u00eb ka rr\u00ebnja kur ujitet me dashuri.<\/p>\n","protected":false},"excerpt":{"rendered":"<p>N\u00eb zem\u00ebr t\u00eb Ulqinit, mes horizontit t\u00eb kalt\u00ebr t\u00eb detit dhe historis\u00eb s\u00eb rr\u00ebnjosur thell\u00eb n\u00eb tok\u00ebn shqiptare, ka \u00e7elur dyert nj\u00eb investim q\u00eb mbart jo vet\u00ebm kapital, por edhe dashuri, p\u00ebrkushtim dhe rr\u00ebnj\u00eb. Hotel &#8220;Adler&#8221; \u2013 nj\u00eb em\u00ebr q\u00eb n\u00eb gjermanisht do t\u00eb thot\u00eb &#8220;Shqiponj\u00eb&#8221; \u2013 \u00ebsht\u00eb simboli m\u00eb i ri i kthimit n\u00eb [&hellip;]<\/p>\n","protected":false},"author":1,"featured_media":39986,"comment_status":"open","ping_status":"open","sticky":false,"template":"","format":"standard","meta":{"_seopress_robots_primary_cat":"none","_seopress_titles_title":"%%post_title%% %%sep%% %%sitetitle%%","_seopress_titles_desc":"%%post_excerpt%%","_seopress_robots_index":"","footnotes":""},"categories":[2,4,9],"tags":[3489],"class_list":["post-39982","post","type-post","status-publish","format-standard","has-post-thumbnail","hentry","category-aktualitet","category-kronike","category-turizem","tag-ismet-dhe-valbona-nelaj"],"_links":{"self":[{"href":"https:\/\/ulqini-online.com\/sajti\/index.php?rest_route=\/wp\/v2\/posts\/39982","targetHints":{"allow":["GET"]}}],"collection":[{"href":"https:\/\/ulqini-online.com\/sajti\/index.php?rest_route=\/wp\/v2\/posts"}],"about":[{"href":"https:\/\/ulqini-online.com\/sajti\/index.php?rest_route=\/wp\/v2\/types\/post"}],"author":[{"embeddable":true,"href":"https:\/\/ulqini-online.com\/sajti\/index.php?rest_route=\/wp\/v2\/users\/1"}],"replies":[{"embeddable":true,"href":"https:\/\/ulqini-online.com\/sajti\/index.php?rest_route=%2Fwp%2Fv2%2Fcomments&post=39982"}],"version-history":[{"count":1,"href":"https:\/\/ulqini-online.com\/sajti\/index.php?rest_route=\/wp\/v2\/posts\/39982\/revisions"}],"predecessor-version":[{"id":39987,"href":"https:\/\/ulqini-online.com\/sajti\/index.php?rest_route=\/wp\/v2\/posts\/39982\/revisions\/39987"}],"wp:featuredmedia":[{"embeddable":true,"href":"https:\/\/ulqini-online.com\/sajti\/index.php?rest_route=\/wp\/v2\/media\/39986"}],"wp:attachment":[{"href":"https:\/\/ulqini-online.com\/sajti\/index.php?rest_route=%2Fwp%2Fv2%2Fmedia&parent=39982"}],"wp:term":[{"taxonomy":"category","embeddable":true,"href":"https:\/\/ulqini-online.com\/sajti\/index.php?rest_route=%2Fwp%2Fv2%2Fcategories&post=39982"},{"taxonomy":"post_tag","embeddable":true,"href":"https:\/\/ulqini-online.com\/sajti\/index.php?rest_route=%2Fwp%2Fv2%2Ftags&post=39982"}],"curies":[{"name":"wp","href":"https:\/\/api.w.org\/{rel}","templated":true}]}}