{"id":39647,"date":"2025-06-05T18:58:23","date_gmt":"2025-06-05T16:58:23","guid":{"rendered":"https:\/\/ulqini-online.com\/sajti\/?p=39647"},"modified":"2025-06-05T18:58:44","modified_gmt":"2025-06-05T16:58:44","slug":"kush-eshte-pronari-i-se-ardhmes-se-ulqinit","status":"publish","type":"post","link":"https:\/\/ulqini-online.com\/sajti\/?p=39647","title":{"rendered":"Kush \u00ebsht\u00eb pronari i s\u00eb ardhmes s\u00eb Ulqinit?"},"content":{"rendered":"<figure class=\"wp-block-post-featured-image\"><img loading=\"lazy\" decoding=\"async\" width=\"480\" height=\"558\" src=\"https:\/\/ulqini-online.com\/sajti\/wp-content\/uploads\/2020\/10\/Sado-dollaku.jpeg\" class=\"attachment-post-thumbnail size-post-thumbnail wp-post-image\" alt=\"\" style=\"object-fit:cover;\" srcset=\"https:\/\/ulqini-online.com\/sajti\/wp-content\/uploads\/2020\/10\/Sado-dollaku.jpeg 480w, https:\/\/ulqini-online.com\/sajti\/wp-content\/uploads\/2020\/10\/Sado-dollaku-258x300.jpeg 258w\" sizes=\"auto, (max-width: 480px) 100vw, 480px\" \/><\/figure>\n\n\n<p><strong>Nj\u00eb thirrje p\u00ebr nj\u00eb vizion t\u00eb p\u00ebrbashk\u00ebt<\/strong><\/p>\n\n\n\n<p>Nga Sado Dollaku<\/p>\n\n\n\n<p>T\u00ebrheqja e fundit e investimit t\u00eb z. Alabbar n\u00eb Ulqin, e nxitur nga kund\u00ebrshtimi vendas, sh\u00ebnon nj\u00eb moment vendimtar p\u00ebr qytetin ton\u00eb. Nd\u00ebrsa disa e festojn\u00eb k\u00ebt\u00eb \u201cfitore\u201d kund\u00ebr nj\u00eb marr\u00ebveshjeje t\u00eb diskutueshme, ne duhet t\u00eb shohim m\u00eb thell\u00eb. Pyetja e v\u00ebrtet\u00eb p\u00ebr Ulqinin \u00ebsht\u00eb: si t\u00eb shkojm\u00eb p\u00ebrtej reagimit t\u00eb thjesht\u00eb ndaj presioneve t\u00eb jashtme dhe t\u00eb fillojm\u00eb t\u00eb nd\u00ebrtojm\u00eb zgjidhje afatgjata p\u00ebr t\u00eb ardhmen ton\u00eb?<\/p>\n\n\n\n<p>Establishmenti politik i Ulqinit, p\u00ebrfshir\u00eb t\u00eb gjitha partit\u00eb, deputet\u00ebt vendor\u00eb dhe shoq\u00ebrin\u00eb civile, u bashkuan kund\u00ebr propozimit t\u00eb qeveris\u00eb malazeze p\u00ebr dh\u00ebnien me qira p\u00ebr 90 vjet t\u00eb Plazh\u00ebs s\u00eb Madhe -s me Eagle Hillsat &nbsp;t\u00eb z. Alabbarit . Asambleja Komunale madje k\u00ebrkoi unanimisht respektimin e planifikimit vendor. Ankesat e tyre t\u00eb deklaruara ishin t\u00eb qarta dhe t\u00eb justifikuara: munges\u00eb transparence, shp\u00ebrfillje e trash\u00ebgimis\u00eb mjedisore dhe kulturore, konflikte me integrimin n\u00eb BE dhe tejkalim i ndikimit t\u00eb qeveris\u00eb qendrore.<\/p>\n\n\n\n<p>Autoritetet lokale, n\u00eb nj\u00eb moment t\u00eb caktuar, e paraqit\u00ebn k\u00ebt\u00eb \u00e7\u00ebshtje si nj\u00eb shqet\u00ebsim p\u00ebr t\u00eb drejtat e pakicave, duke iu drejtuar Presidentit t\u00eb Shqip\u00ebris\u00eb Bajram Begaj dhe BE-s\u00eb. Megjithat\u00eb, kritik\u00eb si Nikola Mirkovi\u0107 nga CCE v\u00ebn\u00eb n\u00eb dyshim n\u00ebse kjo taktik\u00eb e eklipson statusin e Velika Pla\u017ea si nj\u00eb pron\u00eb e p\u00ebrbashk\u00ebt komb\u00ebtare , duke thelluar potencialisht p\u00ebr\u00e7arjet etnike. Boris Mari\u0107 paralajm\u00ebroi kund\u00ebr &#8220;axhendave populiste&#8221; q\u00eb eklipsojn\u00eb dialogun e v\u00ebrtet\u00eb qytetar.<\/p>\n\n\n\n<p>Elita jon\u00eb politike duket m\u00eb e fokusuar n\u00eb bllokimin e marr\u00ebveshjeve specifike sesa n\u00eb adresimin e dob\u00ebsive kryesore t\u00eb Ulqinit. K\u00ebrc\u00ebnimet nga autoritetet lokale, t\u00eb tilla si shpallja e kryeministrit person non grata ose organizimi i bllokimeve t\u00eb rrug\u00ebve, t\u00ebrheqin v\u00ebmendjen e medias, por kritik\u00ebt i shohin ato si teatralitet. Strategjia duket simbolike: shkrimi i letrave t\u00eb hapura, apelimi ndaj deputet\u00ebve dhe shfryt\u00ebzimi i kontrollit t\u00eb BE-s\u00eb. Qeveria lokale k\u00ebmb\u00ebngul n\u00eb nj\u00eb &#8220;strategji t\u00eb q\u00ebndrueshme dhe vizionare&#8221; p\u00ebr Plazhin e Madh, duke pretenduar se \u00ebsht\u00eb miratuar, por duhet t\u00eb ndryshohet. Propozimi i fundit p\u00ebr t\u00eb formuar nj\u00eb &#8221; Asosiacioni i Arkitekt\u00ebve &#8221; p\u00ebr t\u00eb &#8220;shp\u00ebtuar&#8221; qytetin duket ironik p\u00ebr shum\u00eb njer\u00ebz. Pak kan\u00eb guxuar ta lidhin fajin ton\u00eb kolektiv me p\u00ebrbind\u00ebshat prej betoni t\u00eb Kalas\u00eb. A nuk ishin pik\u00ebrisht k\u00ebta profesionist\u00eb, n\u00eb shum\u00eb raste, ata q\u00eb mund\u00ebsuan &#8221; Betonizimin &#8221; e Ulqinit?<\/p>\n\n\n\n<p>Veprimeve t\u00eb tilla u mungon qart\u00ebsia dhe mandati publik. Ku jan\u00eb planet konkrete p\u00ebr pjes\u00ebmarrjen e qytetar\u00ebve, si\u00e7 jan\u00eb referendumet? Nd\u00ebrsa &#8220;zhvillimi i q\u00ebndruesh\u00ebm&#8221; \u00ebsht\u00eb nj\u00eb slogan popullor, ku jan\u00eb veprimet p\u00ebr t\u00eb luftuar dhe hart\u00ebzuar nd\u00ebrtimet e pakontrolluara t\u00eb paligjshme ose d\u00ebshtimet e planifikimit urban?<\/p>\n\n\n\n<p>Pavar\u00ebsisht kund\u00ebrshtimit lokal, mbeten sfida kritike: Parlamenti malazez ratifikoi nj\u00eb marr\u00ebveshje me Emiratet e Bashkuara Arabe, duke i dh\u00ebn\u00eb p\u00ebrpar\u00ebsi investimeve t\u00eb huaja direkte mbi autonomin\u00eb lokale. Propozimi i ri synon t\u00eb centralizoj\u00eb kompetencat e planifikimit, duke eliminuar m\u00eb tej kontrollin lokal. Nuk ka nj\u00eb plan t\u00eb besuesh\u00ebm p\u00ebr t\u00eb adresuar korrupsionin sistemik ose marr\u00ebveshjen e fsheht\u00eb midis investitor\u00ebve dhe zyrtar\u00ebve. Ulqinit i mungojn\u00eb rrug\u00ebt e p\u00ebrshtatshme, nj\u00eb ur\u00eb dhe nj\u00eb aeroport, gj\u00eb q\u00eb pengon rritjen. Menaxhimi i pamjaftuesh\u00ebm i mbeturinave dhe sistemet e uj\u00ebrave t\u00eb zeza, ve\u00e7an\u00ebrisht p\u00ebr Plazh\u00ebn t\u00eb madhe, paraqesin rreziqe t\u00eb konsiderueshme mjedisore dhe t\u00eb sh\u00ebndetit publik, dhe Porto Milena p\u00ebrb\u00ebn nj\u00eb k\u00ebrc\u00ebnim t\u00eb menj\u00ebhersh\u00ebm p\u00ebr sh\u00ebndetin. Ulqini nuk ka spital dhe sh\u00ebrbime sh\u00ebndet\u00ebsore t\u00eb dob\u00ebta, gj\u00eb q\u00eb \u00ebsht\u00eb nj\u00eb d\u00ebshtim themelor p\u00ebr qytetar\u00ebt dhe turist\u00ebt e tij. Strategjia e turizmit t\u00eb qytetit ton\u00eb \u00ebsht\u00eb e prapambetur, e vjet\u00ebruar dhe nuk arrin t\u00eb shfryt\u00ebzoj\u00eb potencialin e saj unik.<\/p>\n\n\n\n<p>Qeveria vendore ka k\u00ebrkuar gjithmon\u00eb mb\u00ebshtetjen e diaspor\u00ebs, por nuk ka pasur asnj\u00eb reagim &nbsp;publik nga zyra e kryetarit t\u00eb bashkis\u00eb n\u00eb lidhje me letr\u00ebn e hapur nga diaspora shqiptaro-amerikane drejtuar Kryeministrit t\u00eb Malit t\u00eb Zi, duke k\u00ebmb\u00ebngulur n\u00eb anulimin e projektit t\u00eb Alabbarit. Kjo tregon nj\u00eb shk\u00ebputje midis retorik\u00ebs dhe p\u00ebrgjegj\u00ebsis\u00eb.<\/p>\n\n\n\n<p>Udh\u00ebheqja e Ulqinit mund t\u00eb mobilizohet kund\u00ebr marr\u00ebveshjeve t\u00eb jashtme, por ky q\u00ebndrim reaktiv nuk \u00ebsht\u00eb p\u00ebrkthyer n\u00eb reforma proaktive dhe sistemike. Mungesa e nj\u00eb plani koherent p\u00ebr nd\u00ebrtimet e paligjshme, korrupsionin, infrastruktur\u00ebn kritike, qeverisjen pjes\u00ebmarr\u00ebse ose sh\u00ebrbimet baz\u00eb sugjeron nj\u00eb mb\u00ebshtetje n\u00eb zgjidhje sip\u00ebrfaq\u00ebsore ose shtyrje t\u00eb p\u00ebrgjegj\u00ebsis\u00eb ndaj pal\u00ebs s\u00eb tret\u00eb. Iniciativa &#8220;Asosiacioni i Arkitekt\u00ebve&#8221;, si\u00e7 \u00ebsht\u00eb konceptuar, \u00ebsht\u00eb nj\u00eb shembull i k\u00ebsaj shk\u00ebputjeje. Pyetja kryesore p\u00ebr qytetar\u00ebt e Ulqinit \u00ebsht\u00eb: si t\u00eb shkojm\u00eb p\u00ebrtej protestave reaktive p\u00ebr t\u00eb k\u00ebrkuar dhe bashk\u00eb-krijuar zgjidhje t\u00eb q\u00ebndrueshme dhe sistemike q\u00eb i sh\u00ebrbejn\u00eb v\u00ebrtet interesave afatgjata t\u00eb qytetit ton\u00eb dhe njer\u00ebzve t\u00eb tij? Dhe, p\u00ebr diaspor\u00ebn ton\u00eb: Z\u00ebri Juaj ka R\u00ebnd\u00ebsi!<\/p>\n\n\n\n<p>E ardhmja e Ulqinit nuk mund t\u00eb form\u00ebsohet nga gjeste simbolike apo teatrale politike. Ajo k\u00ebrkon angazhimin e t\u00eb gjith\u00eb njer\u00ebzve t\u00eb saj &#8211; brenda dhe jasht\u00eb vendit. Le t\u00eb kap\u00ebrcejm\u00eb p\u00ebr\u00e7arjet dhe t\u00eb k\u00ebrkojm\u00eb plane veprimi, jo premtime. Ndani idet\u00eb tuaja, mbajini udh\u00ebheq\u00ebsit p\u00ebrgjegj\u00ebs dhe ndihmoni n\u00eb nd\u00ebrtimin e nj\u00eb qyteti t\u00eb denj\u00eb p\u00ebr trash\u00ebgimin\u00eb e tij.<\/p>\n\n\n\n<p>Pyetja nuk \u00ebsht\u00eb m\u00eb \u201c\u00c7far\u00eb shkoi keq?\u201d, por \u201c\u00c7far\u00eb do t\u00eb nd\u00ebrtojm\u00eb s\u00eb bashku dhe si do ta mbrojm\u00eb Ulqinin?\u201d E ardhmja e Ulqinit varet nga kjo.<\/p>\n","protected":false},"excerpt":{"rendered":"<p>Nj\u00eb thirrje p\u00ebr nj\u00eb vizion t\u00eb p\u00ebrbashk\u00ebt Nga Sado Dollaku T\u00ebrheqja e fundit e investimit t\u00eb z. Alabbar n\u00eb Ulqin, e nxitur nga kund\u00ebrshtimi vendas, sh\u00ebnon nj\u00eb moment vendimtar p\u00ebr qytetin ton\u00eb. Nd\u00ebrsa disa e festojn\u00eb k\u00ebt\u00eb \u201cfitore\u201d kund\u00ebr nj\u00eb marr\u00ebveshjeje t\u00eb diskutueshme, ne duhet t\u00eb shohim m\u00eb thell\u00eb. Pyetja e v\u00ebrtet\u00eb p\u00ebr Ulqinin \u00ebsht\u00eb: [&hellip;]<\/p>\n","protected":false},"author":1,"featured_media":27143,"comment_status":"open","ping_status":"open","sticky":false,"template":"","format":"standard","meta":{"_seopress_robots_primary_cat":"none","_seopress_titles_title":"%%post_title%% %%sep%% %%sitetitle%%","_seopress_titles_desc":"%%post_excerpt%%","_seopress_robots_index":"","footnotes":""},"categories":[2,12],"tags":[2744],"class_list":["post-39647","post","type-post","status-publish","format-standard","has-post-thumbnail","hentry","category-aktualitet","category-opinione","tag-sado-dollaku"],"_links":{"self":[{"href":"https:\/\/ulqini-online.com\/sajti\/index.php?rest_route=\/wp\/v2\/posts\/39647","targetHints":{"allow":["GET"]}}],"collection":[{"href":"https:\/\/ulqini-online.com\/sajti\/index.php?rest_route=\/wp\/v2\/posts"}],"about":[{"href":"https:\/\/ulqini-online.com\/sajti\/index.php?rest_route=\/wp\/v2\/types\/post"}],"author":[{"embeddable":true,"href":"https:\/\/ulqini-online.com\/sajti\/index.php?rest_route=\/wp\/v2\/users\/1"}],"replies":[{"embeddable":true,"href":"https:\/\/ulqini-online.com\/sajti\/index.php?rest_route=%2Fwp%2Fv2%2Fcomments&post=39647"}],"version-history":[{"count":1,"href":"https:\/\/ulqini-online.com\/sajti\/index.php?rest_route=\/wp\/v2\/posts\/39647\/revisions"}],"predecessor-version":[{"id":39650,"href":"https:\/\/ulqini-online.com\/sajti\/index.php?rest_route=\/wp\/v2\/posts\/39647\/revisions\/39650"}],"wp:featuredmedia":[{"embeddable":true,"href":"https:\/\/ulqini-online.com\/sajti\/index.php?rest_route=\/wp\/v2\/media\/27143"}],"wp:attachment":[{"href":"https:\/\/ulqini-online.com\/sajti\/index.php?rest_route=%2Fwp%2Fv2%2Fmedia&parent=39647"}],"wp:term":[{"taxonomy":"category","embeddable":true,"href":"https:\/\/ulqini-online.com\/sajti\/index.php?rest_route=%2Fwp%2Fv2%2Fcategories&post=39647"},{"taxonomy":"post_tag","embeddable":true,"href":"https:\/\/ulqini-online.com\/sajti\/index.php?rest_route=%2Fwp%2Fv2%2Ftags&post=39647"}],"curies":[{"name":"wp","href":"https:\/\/api.w.org\/{rel}","templated":true}]}}