{"id":39444,"date":"2025-05-08T16:12:35","date_gmt":"2025-05-08T14:12:35","guid":{"rendered":"https:\/\/ulqini-online.com\/sajti\/?p=39444"},"modified":"2025-05-08T16:12:47","modified_gmt":"2025-05-08T14:12:47","slug":"sezoni-turistik-nis-me-kaos-dhe-pakenaqesi","status":"publish","type":"post","link":"https:\/\/ulqini-online.com\/sajti\/?p=39444","title":{"rendered":"Sezoni turistik nis me kaos dhe pak\u00ebnaq\u00ebsi"},"content":{"rendered":"<figure class=\"wp-block-post-featured-image\"><img loading=\"lazy\" decoding=\"async\" width=\"640\" height=\"404\" src=\"https:\/\/ulqini-online.com\/sajti\/wp-content\/uploads\/2025\/05\/Plazhi-zbrazet.jpg\" class=\"attachment-post-thumbnail size-post-thumbnail wp-post-image\" alt=\"\" style=\"object-fit:cover;\" srcset=\"https:\/\/ulqini-online.com\/sajti\/wp-content\/uploads\/2025\/05\/Plazhi-zbrazet.jpg 640w, https:\/\/ulqini-online.com\/sajti\/wp-content\/uploads\/2025\/05\/Plazhi-zbrazet-300x189.jpg 300w\" sizes=\"auto, (max-width: 640px) 100vw, 640px\" \/><\/figure>\n\n\n<p><\/p>\n\n\n\n<p>N\u00eb prag t\u00eb sezonit turistik, Komuna e Ulqinit ka ngritur alarmin mbi nj\u00eb kriz\u00eb t\u00eb re q\u00eb po p\u00ebrballon bregdeti i njohur p\u00ebr plazhet e tij atraktive: mungesa e menaxhimit dhe pron\u00ebsis\u00eb s\u00eb qart\u00eb mbi hap\u00ebsirat bregdetare. N\u00eb nj\u00eb kumtes\u00eb, Komuna ka shprehur shqet\u00ebsim t\u00eb thell\u00eb p\u00ebr at\u00eb q\u00eb e cil\u00ebson si nj\u00eb situat\u00eb \u201calarmante\u201d dhe pasoj\u00eb t\u00eb nj\u00eb pap\u00ebrgjegjshm\u00ebrie institucionale t\u00eb vazhdueshme, shkruan Ulqin Online.<\/p>\n\n\n\n<p>Sipas deklarat\u00ebs zyrtare, plazhet n\u00eb territorin e Ulqinit nuk jan\u00eb p\u00ebrgatitur p\u00ebr sezonin, nd\u00ebrsa deri m\u00eb tani nuk \u00ebsht\u00eb n\u00ebnshkruar asnj\u00eb kontrat\u00eb me qiramarr\u00ebsit potencial\u00eb. Kjo situat\u00eb, sipas komun\u00ebs, rrezikon jo vet\u00ebm sezonin turistik t\u00eb k\u00ebtij viti, por d\u00ebmton r\u00ebnd\u00eb imazhin e Malit t\u00eb Zi si destinacion turistik i besuesh\u00ebm dhe profesional.<\/p>\n\n\n\n<p>Komuna e Ulqinit akuzon drejtp\u00ebrdrejt Nd\u00ebrmarrjen Publike p\u00ebr T\u00eb Mirat Detare p\u00ebr paaft\u00ebsi n\u00eb organizimin e tender\u00ebve dhe zbatimin e procedurave n\u00eb p\u00ebrputhje me ligjin. Ajo v\u00eb n\u00eb dukje se ka pasur sinjale t\u00eb qarta p\u00ebr probleme q\u00eb n\u00eb faz\u00ebn paraprake t\u00eb tenderimit, t\u00eb cilat jan\u00eb injoruar nga autoritetet p\u00ebrgjegj\u00ebse, p\u00ebrfshir\u00eb edhe Ministrin\u00eb e Planifikimit Hap\u00ebsinor dhe at\u00eb t\u00eb Turizmit.<\/p>\n\n\n\n<p>\u201cPlazhet nuk ishin t\u00eb gatshme p\u00ebr t\u00eb pritur turist\u00ebt p\u00ebr fest\u00ebn e 1 Majit \u2013 nj\u00eb standard q\u00eb \u00ebsht\u00eb respektuar nd\u00ebr vite,\u201d thuhet n\u00eb deklarat\u00eb, duke theksuar se anulimi i tender\u00ebve n\u00eb disa zona vet\u00ebm sa ka shtuar konfuzionin dhe pasigurin\u00eb tek operator\u00ebt turistik\u00eb lokal\u00eb.<\/p>\n\n\n\n<p>Komuna propozon q\u00eb, n\u00eb vend t\u00eb organizimit t\u00eb nj\u00eb tenderi t\u00eb ri n\u00eb kushte t\u00eb paqarta, t\u00eb zgjatohen kontratat ekzistuese me nj\u00eb aneks p\u00ebr sezonin 2025. Kjo do t\u00eb mund\u00ebsonte menaxhimin e qet\u00eb t\u00eb sezonit aktual dhe p\u00ebrgatitjen profesionale p\u00ebr vitin e ardhsh\u00ebm.<\/p>\n\n\n\n<p>Nj\u00eb tjet\u00ebr propozim i r\u00ebnd\u00ebsish\u00ebm \u00ebsht\u00eb transformimi i NP \u201cT\u00eb Mirat Detare\u201d n\u00eb nj\u00eb agjenci funksionale, duke i dh\u00ebn\u00eb fund \u2013 si\u00e7 e quan komuna \u2013 \u201cmunges\u00ebs s\u00eb funksionalitetit\u201d t\u00eb nd\u00ebrmarrjes ekzistuese. P\u00ebr m\u00eb tep\u00ebr, Komuna i b\u00ebn thirrje Kuvendit t\u00eb Malit t\u00eb Zi q\u00eb t\u00eb shqyrtoj\u00eb me urgjenc\u00eb ndryshimet n\u00eb Ligjin p\u00ebr Pasurin\u00eb Detare dhe t\u00eb mund\u00ebsoj\u00eb nj\u00eb proces t\u00eb v\u00ebrtet\u00eb decentralizimi.<\/p>\n\n\n\n<p>\u201cVet\u00ebm p\u00ebrmes decentralizimit real, komunat bregdetare do t\u00eb jen\u00eb n\u00eb gjendje t\u00eb menaxhojn\u00eb n\u00eb m\u00ebnyr\u00eb efikase territorin e tyre dhe t\u00eb nd\u00ebrtojn\u00eb nj\u00eb t\u00eb ardhme t\u00eb q\u00ebndrueshme turistike,\u201d p\u00ebrfundon kumtesa.<\/p>\n\n\n\n<p>Kjo situat\u00eb ngre pyetje t\u00eb m\u00ebdha jo vet\u00ebm p\u00ebr p\u00ebrgatitjen e k\u00ebtij sezoni turistik, por p\u00ebr gjith\u00eb modelin aktual t\u00eb menaxhimit t\u00eb burimeve natyrore dhe t\u00eb pasuris\u00eb publike n\u00eb Mal t\u00eb Zi.<\/p>\n","protected":false},"excerpt":{"rendered":"<p>N\u00eb prag t\u00eb sezonit turistik, Komuna e Ulqinit ka ngritur alarmin mbi nj\u00eb kriz\u00eb t\u00eb re q\u00eb po p\u00ebrballon bregdeti i njohur p\u00ebr plazhet e tij atraktive: mungesa e menaxhimit dhe pron\u00ebsis\u00eb s\u00eb qart\u00eb mbi hap\u00ebsirat bregdetare. N\u00eb nj\u00eb kumtes\u00eb, Komuna ka shprehur shqet\u00ebsim t\u00eb thell\u00eb p\u00ebr at\u00eb q\u00eb e cil\u00ebson si nj\u00eb situat\u00eb \u201calarmante\u201d [&hellip;]<\/p>\n","protected":false},"author":1,"featured_media":39447,"comment_status":"open","ping_status":"open","sticky":false,"template":"","format":"standard","meta":{"_seopress_robots_primary_cat":"none","_seopress_titles_title":"%%post_title%% %%sep%% %%sitetitle%%","_seopress_titles_desc":"%%post_excerpt%%","_seopress_robots_index":"","footnotes":""},"categories":[2,9],"tags":[],"class_list":["post-39444","post","type-post","status-publish","format-standard","has-post-thumbnail","hentry","category-aktualitet","category-turizem"],"_links":{"self":[{"href":"https:\/\/ulqini-online.com\/sajti\/index.php?rest_route=\/wp\/v2\/posts\/39444","targetHints":{"allow":["GET"]}}],"collection":[{"href":"https:\/\/ulqini-online.com\/sajti\/index.php?rest_route=\/wp\/v2\/posts"}],"about":[{"href":"https:\/\/ulqini-online.com\/sajti\/index.php?rest_route=\/wp\/v2\/types\/post"}],"author":[{"embeddable":true,"href":"https:\/\/ulqini-online.com\/sajti\/index.php?rest_route=\/wp\/v2\/users\/1"}],"replies":[{"embeddable":true,"href":"https:\/\/ulqini-online.com\/sajti\/index.php?rest_route=%2Fwp%2Fv2%2Fcomments&post=39444"}],"version-history":[{"count":1,"href":"https:\/\/ulqini-online.com\/sajti\/index.php?rest_route=\/wp\/v2\/posts\/39444\/revisions"}],"predecessor-version":[{"id":39448,"href":"https:\/\/ulqini-online.com\/sajti\/index.php?rest_route=\/wp\/v2\/posts\/39444\/revisions\/39448"}],"wp:featuredmedia":[{"embeddable":true,"href":"https:\/\/ulqini-online.com\/sajti\/index.php?rest_route=\/wp\/v2\/media\/39447"}],"wp:attachment":[{"href":"https:\/\/ulqini-online.com\/sajti\/index.php?rest_route=%2Fwp%2Fv2%2Fmedia&parent=39444"}],"wp:term":[{"taxonomy":"category","embeddable":true,"href":"https:\/\/ulqini-online.com\/sajti\/index.php?rest_route=%2Fwp%2Fv2%2Fcategories&post=39444"},{"taxonomy":"post_tag","embeddable":true,"href":"https:\/\/ulqini-online.com\/sajti\/index.php?rest_route=%2Fwp%2Fv2%2Ftags&post=39444"}],"curies":[{"name":"wp","href":"https:\/\/api.w.org\/{rel}","templated":true}]}}