{"id":39100,"date":"2025-03-28T11:21:00","date_gmt":"2025-03-28T10:21:00","guid":{"rendered":"https:\/\/ulqini-online.com\/sajti\/?p=39100"},"modified":"2025-03-30T11:27:28","modified_gmt":"2025-03-30T09:27:28","slug":"zanati-me-i-lehte-eshte-te-benesh-minister","status":"publish","type":"post","link":"https:\/\/ulqini-online.com\/sajti\/?p=39100","title":{"rendered":"&#8221;&#8230;zanati m\u00eb i leht\u00eb \u00ebsht\u00eb t\u00eb b\u00ebnesh minister&#8230;&#8221;"},"content":{"rendered":"<figure class=\"wp-block-post-featured-image\"><img loading=\"lazy\" decoding=\"async\" width=\"264\" height=\"350\" src=\"https:\/\/ulqini-online.com\/sajti\/wp-content\/uploads\/2025\/03\/Andon-Zako-CAJUPI.jpg\" class=\"attachment-post-thumbnail size-post-thumbnail wp-post-image\" alt=\"\" style=\"object-fit:cover;\" srcset=\"https:\/\/ulqini-online.com\/sajti\/wp-content\/uploads\/2025\/03\/Andon-Zako-CAJUPI.jpg 264w, https:\/\/ulqini-online.com\/sajti\/wp-content\/uploads\/2025\/03\/Andon-Zako-CAJUPI-226x300.jpg 226w\" sizes=\"auto, (max-width: 264px) 100vw, 264px\" \/><\/figure>\n\n\n<p>N\u00cb DIT\u00cbLINDJEN E ANDON ZAKO \u00c7AJUPIT<\/p>\n\n\n\n<p>\u201cS\u2019ka pra m\u2019i leht\u00eb zanat se politika, o v\u00ebllez\u00ebr shqiptar\u00eb\u2026zanati m\u00eb i leht\u00eb \u00ebsht\u00eb t\u00eb b\u00ebnesh minister\u2026\u201d (Andon Zako \u00c7ajupi)<\/p>\n\n\n\n<p>\u00a0Nga Frank Shkreli<\/p>\n\n\n\n<p>Gjat\u00eb viteve m\u00eb ka p\u00eblqyer t\u00eb sjell, nga koha n\u00eb koh\u00eb, shkrime, artikuj ose p\u00ebrmbledhje, t\u00eb fillim shekullit t\u00eb kaluar, si p\u00ebr shembull nga At Gjergj Fishta, Faik Konica, Fan Noli e t\u00eb tjer\u00eb,&nbsp; t\u00eb cil\u00ebt ndon\u00ebse kan\u00eb jetuar dhe zhvilluar veprimtarin\u00eb e tyre n\u00eb fillim t\u00eb shekullit XX \u2013 mendimet dhe q\u00ebndrimet e tyre t\u00eb shprehura at\u00ebher\u00eb, ting\u00ebllojn\u00eb mjaft aktuale edhe p\u00ebr dit\u00ebt e sotme, p\u00ebrball\u00eb zhvillimeve politike n\u00eb Shqip\u00ebri, Kosov\u00eb dhe an\u00eb e mban\u00eb trojeve shqiptare gjat\u00eb&nbsp; gjith\u00eb vitit, por sidomos n\u00eb prak t\u00eb zgjedhjeve parlamentare, si\u00e7 jan\u00eb ato t\u00eb 11 majit, 2025.<\/p>\n\n\n\n<p>M\u00ebnyra se si p\u00ebrzgjidhen \u201cp\u00ebrfaquesit e ardh\u00ebsh\u00ebm t\u00eb popullit\u201d \u00e7do 4 vjet, \u00ebsht\u00eb kthyer, v\u00ebrtet\u00eb, n\u00eb nj\u00eb situat\u00eb komike p\u00ebr zgjedhsit shqiptar\u00eb. Mjafton t\u00eb shikoni listat e fundit (t\u00eb hapura dhe t\u00eb mbyllura) t\u00eb njoftuara nga partit\u00eb e ndryshme n\u00eb Shqip\u00ebri p\u00ebr zgjedhjet e majit, 2025. &nbsp;Dit\u00eblindja e \u00c7ajupit (27 mars, 1866) m\u00eb kujtoi nj\u00eb shkrim t\u00eb tijin \u2013 q\u00eb e kam pasqyruar edhe nj\u00ebher\u00eb tjet\u00ebr e q\u00eb mban dat\u00ebn 22 Shkurt, 1922 shkruar n\u00eb Kairo \u2013 si parath\u00ebnie n\u00eb krye t\u00eb dram\u00ebs, \u201cE Th\u00ebna\u201d t\u00eb Milo Du\u00e7it \u2013 ribotuar n\u00eb numrin e par\u00eb t\u00eb revist\u00ebs \u201cShejzat\u201d t\u00eb Ernest Koliqit (Viti i Par\u00eb, gusht -1957) n\u00eb Rom\u00eb me mbishkrimin, \u201cZane t\u00eb Kales\u00ebs\u201d.<\/p>\n\n\n\n<p>Na ishte nj\u00eb koh\u00eb, shkruante nd\u00ebr t\u00eb tjera, \u00c7ajupi, nj\u00eb shekull m\u00eb par\u00eb, kur populli k\u00ebrkonte nga qeveritar\u00ebt dhe p\u00ebrfaqsuesit e tij, q\u00eb t\u00eb jen\u00eb, \u201csidomos, atdhetar\u00eb t\u00eb v\u00ebrtet\u00eb\u201d. &nbsp;N\u00eb at\u00eb artikull, \u00c7ajupi p\u00ebrshkruante situat\u00ebn politike t\u00eb koh\u00ebs s\u00eb tij duke pasqyruar realitetin e at\u00ebhersh\u00ebm politik \u2013 deri diku, n\u00eb p\u00ebrputhje me t\u00eb sotmen, 100-vite m\u00eb von\u00eb &#8212; se t\u00eb jesh \u201cnj\u00eb atdhetar i v\u00ebrtet\u00eb\u201d, nuk merret aspak n\u00eb konsiderat\u00eb si nj\u00eb vler\u00eb ose cil\u00ebsi p\u00ebr nj\u00eb deputet ose p\u00ebr cilindo do politikan t\u00eb niveleve m\u00eb t\u00eb larta, p\u00ebrfshir ministrat n\u00eb sh\u00ebrbim t\u00eb popullit duke theksuar se p\u00ebr tu future n\u00eb politik\u00eb, t\u00eb jesh atdhetar nuk \u00ebsht\u00eb e nevojshme p\u00ebr \u201caspirant\u00ebt\u201d politik\u00eb: \u201cJo, sot s\u2019\u00ebsht\u00eb nevoj\u00eb! Nd\u00eb Shqip\u00ebri, nj\u00eb turkoman, nj\u00eb grekoman, nj\u00eb sllavoman, nj\u00eb intrigant, nj\u00eb tradh\u00ebtor, tokon t\u00eb b\u00ebnet, pa vesvese, regjent, minist\u00ebr, depytet, prefekt, faqe me nder dhe mbret.\u201d<\/p>\n\n\n\n<p>Artikulli i \u00c7ajupit, \u00ebsht\u00eb shkruar prej tij nj\u00eb shekull m\u00eb par\u00eb, n\u00eb form\u00ebn e nj\u00eb parath\u00ebnieje t\u00eb dram\u00ebs \u201cE Th\u00ebna\u201d. E p\u00ebrzgjodha k\u00ebt\u00eb shkrim t\u00eb \u00c7ajupit, n\u00eb p\u00ebrvjetorin e tij t\u00eb lindjes (27 Mars, 1866) sepse sjell edhe sot nj\u00eb freski t\u00eb gj\u00ebndjes politike dhe kulturore, q\u00eb mbret\u00ebronte n\u00eb at\u00eb koh\u00eb, an\u00eb e mban\u00eb trojeve shqiptare, por duke marr\u00eb parasysh, sidomos, zhvillimet aktuale politike n\u00eb Shqip\u00ebri n\u00eb prak t\u00eb zgjedhjeve t\u00eb majit, e b\u00ebn at\u00eb shkrim mjaft aktual p\u00ebr bot\u00ebn politike shqiptare sot. Ngjan sikur \u00c7ajupi t\u00eb p\u00ebrshkruante pothuaj, ekzakt\u00ebrisht, duke pasqyruar me mjaft p\u00ebrpikm\u00ebri, sidomos, gj\u00ebndjen aktuale politike n\u00eb Shqip\u00ebri para zgjedhjeve t\u00eb ardh\u00ebshme. &nbsp;P\u00ebrzgjedhja e kandidat\u00ebve t\u00eb partive t\u00eb ndryshme politike shqiptare nuk b\u00ebhet duke u bazuar n\u00eb meritat e kandidatit ose kandidat\u00ebve. N\u00eb t\u00eb v\u00ebrtet\u00eb, ashtu si n\u00eb koh\u00ebn e \u00c7ajupit, nj\u00eb shekull m\u00eb par\u00eb, as sot, t\u00eb jesh kandiddat p\u00ebr ofiqe t\u00eb larta n\u00eb shtet e qeveri, pore dhe n\u00eb parliament, \u201cS\u2019ke nevoj\u00eb t\u00eb dish asnj\u00eb pun\u00eb, asnj\u00eb mjesht\u00ebri me themel.\u201d<\/p>\n\n\n\n<p>Ndon\u00ebse kan\u00eb kaluar mbi 100-vjet nga botimi \u2013 sa t\u00eb v\u00ebrteta jan\u00eb fjal\u00ebt e \u00c7ajupit! Ato pasqyrojn\u00eb edhe sot shqet\u00ebsimet dhe trishtimet e patriot\u00ebve t\u00eb v\u00ebrtet\u00eb t\u00eb asaj kohe n\u00eb lidhje me gj\u00ebndjen politike dhe kulturore t\u00eb shqiptar\u00ebve at\u00ebher\u00eb. Por sa aktuale jan\u00eb edhe sot. Ato jan\u00eb n\u00eb p\u00ebrputhje t\u00eb plot\u00eb dhe, p\u00ebrpikm\u00ebrisht, me gj\u00ebndjen e sotme komike politike dhe kulturore n\u00eb rrafshin politik dhe shoq\u00ebror shqiptar, si n\u00eb marr\u00ebdh\u00ebniet e shqiptar\u00ebve me nj\u00ebri tjetrin ashtu dhe me t\u00eb tjer\u00ebt.<\/p>\n\n\n\n<p><\/p>\n\n\n\n<p>&nbsp;\u201cP\u00ebr shumic\u00ebn e shqiptar\u00ebve, politika \u00ebsht\u00eb nj\u00eb pun\u00eb fort e leht\u00eb dhe u v\u00ebrtetoj se, p\u00ebr me fitu buk\u00ebn, n\u00eb k\u00ebt\u00eb bot\u00eb t\u00eb reme, zanati m\u2019i leht\u00eb \u00ebsht\u00eb t\u00eb b\u00ebnesh minist\u00ebr. S\u2019ke nevoj\u00eb t\u00eb dish asnj\u00eb pun\u00eb, asnj\u00eb mjesht\u00ebri me themel\u2026<strong><em> <\/em><\/strong><strong><em>Si shpjegonet kjo pasuni n\u00eb pik\u00ebpamje t\u00eb politik\u00ebs?&#8230;<\/em><\/strong><em> <\/em>&nbsp;Ministri i bujq\u00ebsis\u00eb, bie fjala, tokon t\u00eb mos \u00e7quaj qep\u00ebt nga pras\u00ebt; ministri i luft\u00ebs tokon t\u00eb mos ket\u00eb mar\u00eb nj\u00eb pushk\u00eb n\u00eb dor\u00eb; ministri i financ\u00ebs tokon t\u00eb mos ket\u00eb fituar asnj\u00eb grosh, ve\u00e7 me t\u00eb grabitur; ministri i arsimit tokon t\u00eb mos dij\u00eb as shqip, ve\u00e7 t\u00eb mundi t\u00eb shkruaj nj\u00eb&nbsp;\u00eb&nbsp;me dy pika mbi krye; ministri i pun\u00ebve t\u00eb p\u00ebrjasht\u00ebme tokon t\u00eb jet\u00eb prift a hoxh\u00eb\u2026., dhe puna t\u00eb vej\u00eb mbar\u00eb gjithmon\u00eb\u2026\u201d (\u00c7ajupi)<\/p>\n\n\n\n<p>P\u00ebrve\u00e7 kritik\u00ebs ndaj gjendjes politike t\u00eb koh\u00ebs s\u00eb tij, \u00c7ajupi, ka shprehur gjithashtu zhg\u00ebnjimin dhe trishtimin e tij mbi gj\u00ebndjen e at\u00ebhershme dhe p\u00ebr munges\u00ebn e zhvillimeve letrare e kulturore, n\u00eb nivel t\u00eb duhur, t\u00eb gjuh\u00ebs shqipe, n\u00eb p\u00ebrgjith\u00ebsi, n\u00eb Shqip\u00ebrin\u00eb e 1920-ave. Nd\u00ebrkoh\u00eb q\u00eb \u201cshqiptar\u00ebt jan\u00eb t\u00eb lindur p\u00ebr politik\u00eb\u201d- sipas \u00c7ajupit, t\u00eb pak\u00ebt jan\u00eb njer\u00ebzit e kultur\u00ebs. &nbsp;\u201cP\u00ebr nj\u00ebm\u00ebnd, nd\u00eb Shqip\u00ebri gj\u00ebnden plot ministra, qeveritar\u00eb, depytenj, diplomat\u00eb t\u00eb fort\u00eb.&nbsp;Mbijn\u00eb sikurse k\u00ebrpudhat nga dh\u00e9u\u2026P\u00ebrkundra, shkronj\u00ebtor\u00ebt, vjersh\u00ebtor\u00ebt, jan\u00eb fort t\u00eb pak\u00ebt.\u201d&nbsp; Megjithse kan\u00eb kaluar mbi 100-vjet nga botimi \u2013 fjal\u00ebt e \u00c7ajupit n\u00eb dit\u00eblindjen e tij &#8212; pasqyrojn\u00eb edhe sot shqet\u00ebsimet dhe trishtimet e patriot\u00ebve t\u00eb v\u00ebrtet\u00eb t\u00eb asaj kohe n\u00eb lidhje me gj\u00ebndjen politike dhe kulturore t\u00eb shqiptar\u00ebve at\u00ebher\u00eb, por q\u00eb, pothuaj, p\u00ebrputhen aq p\u00ebrpikm\u00ebrisht edhe me gj\u00ebndjen e sotme politike, shoq\u00ebrore dhe kulturore n\u00eb marr\u00ebdh\u00ebniet e shqiptar\u00ebve me nj\u00ebri tjetrin dhe me t\u00eb tjer\u00ebt.<\/p>\n\n\n\n<p>Demokracia e v\u00ebrtet\u00eb nuk pret! \u201cTek prisnim t\u00eb piqeshin kushtet, na u kalb\u00ebn d\u00ebshirat\u201d, ka th\u00ebn\u00eb dikur i Madhi Faik Konica. Mendonim se 35-vite tranzicion nga sistemi diktatorial komunist do sillte m\u00eb n\u00eb fund at\u00eb q\u00eb shpresonin brezat e shqiptar\u00ebve, nj\u00eb sistem puralizmi t\u00eb v\u00ebrtet\u00eb politik e demokratik, me t\u00eb drejta t\u00eb barabarta t\u00eb njeriut, me drejt\u00ebsi dhe me p\u00ebrgjegj\u00ebsi qytetare e politike. &nbsp;Por, p\u00ebr fat t\u00eb keq, fal\u00eb edhe k\u00ebsaj \u201cbote t\u00eb rreme\u201d ndoshta &#8212; si\u00e7 \u00ebsht\u00eb shprehur edhe \u00c7ajupi 100-vite m\u00eb par\u00eb &#8212; demokracia p\u00ebrfaqsuese shqiptare \u2013 me ndonj\u00eb p\u00ebrjashtim aty k\u00ebtu, nuk ka prodhuar politikan\u00eb me nder e integritet, \u201catdhetar\u00eb t\u00eb v\u00ebrtet\u00eb\u201d, sipas \u00c7ajupit, shqiptar\u00eb n\u00eb sh\u00ebrbim t\u00eb popullit t\u00eb vet, t\u00eb cil\u00ebt mbi interesat personale dhe partiake, vendosin gjithmon\u00eb interesat madhore t\u00eb Kombit. 35-vjet pas shembjes s\u00eb Murit t\u00eb Berlinit dhe 6-jav\u00eb jav\u00eb para zgjedhjeve parlamentare n\u00eb Shqip\u00ebri, populli shqiptar \u2013 ashtu si n\u00eb koh\u00ebn e \u00c7ajupit 100-vjet m\u00eb par\u00eb \u2013 k\u00ebrkon nga qeveritar\u00ebt dhe p\u00ebrfaqsuesit e tij n\u00eb Kuvendin e ri shqiptar, mbi t\u00eb gjitha dhe sidomos \u201cAtdhetar\u00eb t\u00eb v\u00ebrtet\u00eb\u201d, p\u00ebr nd\u00ebrtimin e nj\u00eb t\u00eb ardhme m\u00eb t\u00eb mir\u00eb p\u00ebr Shqip\u00ebrin\u00eb dhe Kombin shqiptar.&nbsp;<\/p>\n\n\n\n<p>Frank Shkreli&nbsp;&nbsp;&nbsp;&nbsp;&nbsp;&nbsp;&nbsp;&nbsp;&nbsp;&nbsp;&nbsp;&nbsp;&nbsp;&nbsp;&nbsp;&nbsp;&nbsp;&nbsp;&nbsp;&nbsp;&nbsp;&nbsp;&nbsp;&nbsp;&nbsp;&nbsp;&nbsp;&nbsp;&nbsp;&nbsp;&nbsp;&nbsp;&nbsp;<\/p>\n","protected":false},"excerpt":{"rendered":"<p>N\u00cb DIT\u00cbLINDJEN E ANDON ZAKO \u00c7AJUPIT \u201cS\u2019ka pra m\u2019i leht\u00eb zanat se politika, o v\u00ebllez\u00ebr shqiptar\u00eb\u2026zanati m\u00eb i leht\u00eb \u00ebsht\u00eb t\u00eb b\u00ebnesh minister\u2026\u201d (Andon Zako \u00c7ajupi) \u00a0Nga Frank Shkreli Gjat\u00eb viteve m\u00eb ka p\u00eblqyer t\u00eb sjell, nga koha n\u00eb koh\u00eb, shkrime, artikuj ose p\u00ebrmbledhje, t\u00eb fillim shekullit t\u00eb kaluar, si p\u00ebr shembull nga At Gjergj [&hellip;]<\/p>\n","protected":false},"author":1,"featured_media":39104,"comment_status":"open","ping_status":"open","sticky":false,"template":"","format":"standard","meta":{"_seopress_robots_primary_cat":"none","_seopress_titles_title":"%%post_title%% %%sep%% %%sitetitle%%","_seopress_titles_desc":"%%post_excerpt%%","_seopress_robots_index":"","footnotes":""},"categories":[2,12],"tags":[],"class_list":["post-39100","post","type-post","status-publish","format-standard","has-post-thumbnail","hentry","category-aktualitet","category-opinione"],"_links":{"self":[{"href":"https:\/\/ulqini-online.com\/sajti\/index.php?rest_route=\/wp\/v2\/posts\/39100","targetHints":{"allow":["GET"]}}],"collection":[{"href":"https:\/\/ulqini-online.com\/sajti\/index.php?rest_route=\/wp\/v2\/posts"}],"about":[{"href":"https:\/\/ulqini-online.com\/sajti\/index.php?rest_route=\/wp\/v2\/types\/post"}],"author":[{"embeddable":true,"href":"https:\/\/ulqini-online.com\/sajti\/index.php?rest_route=\/wp\/v2\/users\/1"}],"replies":[{"embeddable":true,"href":"https:\/\/ulqini-online.com\/sajti\/index.php?rest_route=%2Fwp%2Fv2%2Fcomments&post=39100"}],"version-history":[{"count":1,"href":"https:\/\/ulqini-online.com\/sajti\/index.php?rest_route=\/wp\/v2\/posts\/39100\/revisions"}],"predecessor-version":[{"id":39105,"href":"https:\/\/ulqini-online.com\/sajti\/index.php?rest_route=\/wp\/v2\/posts\/39100\/revisions\/39105"}],"wp:featuredmedia":[{"embeddable":true,"href":"https:\/\/ulqini-online.com\/sajti\/index.php?rest_route=\/wp\/v2\/media\/39104"}],"wp:attachment":[{"href":"https:\/\/ulqini-online.com\/sajti\/index.php?rest_route=%2Fwp%2Fv2%2Fmedia&parent=39100"}],"wp:term":[{"taxonomy":"category","embeddable":true,"href":"https:\/\/ulqini-online.com\/sajti\/index.php?rest_route=%2Fwp%2Fv2%2Fcategories&post=39100"},{"taxonomy":"post_tag","embeddable":true,"href":"https:\/\/ulqini-online.com\/sajti\/index.php?rest_route=%2Fwp%2Fv2%2Ftags&post=39100"}],"curies":[{"name":"wp","href":"https:\/\/api.w.org\/{rel}","templated":true}]}}