{"id":391,"date":"2014-11-20T22:26:05","date_gmt":"2014-11-20T21:26:05","guid":{"rendered":"http:\/\/ulqini-online.com\/sajti\/?p=391"},"modified":"2014-11-20T22:27:22","modified_gmt":"2014-11-20T21:27:22","slug":"gezim-ibroci-mbetet-i-papune","status":"publish","type":"post","link":"https:\/\/ulqini-online.com\/sajti\/?p=391","title":{"rendered":"G\u00ebzim Ibro\u00e7i mbetet i papun\u00eb"},"content":{"rendered":"<p><a href=\"https:\/\/ulqini-online.com\/sajti\/wp-content\/uploads\/2014\/11\/Gezim-ibroci.jpg\"><img loading=\"lazy\" decoding=\"async\" class=\"size-medium wp-image-285 alignleft\" src=\"https:\/\/ulqini-online.com\/sajti\/wp-content\/uploads\/2014\/11\/Gezim-ibroci-300x172.jpg\" alt=\"Gezim-ibroci\" width=\"300\" height=\"172\" srcset=\"https:\/\/ulqini-online.com\/sajti\/wp-content\/uploads\/2014\/11\/Gezim-ibroci-300x172.jpg 300w, https:\/\/ulqini-online.com\/sajti\/wp-content\/uploads\/2014\/11\/Gezim-ibroci.jpg 500w\" sizes=\"auto, (max-width: 300px) 100vw, 300px\" \/><\/a>Gazetari i njohur n\u00eb qytetin e Ulqinit por tashm\u00eb i njohur edhe si protagonisti kryesor\u00a0 organizatori i protest\u00ebs dhe peticionit &#8221;STOP diskriminimit &#8211; Duam te rsimohemi si shqiptar\u00eb&#8221;, nga muaji tetor g\u00ebzon statusit e t\u00eb papunit.<\/p>\n<p>&#8221; ( 20.09.2007&#8212;20.10.2014 )&#8230;.<br \/>\n7 vite, 1 muaj e 20 dit\u00eb pune t\u00eb regjistruara n\u00eb librez\u00ebn e pun\u00ebs si gazetar i televizionit Teuta &#8230;&#8230;.<br \/>\nKapitull i mbyllur, dinjiteti mbi t\u00eb gjitha&#8230;&#8230;&#8221;, k\u00ebshtu shkruan Ibro\u00e7i n\u00eb nj\u00eb postim t\u00eb tij n\u00eb rrjetin social FB.<\/p>\n<p>Ibro\u00e7i n\u00eb postimin e tij nuk shkruan arsyet pse nuk \u00ebsht\u00eb n\u00eb pun\u00eb mir\u00ebpo fjalia e fundit e tij &#8221;dinjiteti mbi t\u00eb gjitha&#8230;&#8221;, l\u00eb shum\u00eb hap\u00ebsir\u00eb p\u00ebr hamendje.<\/p>\n<p>T\u00eb shpresojm\u00eb se e gjitha kjo nuk ka t\u00eb b\u00ebj\u00eb me aktivitetin e tij qytetar t\u00eb cilin duhet ta ndjejm\u00eb t\u00eb gjith\u00eb n\u00eb si prind por edhe si pjese e nj\u00eb shoq\u00ebrie t\u00eb p\u00ebrgjegjshme.<\/p>\n<p>Zoti Ibro\u00e7i na dha nj\u00eb leksion t\u00eb cilin shpresojm\u00eb q\u00eb ta kemi kuptuar ashtu si na ka dh\u00ebne.<\/p>\n","protected":false},"excerpt":{"rendered":"<p>Gazetari i njohur n\u00eb qytetin e Ulqinit por tashm\u00eb i njohur edhe si protagonisti kryesor\u00a0 organizatori i protest\u00ebs dhe peticionit &#8221;STOP diskriminimit &#8211; Duam te rsimohemi si shqiptar\u00eb&#8221;, nga muaji tetor g\u00ebzon statusit e t\u00eb papunit. &#8221; ( 20.09.2007&#8212;20.10.2014 )&#8230;. 7 vite, 1 muaj e 20 dit\u00eb pune t\u00eb regjistruara n\u00eb librez\u00ebn e pun\u00ebs si [&hellip;]<\/p>\n","protected":false},"author":1,"featured_media":285,"comment_status":"open","ping_status":"open","sticky":false,"template":"","format":"standard","meta":{"_seopress_robots_primary_cat":"","_seopress_titles_title":"","_seopress_titles_desc":"","_seopress_robots_index":"","footnotes":""},"categories":[2,11],"tags":[],"class_list":["post-391","post","type-post","status-publish","format-standard","has-post-thumbnail","hentry","category-aktualitet","category-sociale"],"_links":{"self":[{"href":"https:\/\/ulqini-online.com\/sajti\/index.php?rest_route=\/wp\/v2\/posts\/391","targetHints":{"allow":["GET"]}}],"collection":[{"href":"https:\/\/ulqini-online.com\/sajti\/index.php?rest_route=\/wp\/v2\/posts"}],"about":[{"href":"https:\/\/ulqini-online.com\/sajti\/index.php?rest_route=\/wp\/v2\/types\/post"}],"author":[{"embeddable":true,"href":"https:\/\/ulqini-online.com\/sajti\/index.php?rest_route=\/wp\/v2\/users\/1"}],"replies":[{"embeddable":true,"href":"https:\/\/ulqini-online.com\/sajti\/index.php?rest_route=%2Fwp%2Fv2%2Fcomments&post=391"}],"version-history":[{"count":3,"href":"https:\/\/ulqini-online.com\/sajti\/index.php?rest_route=\/wp\/v2\/posts\/391\/revisions"}],"predecessor-version":[{"id":394,"href":"https:\/\/ulqini-online.com\/sajti\/index.php?rest_route=\/wp\/v2\/posts\/391\/revisions\/394"}],"wp:featuredmedia":[{"embeddable":true,"href":"https:\/\/ulqini-online.com\/sajti\/index.php?rest_route=\/wp\/v2\/media\/285"}],"wp:attachment":[{"href":"https:\/\/ulqini-online.com\/sajti\/index.php?rest_route=%2Fwp%2Fv2%2Fmedia&parent=391"}],"wp:term":[{"taxonomy":"category","embeddable":true,"href":"https:\/\/ulqini-online.com\/sajti\/index.php?rest_route=%2Fwp%2Fv2%2Fcategories&post=391"},{"taxonomy":"post_tag","embeddable":true,"href":"https:\/\/ulqini-online.com\/sajti\/index.php?rest_route=%2Fwp%2Fv2%2Ftags&post=391"}],"curies":[{"name":"wp","href":"https:\/\/api.w.org\/{rel}","templated":true}]}}