{"id":39078,"date":"2025-03-27T15:52:43","date_gmt":"2025-03-27T14:52:43","guid":{"rendered":"https:\/\/ulqini-online.com\/sajti\/?p=39078"},"modified":"2025-03-27T16:00:21","modified_gmt":"2025-03-27T15:00:21","slug":"plazhet-e-ulqinit-dhe-vajtimet-e-partive-politike-shqiptare","status":"publish","type":"post","link":"https:\/\/ulqini-online.com\/sajti\/?p=39078","title":{"rendered":"Plazhet e Ulqinit dhe vajtimet e partive politike shqiptare"},"content":{"rendered":"<figure class=\"wp-block-post-featured-image\"><img loading=\"lazy\" decoding=\"async\" width=\"640\" height=\"427\" src=\"https:\/\/ulqini-online.com\/sajti\/wp-content\/uploads\/2025\/03\/Ali-Salaj.jpg\" class=\"attachment-post-thumbnail size-post-thumbnail wp-post-image\" alt=\"\" style=\"object-fit:cover;\" srcset=\"https:\/\/ulqini-online.com\/sajti\/wp-content\/uploads\/2025\/03\/Ali-Salaj.jpg 640w, https:\/\/ulqini-online.com\/sajti\/wp-content\/uploads\/2025\/03\/Ali-Salaj-300x200.jpg 300w\" sizes=\"auto, (max-width: 640px) 100vw, 640px\" \/><\/figure>\n\n\n<p>Vajtimi i tyre p\u00ebr tenderet e plazheve n\u00eb Ulqin duket i tepruar dhe i ekzagjeruar. Ky vajtim \u00ebsht\u00eb edhe m\u00eb i trishtuar, sepse autoritetet vendore dhe partit\u00eb politike shqiptare tentojn\u00eb t\u00eb mbrojn\u00eb pronar\u00ebt, por jo t\u00eb eliminojn\u00eb praktik\u00ebn diskriminuese t\u00eb k\u00ebsaj nd\u00ebrmarrjeje dhe ta kthejn\u00eb, nj\u00ebher\u00eb e p\u00ebrgjithmon\u00eb, dinjitetin e k\u00ebtij qyteti q\u00eb n\u00ebnkupton menaxhimin e pasuris\u00eb s\u00eb vet.<\/p>\n\n\n\n<p>Nga Ali Salaj<br>Vendimi me rregulla t\u00eb reja rreth tenderit p\u00ebr plazhet e Ulqinit t\u00eb N.P. \u201cT\u00eb Mirat Detare\u201d me seli n\u00eb Budva, shkaktoi nj\u00eb mori reagimesh dhe shqet\u00ebsimesh n\u00eb opinion. Reagimet ishin t\u00eb ashpra dhe, hera her\u00ebs euforike, duke sh\u00ebnjestruar m\u00ebnyr\u00ebn e nj\u00ebanshme t\u00eb vendimit q\u00eb bie n\u00eb kund\u00ebrshtim me Ligjin p\u00ebr planifikimin hap\u00ebsinor dhe q\u00eb n\u00eb m\u00ebnyr\u00eb dramatike do t\u00eb ndikoj\u00eb n\u00eb mbar\u00ebvajtjen e sezonit turistik.<\/p>\n\n\n\n<p>Megjithat\u00eb, k\u00ebto dit\u00eb u vendos q\u00eb tu lejohet sip\u00ebrmarr\u00ebsve vendas q\u00eb ti rimarrin plazhet, t\u00eb cilat kompania nd\u00ebrkomb\u00ebtare Eagle Hills i fitoi n\u00eb tender. U vendos q\u00eb kjo kompani t\u00eb mos investoj\u00eb n\u00eb plazhet e Ulqinit dhe n\u00eb k\u00ebt\u00eb m\u00ebnyr\u00eb , si\u00e7 u shprehen zyrtar\u00ebt komunal\u00eb, t\u00eb \u201cpunohet vet\u00ebm n\u00eb interes t\u00eb komunitetit!\u201d<\/p>\n\n\n\n<p>Edhe nj\u00eb her\u00eb partit\u00eb politike shqiptare dhe zyrtar\u00ebt vendor\u00eb k\u00ebt\u00eb ngjarje po e shpallin si nj\u00eb fitore t\u00eb madhe t\u00eb tyre, duke e kamufluar shkakun dhe problemin burimor, e q\u00eb \u00ebsht\u00eb N.P. \u201cT\u00eb mirat detare\u201d.<\/p>\n\n\n\n<p>Lider\u00ebt dhe p\u00ebrfaq\u00ebsuesit politik\u00eb t\u00eb shqiptar\u00ebve publikisht e kund\u00ebrshtojn\u00eb veprimtarin\u00eb e N.P. \u201cT\u00eb Mirat Detare\u201d, ku disa n\u00eb m\u00ebnyr\u00eb ironike k\u00ebt\u00eb nd\u00ebrmarrje e quajn\u00eb \u201cT\u00eb k\u00ebqijat detare\u201d, duke i cil\u00ebsuar vendimet e saj si arbitrare dhe diskriminuese. Ata theksojn\u00eb se p\u00ebrkufizimi i brezit t\u00eb t\u00eb mirave detare n\u00eb Komun\u00ebn e Ulqinit e ka shnd\u00ebrruar k\u00ebt\u00eb zon\u00eb n\u00eb komun\u00eb kontinentale. Mir\u00ebpo, n\u00eb an\u00ebn tjet\u00ebr, asnj\u00ebher\u00eb nuk ngurruan q\u00eb ti em\u00ebronin p\u00ebrfaq\u00ebsuesit e tyre n\u00eb Bordin e drejtor\u00ebve (Forca n\u00eb k\u00ebt\u00eb nd\u00ebrmarrje mbajti postin e kryetarit t\u00eb Bordit, nd\u00ebrsa Alternativa Shqiptare at\u00eb t\u00eb an\u00ebtarit) ku, me dashje apo pa dashje, i kontribuuan k\u00ebsaj gjendjeje duke cenuar, si\u00e7 thuhet, \u201cKushtetut\u00ebn dhe ligjet e vendit\u201d.<\/p>\n\n\n\n<p>Partit\u00eb shqiptare dhe zyrtar\u00ebt vendor\u00eb, duke vajtuar me problemet q\u00eb jan\u00eb pasoj\u00eb e politik\u00ebs s\u00eb tyre, kan\u00eb p\u00ebr synim ti kamuflojn\u00eb problemet serioze dhe t\u00eb paraqiten para elektoratit t\u00eb vet si shp\u00ebtimtar\u00ebt e vet\u00ebm karshi interesit popullor dhe komb\u00ebtar. Kjo \u00ebsht\u00eb m\u00eb e theksuar edhe nga fakti se s\u00eb shpejti priten zgjedhjet vendore p\u00ebr pushtetin lokal n\u00eb Ulqin. Megjithat\u00eb, se interesi i karriges \u00ebsht\u00eb obsesiv, partit\u00eb politike shqiptare e kan\u00eb d\u00ebshmuar n\u00eb vazhdim\u00ebsi, qoft\u00eb me afer\u00ebn e pushimores kosovare K1, ku Komuna e Ulqinit i pagoi me miliona euro d\u00ebmshp\u00ebrblim oligarkut malazez, Dushko Knezheviqit dhe shoferit t\u00eb tij, ose me ndarjen e 8000 metrave katror\u00eb n\u00eb Pyllin e Pishave, me shkat\u00ebrrimin e \u201cRivier\u00ebs s\u00eb Ulqinit\u201d, Kripores, Fabrik\u00ebs s\u00eb Tepih\u00ebve (sixhadeve) dhe aneksimin e oborrit t\u00eb Shkoll\u00ebs s\u00eb Vjet\u00ebr n\u00eb Kat\u00ebrkoll\u00eb, ku si pasoj\u00eb e t\u00eb gjitha k\u00ebtyre veprimeve, mbeten pa pun\u00eb me qindra pun\u00ebtor\u00eb dhe familjar\u00eb.Nd\u00ebrkaq, ndarja e tokave m\u00eb pjellore n\u00eb Shas t\u00eb An\u00ebs s\u00eb Malit p\u00ebr megakompanin\u00eb \u201cVoli\u201d e ka ngulfatur prodhimin vendor dhe familjar t\u00eb bujqve nga kjo zon\u00eb.<\/p>\n\n\n\n<p>P\u00ebrfaq\u00ebsuesit politik\u00eb dhe autoritetet vendore t\u00eb Ulqinit asnj\u00ebher\u00eb nuk i trajtuan seriozisht k\u00ebto probleme pron\u00ebsore dhe kurr\u00eb nuk pat\u00ebn fuqin\u00eb t\u00eb shkojn\u00eb s\u00eb paku deri n\u00eb Gjykat\u00ebn e Strasburgut apo n\u00eb arbitrazhe tjera nd\u00ebrkomb\u00ebtare.<\/p>\n\n\n\n<p>Prandaj vajtimi i tyre p\u00ebr tenderat e plazheve n\u00eb Ulqin duket i tepruar dhe i ekzagjeruar. Ky vajtim \u00ebsht\u00eb edhe m\u00eb i trishtuar, sepse autoritetet vendore dhe partit\u00eb politike shqiptare tentojn\u00eb t\u00eb mbrojn\u00eb pronar\u00ebt, por jo t\u00eb eliminojn\u00eb praktik\u00ebn diskriminuese t\u00eb k\u00ebsaj nd\u00ebrmarrjeje dhe ta kthejn\u00eb, nj\u00ebher\u00eb e p\u00ebrgjithmon\u00eb, dinjitetin e k\u00ebtij qyteti, q\u00eb n\u00ebnkupton menaxhimin e pasuris\u00eb s\u00eb vet.<\/p>\n\n\n\n<p>Ata po mbrojn\u00eb pronar\u00ebt, t\u00eb cil\u00ebt kan\u00eb krijuar monopol me pron\u00ebn publike dhe shumica prej tyre jan\u00eb oligark\u00eb t\u00eb pushtetit t\u00eb kaluar. Disa prej k\u00ebtyre plazheve n\u00eb vazhdim\u00ebsi jan\u00eb \u201crezervuar\u201d p\u00ebr ndonj\u00eb ish-ndihm\u00ebsminist\u00ebr t\u00eb Turizmit, p\u00ebr t\u00eb birin e ndonj\u00eb ish-kryetari t\u00eb Komun\u00ebs s\u00eb Ulqinit, p\u00ebr ndonj\u00eb kryetar t\u00eb partive politike shqiptare, p\u00ebr ndonj\u00eb ish-drejtor t\u00eb Organizat\u00ebs Turistike.<\/p>\n\n\n\n<p>Dhe kjo pron\u00eb publike st\u00ebrshitet disa her\u00eb me \u00e7mime t\u00eb larta duke i ndryshuar sekser\u00ebt dhe qiramarr\u00ebsit. N\u00eb k\u00ebt\u00eb kuad\u00ebr ka pasur raste kur nj\u00eb pronar ka poseduar tri hap\u00ebsira n\u00eb Plazhin e Madh. Nd\u00ebrkaq, numri i t\u00eb t\u00eb pun\u00ebsuar\u00ebve vendor\u00eb \u00ebsht\u00eb i pap\u00ebrfillsh\u00ebm , t\u00eb gjith\u00eb jan\u00eb pun\u00ebtor\u00eb informal\u00eb nga rajoni, gj\u00eb q\u00eb n\u00eb k\u00ebt\u00eb aspekt qytetar\u00ebt e Ulqinit nuk ia pan\u00eb fare hajrin. K\u00ebtij informaliteti i shtohen edhe disa shitore improvizuese t\u00eb frutave dhe perimeve, ose edhe skarat primitive p\u00ebr pjekjen e misrave, me \u00e7rast pronar\u00ebve t\u00eb plazheve u paguhej shuma t\u00eb konsiderueshme parash, gati sa gjysma e qiras\u00eb q\u00eb kan\u00eb dh\u00ebn\u00eb n\u00eb tender\u00ebt e m\u00ebparsh\u00ebm.<br>Prandaj vajtimi p\u00ebr mbrojtjen e disa prej k\u00ebtyre pronar\u00ebve dhe t\u00eb k\u00ebsaj forme t\u00eb turizmit \u00ebsht\u00eb nj\u00eb promovim i dob\u00ebt dhe shembulli m\u00eb i keq ndaj potencialeve t\u00eb zhvillimit t\u00eb q\u00ebndruesh\u00ebm turistik n\u00eb bregdetin e Ulqinit.<\/p>\n","protected":false},"excerpt":{"rendered":"<p>Vajtimi i tyre p\u00ebr tenderet e plazheve n\u00eb Ulqin duket i tepruar dhe i ekzagjeruar. Ky vajtim \u00ebsht\u00eb edhe m\u00eb i trishtuar, sepse autoritetet vendore dhe partit\u00eb politike shqiptare tentojn\u00eb t\u00eb mbrojn\u00eb pronar\u00ebt, por jo t\u00eb eliminojn\u00eb praktik\u00ebn diskriminuese t\u00eb k\u00ebsaj nd\u00ebrmarrjeje dhe ta kthejn\u00eb, nj\u00ebher\u00eb e p\u00ebrgjithmon\u00eb, dinjitetin e k\u00ebtij qyteti q\u00eb n\u00ebnkupton menaxhimin [&hellip;]<\/p>\n","protected":false},"author":1,"featured_media":38886,"comment_status":"open","ping_status":"open","sticky":false,"template":"","format":"standard","meta":{"_seopress_robots_primary_cat":"none","_seopress_titles_title":"%%post_title%% %%sep%% %%sitetitle%%","_seopress_titles_desc":"%%post_excerpt%%","_seopress_robots_index":"","footnotes":""},"categories":[2,12],"tags":[73],"class_list":["post-39078","post","type-post","status-publish","format-standard","has-post-thumbnail","hentry","category-aktualitet","category-opinione","tag-ali-salaj"],"_links":{"self":[{"href":"https:\/\/ulqini-online.com\/sajti\/index.php?rest_route=\/wp\/v2\/posts\/39078","targetHints":{"allow":["GET"]}}],"collection":[{"href":"https:\/\/ulqini-online.com\/sajti\/index.php?rest_route=\/wp\/v2\/posts"}],"about":[{"href":"https:\/\/ulqini-online.com\/sajti\/index.php?rest_route=\/wp\/v2\/types\/post"}],"author":[{"embeddable":true,"href":"https:\/\/ulqini-online.com\/sajti\/index.php?rest_route=\/wp\/v2\/users\/1"}],"replies":[{"embeddable":true,"href":"https:\/\/ulqini-online.com\/sajti\/index.php?rest_route=%2Fwp%2Fv2%2Fcomments&post=39078"}],"version-history":[{"count":1,"href":"https:\/\/ulqini-online.com\/sajti\/index.php?rest_route=\/wp\/v2\/posts\/39078\/revisions"}],"predecessor-version":[{"id":39081,"href":"https:\/\/ulqini-online.com\/sajti\/index.php?rest_route=\/wp\/v2\/posts\/39078\/revisions\/39081"}],"wp:featuredmedia":[{"embeddable":true,"href":"https:\/\/ulqini-online.com\/sajti\/index.php?rest_route=\/wp\/v2\/media\/38886"}],"wp:attachment":[{"href":"https:\/\/ulqini-online.com\/sajti\/index.php?rest_route=%2Fwp%2Fv2%2Fmedia&parent=39078"}],"wp:term":[{"taxonomy":"category","embeddable":true,"href":"https:\/\/ulqini-online.com\/sajti\/index.php?rest_route=%2Fwp%2Fv2%2Fcategories&post=39078"},{"taxonomy":"post_tag","embeddable":true,"href":"https:\/\/ulqini-online.com\/sajti\/index.php?rest_route=%2Fwp%2Fv2%2Ftags&post=39078"}],"curies":[{"name":"wp","href":"https:\/\/api.w.org\/{rel}","templated":true}]}}