{"id":39073,"date":"2025-03-27T15:41:13","date_gmt":"2025-03-27T14:41:13","guid":{"rendered":"https:\/\/ulqini-online.com\/sajti\/?p=39073"},"modified":"2025-03-27T15:48:20","modified_gmt":"2025-03-27T14:48:20","slug":"kuvendi-i-ulqinit-e-konsideron-te-papranueshme-idene-e-qeverise-dhe-kundershtojne-marreveshjen","status":"publish","type":"post","link":"https:\/\/ulqini-online.com\/sajti\/?p=39073","title":{"rendered":"Kuvendi i Ulqinit e konsideron t\u00eb papranueshme iden\u00eb e qeveris\u00eb dhe kund\u00ebrshton marr\u00ebveshjen"},"content":{"rendered":"<figure class=\"wp-block-post-featured-image\"><img loading=\"lazy\" decoding=\"async\" width=\"700\" height=\"326\" src=\"https:\/\/ulqini-online.com\/sajti\/wp-content\/uploads\/2025\/03\/Kuvendi-i-Ulqinit.jpg\" class=\"attachment-post-thumbnail size-post-thumbnail wp-post-image\" alt=\"\" style=\"object-fit:cover;\" srcset=\"https:\/\/ulqini-online.com\/sajti\/wp-content\/uploads\/2025\/03\/Kuvendi-i-Ulqinit.jpg 700w, https:\/\/ulqini-online.com\/sajti\/wp-content\/uploads\/2025\/03\/Kuvendi-i-Ulqinit-300x140.jpg 300w\" sizes=\"auto, (max-width: 700px) 100vw, 700px\" \/><\/figure>\n\n\n<p>Sot \u00ebsht\u00eb mbajtur seanca e re e jasht\u00ebzakonshme e Kuvendit t\u00eb Komun\u00ebs s\u00eb Ulqinit lidhur me miratimin e Propozimit t\u00eb Marr\u00ebveshjes p\u00ebr Bashk\u00ebpunim n\u00eb fush\u00ebn e turizmit dhe zhvillimit t\u00eb pasurive t\u00eb paluajtshme, midis Qeveris\u00eb s\u00eb Malit t\u00eb Zi dhe Qeveris\u00eb t\u00eb Emirateve t\u00eb Bashkuara Arabe. Ne lidhje me k\u00ebt\u00eb  Kuvendi komunal ka miratu disa konkluzione, transmeton Ulqini Online.<\/p>\n\n\n\n<p>Kumtes\u00ebn e plot\u00eb t\u00eb Kuvendit Komunal t\u00eb Ulqinit mund ta lexoni t\u00eb plot\u00eb m\u00eb posht\u00eb.<\/p>\n\n\n\n<p><strong>Kuvendi i Komun\u00ebs s\u00eb Ulqinit<\/strong><\/p>\n\n\n\n<p>Pavar\u00ebsisht mendimeve t\u00eb shprehura n\u00eb p\u00ebrfundimet e Mbledhjes s\u00eb Kuvendit t\u00eb \u00a0Ulqinit me dat\u00eb 21.03.2025, \u00ebsht\u00eb evidente se aktivitetet p\u00ebr realizimin e planeve t\u00eb parashikuara po vazhdojn\u00eb me shpejt\u00ebsi. Ajo q\u00eb \u00ebsht\u00eb ve\u00e7an\u00ebrisht shqet\u00ebsuese \u00ebsht\u00eb mungesa e transparenc\u00ebs dhe nxitimi i t\u00ebr\u00eb procesit, \u00e7ka automatikisht t\u00eb b\u00ebn t\u00eb dyshosh p\u00ebr kujdesin dhe frik\u00ebn q\u00eb kan\u00eb autoritetet lokale dhe komuniteti lokal ndaj pasojave t\u00eb mundshme negative q\u00eb mund t\u00eb ket\u00eb realizimi i k\u00ebtyre planeve n\u00eb territorin e Komun\u00ebs s\u00eb Ulqinit, p\u00ebr brezat e tanish\u00ebm dhe t\u00eb ardhsh\u00ebm.<\/p>\n\n\n\n<p>N\u00ebse v\u00ebrtet\u00eb ekzistojn\u00eb k\u00ebto efekte pozitive p\u00ebr shtetin e Malit t\u00eb Zi dhe Komun\u00ebn e Ulqinit, at\u00ebher\u00eb nuk e shohim t\u00eb arsyeshme q\u00eb detajet e k\u00ebtij Projekti, i cili \u00ebsht\u00eb duksh\u00ebm n\u00eb faza t\u00eb avancuara, t\u00eb fshihen nga qytetar\u00ebt e Ulqinit dhe Malit t\u00eb Zi. Prandaj, Kuvendi i Komun\u00ebs s\u00eb &nbsp;Ulqinit, lidhur me miratimin e Propozimit t\u00eb Marr\u00ebveshjes p\u00ebr Bashk\u00ebpunim n\u00eb fush\u00ebn e turizmit dhe zhvillimit t\u00eb pasurive t\u00eb paluajtshme, midis Qeveris\u00eb s\u00eb Malit t\u00eb Zi dhe Qeveris\u00eb t\u00eb Emirateve t\u00eb Bashkuara Arabe, i cili nuk ka lidhje direkte, por duket se ka lidhje indirekte me k\u00ebt\u00eb Projekt, miraton konkluzionet e m\u00ebposhtme:<\/p>\n\n\n\n<p><strong>P<\/strong><strong>\u00cbRFUNDIM<\/strong><\/p>\n\n\n\n<ol class=\"wp-block-list\">\n<li>Kuvendi i Komun\u00ebs s\u00eb Ulqinit shpreh shqet\u00ebsimin e madh p\u00ebr procesin jo transparent dhe rikujton Konkluzionet e miratuara n\u00eb mbledhjen e jasht\u00ebzakonshme t\u00eb Kuvendit t\u00eb Komun\u00ebs \u00a0s\u00eb Ulqinit m\u00eb dat\u00eb 21.03.2025.<\/li>\n\n\n\n<li>Organet e pushtetit lokal dhe qytetar\u00ebt e Ulqinit k\u00ebrkojn\u00eb p\u00ebrfshirjen aktive t\u00eb komunitetit lokal n\u00eb p\u00ebrcaktimin e kufijve p\u00ebrfundimtar\u00eb t\u00eb zhvillimit t\u00eb ardhsh\u00ebm t\u00eb Plazhit t\u00eb madh, duke u p\u00ebrmbajtur nga kufizimet q\u00eb kemi theksuar dhe q\u00eb lidhen me heqjen p\u00ebrfundimtare nga Plazhi i Madh.<\/li>\n\n\n\n<li>\u00c7do vendim i Qeveris\u00eb s\u00eb Malit t\u00eb Zi, q\u00eb do t\u00eb bazohej n\u00eb zhvillimin e ardhsh\u00ebm duke p\u00ebrfshir\u00eb t\u00ebr\u00eb Plazhin e Madh, \u00ebsht\u00eb e papranuesh\u00ebm p\u00ebr pushtetin lokal, Kuvendin e Komu\u00ebs dhe komunitetin lokal.<\/li>\n\n\n\n<li>Kuvendi i Komun\u00ebs s\u00eb Ulqinit me shqet\u00ebsim t\u00eb jasht\u00ebzakonsh\u00ebm e sheh marr\u00ebveshjen midis Qeveris\u00eb s\u00eb Malit t\u00eb Zi dhe Qeveris\u00eb s\u00eb Emirateve t\u00eb Bashkuara Arabe, e cila mund t\u00eb \u00e7oj\u00eb n\u00eb pezullimin e disa ligjeve t\u00eb Malit t\u00eb Zi, planeve hap\u00ebsinore dhe procedurave t\u00eb p\u00ebrcaktuara q\u00eb kan\u00eb t\u00eb b\u00ebjn\u00eb me zon\u00ebn e Plazhit t\u00eb Madh dhe Komun\u00ebs s\u00eb Ulqinit, dhe me k\u00ebt\u00eb shprehim kund\u00ebrshtimin ton\u00eb absolut.<\/li>\n\n\n\n<li>Komuna e Ulqinit obligohet q\u00eb p\u00ebr k\u00ebto konkluzione t\u00eb njoftoj\u00eb investitorin, Ambasad\u00ebn e Emirateve t\u00eb Bashkuara Arabe n\u00eb Mal t\u00eb Zi dhe t\u00eb gjitha institucionet e tjera nd\u00ebrkomb\u00ebtare.<\/li>\n<\/ol>\n\n\n\n<p><strong>Kuvendi i Komun\u00ebs&nbsp;&nbsp;<\/strong><\/p>\n\n\n\n<p>Ivana Popovi\u0107&nbsp;&nbsp;&nbsp;&nbsp;&nbsp;&nbsp;&nbsp;&nbsp;&nbsp;&nbsp;&nbsp;&nbsp;&nbsp;&nbsp;<\/p>\n\n\n\n<p><strong>KRYETARE<\/strong><\/p>\n","protected":false},"excerpt":{"rendered":"<p>Sot \u00ebsht\u00eb mbajtur seanca e re e jasht\u00ebzakonshme e Kuvendit t\u00eb Komun\u00ebs s\u00eb Ulqinit lidhur me miratimin e Propozimit t\u00eb Marr\u00ebveshjes p\u00ebr Bashk\u00ebpunim n\u00eb fush\u00ebn e turizmit dhe zhvillimit t\u00eb pasurive t\u00eb paluajtshme, midis Qeveris\u00eb s\u00eb Malit t\u00eb Zi dhe Qeveris\u00eb t\u00eb Emirateve t\u00eb Bashkuara Arabe. Ne lidhje me k\u00ebt\u00eb Kuvendi komunal ka miratu disa [&hellip;]<\/p>\n","protected":false},"author":1,"featured_media":39047,"comment_status":"open","ping_status":"open","sticky":false,"template":"","format":"standard","meta":{"_seopress_robots_primary_cat":"none","_seopress_titles_title":"%%post_title%% %%sep%% %%sitetitle%%","_seopress_titles_desc":"%%post_excerpt%%","_seopress_robots_index":"","footnotes":""},"categories":[2,3],"tags":[],"class_list":["post-39073","post","type-post","status-publish","format-standard","has-post-thumbnail","hentry","category-aktualitet","category-politike"],"_links":{"self":[{"href":"https:\/\/ulqini-online.com\/sajti\/index.php?rest_route=\/wp\/v2\/posts\/39073","targetHints":{"allow":["GET"]}}],"collection":[{"href":"https:\/\/ulqini-online.com\/sajti\/index.php?rest_route=\/wp\/v2\/posts"}],"about":[{"href":"https:\/\/ulqini-online.com\/sajti\/index.php?rest_route=\/wp\/v2\/types\/post"}],"author":[{"embeddable":true,"href":"https:\/\/ulqini-online.com\/sajti\/index.php?rest_route=\/wp\/v2\/users\/1"}],"replies":[{"embeddable":true,"href":"https:\/\/ulqini-online.com\/sajti\/index.php?rest_route=%2Fwp%2Fv2%2Fcomments&post=39073"}],"version-history":[{"count":2,"href":"https:\/\/ulqini-online.com\/sajti\/index.php?rest_route=\/wp\/v2\/posts\/39073\/revisions"}],"predecessor-version":[{"id":39077,"href":"https:\/\/ulqini-online.com\/sajti\/index.php?rest_route=\/wp\/v2\/posts\/39073\/revisions\/39077"}],"wp:featuredmedia":[{"embeddable":true,"href":"https:\/\/ulqini-online.com\/sajti\/index.php?rest_route=\/wp\/v2\/media\/39047"}],"wp:attachment":[{"href":"https:\/\/ulqini-online.com\/sajti\/index.php?rest_route=%2Fwp%2Fv2%2Fmedia&parent=39073"}],"wp:term":[{"taxonomy":"category","embeddable":true,"href":"https:\/\/ulqini-online.com\/sajti\/index.php?rest_route=%2Fwp%2Fv2%2Fcategories&post=39073"},{"taxonomy":"post_tag","embeddable":true,"href":"https:\/\/ulqini-online.com\/sajti\/index.php?rest_route=%2Fwp%2Fv2%2Ftags&post=39073"}],"curies":[{"name":"wp","href":"https:\/\/api.w.org\/{rel}","templated":true}]}}