{"id":39044,"date":"2025-03-22T10:31:46","date_gmt":"2025-03-22T09:31:46","guid":{"rendered":"https:\/\/ulqini-online.com\/sajti\/?p=39044"},"modified":"2025-03-22T10:40:11","modified_gmt":"2025-03-22T09:40:11","slug":"kuvendi-i-ulqinit-per-investime-por-me-keto-parime","status":"publish","type":"post","link":"https:\/\/ulqini-online.com\/sajti\/?p=39044","title":{"rendered":"K\u00ebshilltar\u00ebt e Kuvendit t\u00eb Ulqinit p\u00ebr investime, por me k\u00ebto parime"},"content":{"rendered":"<figure class=\"wp-block-post-featured-image\"><img loading=\"lazy\" decoding=\"async\" width=\"700\" height=\"326\" src=\"https:\/\/ulqini-online.com\/sajti\/wp-content\/uploads\/2025\/03\/Kuvendi-i-Ulqinit.jpg\" class=\"attachment-post-thumbnail size-post-thumbnail wp-post-image\" alt=\"\" style=\"object-fit:cover;\" srcset=\"https:\/\/ulqini-online.com\/sajti\/wp-content\/uploads\/2025\/03\/Kuvendi-i-Ulqinit.jpg 700w, https:\/\/ulqini-online.com\/sajti\/wp-content\/uploads\/2025\/03\/Kuvendi-i-Ulqinit-300x140.jpg 300w\" sizes=\"auto, (max-width: 700px) 100vw, 700px\" \/><\/figure>\n\n\n<p>M\u00eb 21 mars 2025, n\u00eb Sall\u00ebn e Madhe u mbajt Seanca e Dyt\u00eb e Jasht\u00ebzakonshme e Kuvendit t\u00eb Komun\u00ebs s\u00eb Ulqinit, me nj\u00eb pik\u00eb t\u00eb rendit t\u00eb dit\u00ebs: Tenderi p\u00ebr dh\u00ebnien me qira t\u00eb plazheve n\u00eb bregdetin e Ulqinit.<\/p>\n\n\n\n<p>K\u00ebshilltar\u00ebt e pranish\u00ebm, nj\u00ebz\u00ebri me 24 vota \u201cp\u00ebr\u201d, miratuan p\u00ebrfundimet n\u00eb vijim, k\u00ebshtu m\u00ebsohet nga nj\u00eb njoftim i Kuvendit t\u00eb Ulqinit, transmeton Ulqini Online.<\/p>\n\n\n\n<p>Njoftimi e plot\u00eb mund ta lexoni m\u00eb posht\u00eb.<\/p>\n\n\n\n<p>KUVENDI I KOMUN\u00cbS S\u00cb ULQINIT<\/p>\n\n\n\n<p>Kuvendi i Komun\u00ebs s\u00eb Ulqinit, n\u00eb mbledhjen e mbajtur m\u00eb dat\u00eb 21.03.2025, miratoi k\u00ebt\u00eb:<\/p>\n\n\n\n<p>P \u00cb R F U N D I M<\/p>\n\n\n\n<p>Kuvendi i Komun\u00ebs s\u00eb Ulqinit shpreh mb\u00ebshtetjen e qart\u00eb p\u00ebr investimet q\u00eb kontribuojn\u00eb n\u00eb zhvillimin ekonomik dhe p\u00ebrmir\u00ebsimin e cil\u00ebsis\u00eb s\u00eb jet\u00ebs s\u00eb banor\u00ebve t\u00eb komun\u00ebs. N\u00eb k\u00ebt\u00eb kuad\u00ebr, Kuvendi konfirmon parimet e m\u00ebposhtme q\u00eb duhet t\u00eb udh\u00ebheqin projektet e ardhshme investuese:<\/p>\n\n\n\n<p>1. Q\u00ebndrueshm\u00ebria dhe zhvillimi afatgjat\u00eb \u2013 T\u00eb gjitha projektet investuese duhet t\u00eb jen\u00eb n\u00eb p\u00ebrputhje me parimet e zhvillimit t\u00eb q\u00ebndruesh\u00ebm, duke respektuar dokumentet planifikuese dhe strategjike t\u00eb Komun\u00ebs s\u00eb Ulqinit dhe Malit t\u00eb Zi, si dhe duke marr\u00eb parasysh q\u00ebndrueshm\u00ebrin\u00eb ekonomike, mjedisore dhe shoq\u00ebrore.<\/p>\n\n\n\n<p>2. Ruajtja e burimeve natyrore \u2013 Projektet duhet t\u00eb jen\u00eb t\u00eb harmonizuara me parimet e p\u00ebrgjegj\u00ebsis\u00eb ekologjike, ruajtjes s\u00eb pasurive natyrore dhe mbrojtjes s\u00eb mjedisit.<\/p>\n\n\n\n<p>3. Transparenca dhe p\u00ebrfshirja \u2013 Procesi i miratimit dhe zbatimit t\u00eb investimeve duhet t\u00eb jet\u00eb transparent, me p\u00ebrfshirjen aktive t\u00eb komunitetit lokal dhe ekspert\u00ebve.<\/p>\n\n\n\n<p>4. Mbrojtja e struktur\u00ebs demografike \u2013 Duke pasur parasysh se Ulqini \u00ebsht\u00eb nj\u00eb zon\u00eb specifike ku pakica etnike p\u00ebrb\u00ebn shumic\u00ebn e popullsis\u00eb, n\u00eb p\u00ebrputhje me standardet nd\u00ebrkomb\u00ebtare dhe legjislacionin n\u00eb fuqi, investimet nuk duhet t\u00eb shkaktojn\u00eb ndryshime t\u00eb pad\u00ebshiruara demografike q\u00eb mund t\u00eb cenojn\u00eb identitetin kulturor, etnik ose shoq\u00ebror t\u00eb komun\u00ebs.<\/p>\n\n\n\n<p>N\u00eb baz\u00eb t\u00eb k\u00ebtyre parimeve, Kuvendi i Komun\u00ebs s\u00eb Ulqinit u b\u00ebn thirrje t\u00eb gjith\u00eb investitor\u00ebve t\u00eb interesuar q\u00eb projektet e tyre t\u2019i p\u00ebrshtatin me k\u00ebto parime dhe t\u00eb kontribuojn\u00eb n\u00eb zhvillimin e q\u00ebndruesh\u00ebm t\u00eb Komun\u00ebs s\u00eb Ulqinit.<\/p>\n\n\n\n<p>Kuvendi i Komun\u00ebs s\u00eb Ulqinit<\/p>\n\n\n\n<p>KRYETARE<\/p>\n\n\n\n<p>Ivana Popovi\u0107<\/p>\n\n\n\n<p>KUVENDI I KOMUN\u00cbS S\u00cb ULQINIT<\/p>\n\n\n\n<p>N\u00eb lidhje me veprimet e Qeveris\u00eb s\u00eb Malit t\u00eb Zi, Ministris\u00eb s\u00eb Planifikimit Hap\u00ebsinor dhe Pron\u00ebs Shtet\u00ebrore dhe Nd\u00ebrmarrjes Publike p\u00ebr Menaxhimin e t\u00eb mirave Detare n\u00eb miratimin e Programit t\u00eb objekteve t\u00eb p\u00ebrkohshme n\u00eb zon\u00ebn e t\u00eb mirave detare, caktimin e \u00e7mimeve t\u00eb qiras\u00eb dhe procesin e dh\u00ebnies me qira t\u00eb plazheve dhe objekteve n\u00eb k\u00ebt\u00eb zon\u00eb, Kuvendi i Komun\u00ebs s\u00eb Ulqinit, duke vler\u00ebsuar t\u00eb gjitha pasojat q\u00eb kan\u00eb sjell\u00eb k\u00ebto vendime dhe procesi i tenderimit, n\u00eb mbledhjen e mbajtur m\u00eb dat\u00eb 21.03.2025, miratoi k\u00ebt\u00eb:<\/p>\n\n\n\n<p>P \u00cb R F U N D I M<\/p>\n\n\n\n<p>Kuvendi i Komun\u00ebs s\u00eb Ulqinit shpreh shqet\u00ebsim serioz p\u00ebr m\u00ebnyr\u00ebn se si Nd\u00ebrmarrja Publike p\u00ebr Menaxhimin e t\u00eb Mirave Detare ka menaxhuar pasurin\u00eb detare gjat\u00eb 30 viteve t\u00eb fundit. Ky shqet\u00ebsim lidhet ve\u00e7an\u00ebrisht me faktet e m\u00ebposhtme:<\/p>\n\n\n\n<p>1. Brezi i t\u00eb mirave detare n\u00eb Ulqin \u2013 Madje 13% e territorit t\u00eb Komun\u00ebs s\u00eb Ulqinit \u00ebsht\u00eb n\u00ebn regjimin e t\u00eb mirave detare, \u00e7ka p\u00ebrb\u00ebn nj\u00eb akt t\u00eb paprecedent\u00eb n\u00eb Mal t\u00eb Zi. N\u00eb disa zona, kufiri i t\u00eb mirave detare arrin deri n\u00eb 8 km brenda territorit tok\u00ebsor, duke kufizuar seriozisht potencialet zhvillimore t\u00eb komun\u00ebs dhe duke qen\u00eb n\u00eb kund\u00ebrshtim me standardet e vendosura evropiane.<\/p>\n\n\n\n<p>2. Disproporcioni n\u00eb raport me pjes\u00ebn tjet\u00ebr t\u00eb Malit t\u00eb Zi \u2013 Ulqini p\u00ebrfshin 57% t\u00eb territorit t\u00eb p\u00ebrgjithsh\u00ebm t\u00eb t\u00eb mirave detare n\u00eb Mal t\u00eb Zi, \u00e7ka krijon barriera t\u00eb pabarabarta administrative dhe ekonomike p\u00ebr komunitetin lokal dhe bizneset.<\/p>\n\n\n\n<p>3. Taksat financiare dhe konkurrenca \u2013 Rritja e TVSH-s\u00eb dhe rritja drastike e qirave p\u00ebr shfryt\u00ebzimin e t\u00eb mirave detare k\u00ebrc\u00ebnojn\u00eb seriozisht konkurrenc\u00ebn e Ulqinit si destinacion turistik. K\u00ebto masa e v\u00ebshtir\u00ebsojn\u00eb m\u00eb tej veprimtarin\u00eb e sip\u00ebrmarr\u00ebsve lokal\u00eb dhe ulin atraktivitetin e Ulqinit p\u00ebr investitor\u00ebt dhe turist\u00ebt.<\/p>\n\n\n\n<p>4. Nevoja p\u00ebr reform\u00eb \u2013 Kuvendi i Komun\u00ebs s\u00eb Ulqinit i b\u00ebn thirrje Qeveris\u00eb s\u00eb Malit t\u00eb Zi dhe t\u00eb gjith\u00eb deputet\u00ebve t\u00eb Kuvendit t\u00eb Malit t\u00eb Zi q\u00eb t\u00eb mb\u00ebshtesin nj\u00eb paket\u00eb ligjesh q\u00eb synon ndryshimin e rregulloreve dhe praktikave menaxhuese t\u00eb t\u00eb mirave detare, me q\u00ebllim sigurimin e nj\u00eb shp\u00ebrndarjeje m\u00eb t\u00eb drejt\u00eb t\u00eb kompetencave dhe resurseve, si dhe mund\u00ebsimin e nj\u00eb zhvillimi ekonomik t\u00eb q\u00ebndruesh\u00ebm p\u00ebr \u00e7do komun\u00eb bregdetare. K\u00ebto ndryshime jan\u00eb propozuar nga deputet\u00ebt me iniciativ\u00ebn e kryetar\u00ebve t\u00eb t\u00eb gjitha komunave bregdetare.<\/p>\n\n\n\n<p>5. Nevoja p\u00ebr procedim t\u00eb shpejt\u00eb nga Gjykata Kushtetuese \u2013 Kuvendi i Komun\u00ebs s\u00eb Ulqinit u b\u00ebn thirrje gjyqtar\u00ebve t\u00eb Gjykat\u00ebs Kushtetuese t\u00eb Malit t\u00eb Zi q\u00eb t\u00eb vendosin me prioritet dhe n\u00eb m\u00ebnyr\u00eb t\u00eb drejt\u00eb mbi iniciativat e paraqitura nga Komuna e Ulqinit dhe qiramarr\u00ebsit e plazheve.<\/p>\n\n\n\n<p>Kuvendi i Komun\u00ebs<\/p>\n\n\n\n<p>KRYETARE<\/p>\n\n\n\n<p>Ivana Popovi\u0107<\/p>\n","protected":false},"excerpt":{"rendered":"<p>M\u00eb 21 mars 2025, n\u00eb Sall\u00ebn e Madhe u mbajt Seanca e Dyt\u00eb e Jasht\u00ebzakonshme e Kuvendit t\u00eb Komun\u00ebs s\u00eb Ulqinit, me nj\u00eb pik\u00eb t\u00eb rendit t\u00eb dit\u00ebs: Tenderi p\u00ebr dh\u00ebnien me qira t\u00eb plazheve n\u00eb bregdetin e Ulqinit. K\u00ebshilltar\u00ebt e pranish\u00ebm, nj\u00ebz\u00ebri me 24 vota \u201cp\u00ebr\u201d, miratuan p\u00ebrfundimet n\u00eb vijim, k\u00ebshtu m\u00ebsohet nga nj\u00eb [&hellip;]<\/p>\n","protected":false},"author":1,"featured_media":39047,"comment_status":"open","ping_status":"open","sticky":false,"template":"","format":"standard","meta":{"_seopress_robots_primary_cat":"none","_seopress_titles_title":"%%post_title%% %%sep%% %%sitetitle%%","_seopress_titles_desc":"%%post_excerpt%%","_seopress_robots_index":"","footnotes":""},"categories":[2,3],"tags":[],"class_list":["post-39044","post","type-post","status-publish","format-standard","has-post-thumbnail","hentry","category-aktualitet","category-politike"],"_links":{"self":[{"href":"https:\/\/ulqini-online.com\/sajti\/index.php?rest_route=\/wp\/v2\/posts\/39044","targetHints":{"allow":["GET"]}}],"collection":[{"href":"https:\/\/ulqini-online.com\/sajti\/index.php?rest_route=\/wp\/v2\/posts"}],"about":[{"href":"https:\/\/ulqini-online.com\/sajti\/index.php?rest_route=\/wp\/v2\/types\/post"}],"author":[{"embeddable":true,"href":"https:\/\/ulqini-online.com\/sajti\/index.php?rest_route=\/wp\/v2\/users\/1"}],"replies":[{"embeddable":true,"href":"https:\/\/ulqini-online.com\/sajti\/index.php?rest_route=%2Fwp%2Fv2%2Fcomments&post=39044"}],"version-history":[{"count":2,"href":"https:\/\/ulqini-online.com\/sajti\/index.php?rest_route=\/wp\/v2\/posts\/39044\/revisions"}],"predecessor-version":[{"id":39049,"href":"https:\/\/ulqini-online.com\/sajti\/index.php?rest_route=\/wp\/v2\/posts\/39044\/revisions\/39049"}],"wp:featuredmedia":[{"embeddable":true,"href":"https:\/\/ulqini-online.com\/sajti\/index.php?rest_route=\/wp\/v2\/media\/39047"}],"wp:attachment":[{"href":"https:\/\/ulqini-online.com\/sajti\/index.php?rest_route=%2Fwp%2Fv2%2Fmedia&parent=39044"}],"wp:term":[{"taxonomy":"category","embeddable":true,"href":"https:\/\/ulqini-online.com\/sajti\/index.php?rest_route=%2Fwp%2Fv2%2Fcategories&post=39044"},{"taxonomy":"post_tag","embeddable":true,"href":"https:\/\/ulqini-online.com\/sajti\/index.php?rest_route=%2Fwp%2Fv2%2Ftags&post=39044"}],"curies":[{"name":"wp","href":"https:\/\/api.w.org\/{rel}","templated":true}]}}