{"id":39016,"date":"2025-03-19T11:27:07","date_gmt":"2025-03-19T10:27:07","guid":{"rendered":"https:\/\/ulqini-online.com\/sajti\/?p=39016"},"modified":"2025-03-19T11:27:25","modified_gmt":"2025-03-19T10:27:25","slug":"pushtetet-ne-mal-te-zi-shkojne-e-vijne-por-politika-ndaj-ulqinit-nuk-nderron-kurr-per-te-mire","status":"publish","type":"post","link":"https:\/\/ulqini-online.com\/sajti\/?p=39016","title":{"rendered":"PUSHTETET N\u00cb MAL T\u00cb ZI SHKOJN\u00cb E VIJN\u00cb, POR POLITIKA NDAJ ULQINIT NUK ND\u00cbRRON \u00a0KURR P\u00cbR T\u00cb MIR\u00cb !"},"content":{"rendered":"<figure class=\"wp-block-post-featured-image\"><img loading=\"lazy\" decoding=\"async\" width=\"401\" height=\"300\" src=\"https:\/\/ulqini-online.com\/sajti\/wp-content\/uploads\/2015\/01\/Xheladin-zeneli.jpg\" class=\"attachment-post-thumbnail size-post-thumbnail wp-post-image\" alt=\"xheladin zeneli\" style=\"object-fit:cover;\" srcset=\"https:\/\/ulqini-online.com\/sajti\/wp-content\/uploads\/2015\/01\/Xheladin-zeneli.jpg 401w, https:\/\/ulqini-online.com\/sajti\/wp-content\/uploads\/2015\/01\/Xheladin-zeneli-300x224.jpg 300w\" sizes=\"auto, (max-width: 401px) 100vw, 401px\" \/><\/figure>\n\n\n<p><strong>Nga Xheladin Zeneli<\/strong><\/p>\n\n\n\n<p>Pas gjendjes s\u00eb krijuar koh\u00ebve t\u00eb fundit me tenderin e NP \u2018T\u00eb Mirat Detare \u2018 lidhur me plazhat n\u00eb Ulqin, mendoj se ia vlen t\u00eb b\u00ebhet nj\u00eb analiz\u00eb e shkurt\u00eb asaj se&nbsp; cili \u00ebsht\u00eb burimi i t\u00eb gjithave t\u00eb k\u00ebqiave kur \u00ebsht\u00eb n\u00eb pyetje ekonomia turistike e k\u00ebtij qyteti dhe si n\u00eb vazhdim\u00ebsi \u00ebsht\u00eb vepruar dhe po veprohet kund\u00ebr interesave t\u00eb k\u00ebtij vendbanimi me shumic\u00eb shqiptare.<\/p>\n\n\n\n<p>Edhe p\u00ebrkund\u00ebr faktit se Ulqini \u00ebsht\u00eb qyteti dhe komuna e cila ka resurse dhe kapacitetete t\u00eb m\u00ebdha natyrore, t\u00eb pakrahasueshme me komunat e tjera n\u00eb Mal t\u00eb Zi, vazhdon t\u00eb jet\u00eb nj\u00eb nd\u00ebr komunat m\u00eb t\u00eb pazhvilluara n\u00eb k\u00ebt\u00eb shtet. Ulqini ka vij\u00ebn m\u00eb t\u00eb gjat\u00eb&nbsp; bregdetare n\u00eb krahasim me qytetet e tjera n\u00eb Mal t\u00eb Zi, e cila e predispozicion k\u00ebt\u00eb qytet q\u00eb t\u00eb jet\u00eb nj\u00eb nd\u00ebr komunat m\u00eb t\u00eb zhvilluara turistike n\u00eb Mal t\u00eb Zi, por sipas shum\u00eb indikator\u00ebve ekonomik, ky qytet \u00ebsht\u00eb prapa qyeteteve t\u00eb tjera bregdetare si Tivari, Budva, Kotorri e Herceg Novi.<\/p>\n\n\n\n<p>Si e legalizoj pushteti qendror pla\u00e7kitjen e zon\u00ebs bregdetare t\u00eb Ulqinit<\/p>\n\n\n\n<p><br>D\u00ebmi m\u00eb i madh ekonomik q\u00eb iu \u00ebsht\u00eb shaktuar Ulqinit tash m\u00eb shum\u00eb se tre dekada, i ka ardhur nga&nbsp; \u2018Ligji i t\u00eb Mirave Detare\u2019, ( i aprovuar n\u00eb parlamemtin e Malit t\u00eb Zi n\u00eb vitin 1992) p\u00ebrmes t\u00eb cilit rreth 13% e territorit t\u00eb Kumun\u00ebs s\u00eb Ulqinit \u00ebsht\u00eb shnd\u00ebrrar n\u00eb pron\u00eb administrative shtet\u00ebrore. Sipas&nbsp; ligjit n\u00eb fjal\u00eb qeveris\u00eb lokale nuk iu lejojet q\u00eb t\u00eb administroj\u00eb me pjes\u00ebn m\u00eb t\u00eb mir\u00eb t\u00eb vij\u00ebs s\u00eb vet bregdetare . Padrejt\u00ebsia qendron n\u00eb ate se bregdeti i Ulqinit p\u00ebrb\u00ebn 17.4 % e bregdetit t\u00eb p\u00ebrgjith\u00ebsh\u00ebm t\u00eb Malit t\u00eb Zi, por pjesa e territorit t\u00eb k\u00ebsaj komune q\u00eb i takon territorit t\u00eb t\u00eb \u2018Mirave Detare\u2019 \u00ebsht\u00eb 57.32% , \u00e7ka e pozicionon k\u00ebt\u00eb komun\u00eb n\u00eb gar\u00eb t\u00eb pabarabart\u00eb drejt p\u00ebrparimit ekonomik,me komunat e tjera n\u00eb Mal t\u00eb Zi. NP \u2018T\u00eb Mirat Detare\u2019 me seli n\u00eb Budva ka mbledhur dhe p\u00ebrfituar n\u00eb form\u00eb tatimeve dhe t\u00eb ardhurave t\u00eb tjera financiare me dhjetra miliona euro ,gjat\u00eb tre dekava t\u00eb fundit ,nga bregdeti i Ulqinit dhe ka kthyer shum\u00eb pak prapa n\u00eb form\u00eb investimesh.Pra , ligji&nbsp; i ashtuquajtur i t\u00eb \u2018Mirave Detare\u2019 de fakto ka &nbsp; b\u00ebr\u00eb legalizimin e pla\u00e7kitjes s\u00eb resurseve t\u00eb bregdetit t\u00eb Ulqinit.&nbsp;<\/p>\n\n\n\n<p>Vlen t\u00eb theksohet gjithashtu se \u2018Ligji p\u00ebr t\u00eb Mirat Detare\u2019 \u00ebsht\u00eb n\u00eb kund\u00ebrshtim me Kushtetut\u00ebn e Malit t\u00eb Zi, kokretisht kund\u00ebr nenit 116 dhe 117 t\u00eb saj ku flitet p\u00ebr kompetencat dhe pavar\u00ebsin\u00eb e qeverisjes&nbsp; lokale (komunave). Nj\u00ebkoh\u00ebsisht ky ligj \u00ebsht\u00eb edhe kund\u00ebr t\u00eb drejtave p\u00ebr vet\u00ebqeverisjen lokale t\u00eb Kart\u00ebs Europiane.<\/p>\n\n\n\n<p>Pushtetet e Malit t\u00eb Zi, kund\u00ebr interesave t\u00eb Ulqinit, n\u00eb vazhdim\u00ebsi !<\/p>\n\n\n\n<p>Pa marr\u00eb parasysh kush&nbsp; vjen n\u00eb pushtet dhe kush drejton me qeveri, Ulqini trajtohet n\u00eb m\u00ebnyr\u00eb t\u00eb pabarabart\u00eb n\u00eb vazhdim\u00ebsi. Ishte pushteti 30-ve\u00e7ar i DPS-it ( Partis\u00eb Demokratike t\u00eb Socialist\u00ebve) gjat\u00eb s\u00eb cil\u00ebs koh\u00eb \u00ebsht\u00eb aprovuar \u2018Ligji p\u00ebr t\u00eb Mirat Detare \u2019 dhe&nbsp; gjthashtu gjat\u00eb pushtetit t\u00eb saj jan\u00eb shkat\u00ebrruar hotelet emblematike t\u00eb tij p\u00ebr tu mos rind\u00ebrtuar kurr deri m\u00eb sot. Edhe pushteti i ri, i udh\u00ebhequr nga PES-i ( Levizja \u2018 Eurapa Tani\u2019) po ndjek rrug\u00ebn e paraardh\u00ebsve t\u00eb tyre n\u00eb raport me Ulqinin duke uzurpuar,shfryt\u00ebzuar dhe p\u00ebrfituar nga resurset e tij natyrore.Pra si para vitit 2020 ashtu edhe ma pas kur erdhi deri te ndryshimi i pushtetit n\u00eb Mal t\u00eb Zi, \u00ebsht\u00eb ndjekur dhe gjith\u00ebnj\u00eb vazhdon t\u00eb ndjeket politik\u00eb e nj\u00ebjt\u00eb ndaj Ulqinit.<\/p>\n\n\n\n<p>Gjat\u00eb periudh\u00ebs s\u00eb tre dekadave, Ulqinit iu \u00ebsht\u00eb premtuar shum\u00eb n\u00eb aspkektin e zhvillimit ekonomik dhe turistik t\u00eb tij, por n\u00eb realitet deri m\u00eb sot nuk \u00ebsht\u00eb b\u00ebr\u00eb asgj\u00eb. Ulqinit iu jan\u00eb b\u00ebr\u00eb \u2018master plane\u2019 t\u00eb ndryshme dhe pushtetar\u00ebt kan\u00eb folur shpesh\u00ebher\u00eb p\u00ebr investime kapitale, me deklarata pompoze t\u00eb tyre se&nbsp; si Ulqini do t\u00eb b\u00ebhet si \u2018 Dubai\u2019 etj. por p\u00ebr fat t\u00eb keq ky qytet vazhdon t\u00eb jet\u00eb n\u00eb pritjen gjat\u00eb t\u00eb lul\u00ebzimit t\u00eb vet ekonomik dhe turistik q\u00eb e meriton.<\/p>\n\n\n\n<p>Kur p\u00ebr nj\u00eb koh\u00eb t\u00eb gjat\u00eb pushteti qendror udh\u00ebheq &nbsp;nj\u00eb politik\u00eb degresive ndaj Komun\u00ebs s\u00eb Ulqinit, at\u00ebher\u00eb me t\u00eb drejt\u00eb qyetar\u00ebt e k\u00ebsaj komune pyesin se a i intereson Pogoric\u00ebs zhvillimi ekonomik i Ulqinit apo shfryt\u00ebzimi i resurseve natyrore t\u00eb tij ?<\/p>\n\n\n\n<p>Pra, jan\u00eb premtimet boshe si dhe d\u00ebshtimet e shpeshta, n\u00eb t\u00eb kaluar\u00ebn t\u00eb investues\u00ebve t\u00eb huaj n\u00eb Ulqin q\u00eb ka ndikuar te qytatar\u00ebt e k\u00ebsaj komune ta shohin me skepticiz\u00ebm dhe me rezerv\u00eb \u00e7do investues t\u00eb radh\u00ebs q\u00eb Podgorica sjell\u00eb n\u00eb qytetin e tyre.<\/p>\n\n\n\n<p>Vendimi i nj\u00ebansh\u00ebm i NP \u2018Menaxhimi i t\u00eb Mirave Detare\u2019&nbsp; p\u00ebr dh\u00ebnien me qira t\u00eb plazhave t\u00eb Ulqinit nj\u00eb investitori nga Emiratet e Bashkuara, duke iu mohuar t\u00eb drejt\u00ebn&nbsp; qiramarr\u00ebsve&nbsp; vendas p\u00ebr t\u00eb vazhduar me menaxhimin e plazheve t\u00eb cilat i kan\u00eb menaxhuar vite me radh\u00eb, flet m\u00eb s\u00eb miri se ky pushtet (ashtu si edhe pushtetet e m\u00ebparshme t\u00eb Malit t\u00eb Zi), veprojn\u00eb kund\u00ebr interesave jetike t\u00eb&nbsp; qytetar\u00ebve t\u00eb k\u00ebtij qyteti.<\/p>\n\n\n\n<p>Pushteti lokal i Komun\u00ebs s\u00eb Ulqinit, qytetar\u00ebt, ve\u00e7anarisht ata q\u00eb jan\u00eb d\u00ebmtuar nga tenderi i fundit i plazhave, tani me t\u00eb drejt\u00eb po k\u00ebrkojn\u00eb anulimin e k\u00ebtij tenderi , por nj\u00ebkoh\u00ebsisht ata dhe jo vet\u00ebm ata,&nbsp; duhet q\u00eb t\u00eb k\u00ebrkojn\u00eb nj\u00ebz\u00ebri dhe fuqish\u00ebm anulimin e \u2018Ligjit p\u00ebr t\u00eb Mirat Detare\u2019, si di\u00e7ka q\u00eb i ka sjellur vet\u00ebm t\u00eb k\u00ebqia k\u00ebtij qyteti.<\/p>\n\n\n\n<p><\/p>\n\n\n\n<p>Mars 2025<\/p>\n","protected":false},"excerpt":{"rendered":"<p>Nga Xheladin Zeneli Pas gjendjes s\u00eb krijuar koh\u00ebve t\u00eb fundit me tenderin e NP \u2018T\u00eb Mirat Detare \u2018 lidhur me plazhat n\u00eb Ulqin, mendoj se ia vlen t\u00eb b\u00ebhet nj\u00eb analiz\u00eb e shkurt\u00eb asaj se&nbsp; cili \u00ebsht\u00eb burimi i t\u00eb gjithave t\u00eb k\u00ebqiave kur \u00ebsht\u00eb n\u00eb pyetje ekonomia turistike e k\u00ebtij qyteti dhe si n\u00eb [&hellip;]<\/p>\n","protected":false},"author":1,"featured_media":1270,"comment_status":"open","ping_status":"open","sticky":false,"template":"","format":"standard","meta":{"_seopress_robots_primary_cat":"none","_seopress_titles_title":"%%post_title%% %%sep%% %%sitetitle%%","_seopress_titles_desc":"%%post_excerpt%%","_seopress_robots_index":"","footnotes":""},"categories":[2,12],"tags":[],"class_list":["post-39016","post","type-post","status-publish","format-standard","has-post-thumbnail","hentry","category-aktualitet","category-opinione"],"_links":{"self":[{"href":"https:\/\/ulqini-online.com\/sajti\/index.php?rest_route=\/wp\/v2\/posts\/39016","targetHints":{"allow":["GET"]}}],"collection":[{"href":"https:\/\/ulqini-online.com\/sajti\/index.php?rest_route=\/wp\/v2\/posts"}],"about":[{"href":"https:\/\/ulqini-online.com\/sajti\/index.php?rest_route=\/wp\/v2\/types\/post"}],"author":[{"embeddable":true,"href":"https:\/\/ulqini-online.com\/sajti\/index.php?rest_route=\/wp\/v2\/users\/1"}],"replies":[{"embeddable":true,"href":"https:\/\/ulqini-online.com\/sajti\/index.php?rest_route=%2Fwp%2Fv2%2Fcomments&post=39016"}],"version-history":[{"count":1,"href":"https:\/\/ulqini-online.com\/sajti\/index.php?rest_route=\/wp\/v2\/posts\/39016\/revisions"}],"predecessor-version":[{"id":39020,"href":"https:\/\/ulqini-online.com\/sajti\/index.php?rest_route=\/wp\/v2\/posts\/39016\/revisions\/39020"}],"wp:featuredmedia":[{"embeddable":true,"href":"https:\/\/ulqini-online.com\/sajti\/index.php?rest_route=\/wp\/v2\/media\/1270"}],"wp:attachment":[{"href":"https:\/\/ulqini-online.com\/sajti\/index.php?rest_route=%2Fwp%2Fv2%2Fmedia&parent=39016"}],"wp:term":[{"taxonomy":"category","embeddable":true,"href":"https:\/\/ulqini-online.com\/sajti\/index.php?rest_route=%2Fwp%2Fv2%2Fcategories&post=39016"},{"taxonomy":"post_tag","embeddable":true,"href":"https:\/\/ulqini-online.com\/sajti\/index.php?rest_route=%2Fwp%2Fv2%2Ftags&post=39016"}],"curies":[{"name":"wp","href":"https:\/\/api.w.org\/{rel}","templated":true}]}}