{"id":38973,"date":"2025-03-17T17:29:48","date_gmt":"2025-03-17T16:29:48","guid":{"rendered":"https:\/\/ulqini-online.com\/sajti\/?p=38973"},"modified":"2025-03-17T17:29:48","modified_gmt":"2025-03-17T16:29:48","slug":"nimanbegu-desant-i-organizuar-pa-precedent-i-sinkronizuar-me-institucionet-e-sistemit","status":"publish","type":"post","link":"https:\/\/ulqini-online.com\/sajti\/?p=38973","title":{"rendered":"Nimanbegu: Desant i organizuar pa precedent, i sinkronizuar me institucionet e sistemit"},"content":{"rendered":"<figure class=\"wp-block-post-featured-image\"><img loading=\"lazy\" decoding=\"async\" width=\"533\" height=\"400\" src=\"https:\/\/ulqini-online.com\/sajti\/wp-content\/uploads\/2015\/07\/copacabana-ulqin-plazhi.jpg\" class=\"attachment-post-thumbnail size-post-thumbnail wp-post-image\" alt=\"\" style=\"object-fit:cover;\" srcset=\"https:\/\/ulqini-online.com\/sajti\/wp-content\/uploads\/2015\/07\/copacabana-ulqin-plazhi.jpg 533w, https:\/\/ulqini-online.com\/sajti\/wp-content\/uploads\/2015\/07\/copacabana-ulqin-plazhi-300x225.jpg 300w\" sizes=\"auto, (max-width: 533px) 100vw, 533px\" \/><\/figure>\n\n\n<p>Kryetari i Komun\u00ebs s\u00eb Ulqinit Genci Nimanbegu ka dalur sot n\u00eb nj\u00eb konferenc\u00eb p\u00ebr media ku ka paraqitur pik\u00ebpamjet e tia rreth \u00e7\u00ebshtjes s\u00eb dh\u00ebnies me qira t\u00eb plazheve te Ulqinit.<\/p>\n\n\n\n<p>Fjal\u00ebn e plot\u00eb p\u00ebr mediat t\u00eb kryetarit Nimanbegu mund ta lexoni m\u00eb posht\u00eb.<\/p>\n\n\n\n<p><em>T\u00eb nderuar qytetar\u00eb, t\u00eb nderuar p\u00ebrfaq\u00ebsues t\u00eb mediave,<\/em><\/p>\n\n\n\n<p><em>Gjat\u00eb muajve t\u00eb fundit kemi qen\u00eb d\u00ebshmitar\u00eb t\u00eb miratimit t\u00eb Programit t\u00eb lokacioneve t\u00eb p\u00ebrkohshme n\u00eb zon\u00ebn e t\u00eb Mirave detare pa mendimin pozitiv t\u00eb asnj\u00eb komune bregdetare, pastaj miratimit t\u00eb \u00e7mimores p\u00ebr dh\u00ebnien me qira t\u00eb plazheve dhe organizimit t\u00eb shpejt\u00eb t\u00eb tender\u00ebve, ku mori pjes\u00eb edhe kompania e sapo-krijuar e investitorit t\u00eb njohur Muhamed Alabar.<\/em><\/p>\n\n\n\n<p><em>Sot, kur q\u00ebllimet dhe situata jan\u00eb b\u00ebr\u00eb m\u00eb t\u00eb qarta, e ndiej si detyr\u00eb t\u00eb ju drejtohem dhe t\u00eb shpreh sa vijon:<\/em><\/p>\n\n\n\n<p><strong><em>N\u00eb tenderin e zgjatur, ku mori pjes\u00eb kompania &#8220;Eagle Hills Montenegro&#8221;, ndodhi nj\u00eb desant i organizuar pa precedent, i sinkronizuar me institucionet e sistemit.<\/em><\/strong><\/p>\n\n\n\n<p><em>T\u00eb premten kam pasur takim me kryeministrin e Malit t\u00eb Zi, n\u00eb t\u00eb cilin, p\u00ebr habin\u00eb time, mori pjes\u00eb dhe zoti Muhamed Alabar, investitor n\u00eb fush\u00ebn e pasurive t\u00eb paluajtshme, kompania e t\u00eb cilit ofroi shum\u00ebn m\u00eb t\u00eb lart\u00eb p\u00ebr n\u00ebnt\u00eb plazhe n\u00eb komun\u00ebn e Ulqinit. N\u00eb at\u00eb takim, si dhe n\u00eb deklaratat e m\u00ebvonshme p\u00ebr mediat, na u paraqit interesi p\u00ebr investime n\u00eb komun\u00ebn ton\u00eb. E kam theksuar qart\u00eb q\u00eb n\u00eb procesin e planifikimit dhe diskutimeve p\u00ebr investimet jan\u00eb b\u00ebr\u00eb gabime t\u00eb r\u00ebnda, sepse p\u00ebr zhvillim t\u00eb q\u00ebndruesh\u00ebm \u00ebsht\u00eb e nevojshme q\u00eb t\u00eb gjitha pal\u00ebt e p\u00ebrfshira t\u00eb ndajn\u00eb nj\u00eb vizion t\u00eb p\u00ebrbashk\u00ebt. Vet\u00ebm me kuptim dhe pajtueshm\u00ebri t\u00eb nd\u00ebrsjell\u00eb mund t\u00eb nd\u00ebrtohet nj\u00eb histori e suksesshme dhe e q\u00ebndrueshme afatgjat\u00eb.<\/em><\/p>\n\n\n\n<p><em>Dua t\u00eb theksoj qart\u00eb se Komuna e Ulqinit nuk \u00ebsht\u00eb kund\u00ebr zhvillimit. P\u00ebrkundrazi, mb\u00ebshtesim fuqish\u00ebm p\u00ebrparimin ekonomik t\u00eb qytetit ton\u00eb, por insistojm\u00eb q\u00eb ai t\u00eb jet\u00eb n\u00eb p\u00ebrputhje me interesat afatgjata t\u00eb qytetar\u00ebve tan\u00eb. Vizioni yn\u00eb nuk \u00ebsht\u00eb i kufizuar vet\u00ebm n\u00eb turiz\u00ebm. Bota po ndryshon shpejt dhe ne nuk duhet t\u00eb lejojm\u00eb q\u00eb Ulqini t\u00eb mbetet varur vet\u00ebm nga nj\u00eb sektor. Prandaj, po punojm\u00eb p\u00ebr diversifikimin e ekonomis\u00eb son\u00eb p\u00ebrmes investimeve n\u00eb porte, turizmin nautik, sektorin IT, prodhim dhe deg\u00eb t\u00eb tjera moderne t\u00eb ekonomis\u00eb.<\/em><\/p>\n\n\n\n<p><em>P\u00ebr k\u00ebt\u00eb arsye, ne vazhdojm\u00eb t\u00eb insistojm\u00eb q\u00eb ky tender t\u00eb anulohet, q\u00eb t\u00eb gjitha kontratat ekzistuese t\u00eb vazhdojn\u00eb me aneks dhe q\u00eb ndryshimet e propozuara t\u00eb Ligjit p\u00ebr t\u00eb \u201cMirat Detare\u201d t\u00eb miratohen n\u00eb m\u00ebnyr\u00eb q\u00eb vitin e ardhsh\u00ebm t\u00eb realizohen tender\u00eb transparent\u00eb p\u00ebr qiradh\u00ebnien e plazheve dhe objekteve n\u00eb zon\u00ebn e t\u00eb Mirave detare. Rezultatet e k\u00ebtij tenderi tregojn\u00eb qart\u00eb se t\u00eb gjitha pohimet e ministrit p\u00ebrgjegj\u00ebs dhe t\u00eb ish-drejtorit t\u00eb nd\u00ebrmarrjes publike p\u00ebr menaxhimin e t\u00eb Mirave detare ishin t\u00eb pasakta.<\/em><\/p>\n\n\n\n<p><em>N\u00eb fakt, ra teza se ky tender mund\u00ebsonte q\u00eb qytetar\u00ebt e Malit t\u00eb Zi t\u00eb mund t\u00eb merrnin \u00a0plazhet me qira, nd\u00ebrkoh\u00eb q\u00eb u v\u00ebrtetua se rritja e \u00e7mimit t\u00eb qirave nuk \u00ebsht\u00eb e justifikuar dhe nuk bazohet n\u00eb nj\u00eb princip ligjor. Ideja se shteti do t\u00eb realizoj\u00eb t\u00eb ardhura m\u00eb t\u00eb m\u00ebdha me k\u00ebt\u00eb veprim \u00ebsht\u00eb e rrezikshme dhe thelb\u00ebsisht gabim. Q\u00ebllimi i shtetit nuk \u00ebsht\u00eb t\u00eb realizoj\u00eb fitim, por t\u00eb rregulloj\u00eb tregun, t\u00eb nxis\u00eb aktivitetin ekonomik dhe t\u00eb siguroj\u00eb drejt\u00ebsi sociale. Po kujtoj se shteti p\u00ebrfiton m\u00eb shum\u00eb p\u00ebrmes TVSH-s\u00eb gjat\u00eb sezonit turistik, dhe k\u00ebt\u00eb vit ka rritur norm\u00ebn e TVSH-s\u00eb p\u00ebr produktet turistike. Tani, me ngarkesa t\u00eb tjera t\u00eb vendosura nga Nd\u00ebrmarrja Publike p\u00ebr menaxhimin e t\u00eb Mirave detare, po fitojm\u00eb nj\u00eb rritje t\u00eb \u00e7mimeve t\u00eb sh\u00ebrbimeve tona, duke e b\u00ebr\u00eb turizmin e Ulqinit, t\u00eb cilin e kemi nd\u00ebrtuar me kujdes, jo-konkurrueshm\u00ebror.<\/em><\/p>\n\n\n\n<p><em>Pra, me k\u00ebto hapa Qeveria ka arritur t\u00eb rrezikoj\u00eb sezonin turistik q\u00eb vjen, dhe kjo pik\u00ebrisht n\u00eb momentin kur tregjet emitente planifikojn\u00eb pushimet e tyre vjetore. Pra, anulimi i tenderit dhe n\u00ebnshkrimi i aneksit t\u00eb kontratave me qiramarr\u00ebsit do t\u00eb ndihmonte n\u00eb parandalimin e rritjes s\u00eb \u00e7mimeve t\u00eb sh\u00ebrbimeve, duke b\u00ebr\u00eb q\u00eb Ulqini t\u00eb mbetet nj\u00eb destinacion konkurrues dhe duke parandaluar nj\u00eb problem t\u00eb madh p\u00ebr ekonomin\u00eb e k\u00ebtij qyteti.<\/em><\/p>\n\n\n\n<p><em>N\u00eb p\u00ebrgjigje t\u00eb pyetjes parlamentare t\u00eb deputetit ton\u00eb Ilir \u00c7apuni, kryeministri n\u00eb tetor t\u00eb vitit t\u00eb kaluar n\u00eb Kuvendin e Malit t\u00eb Zi deklaroi se ka kaluar koha kur Podgorica diktonte vizionin p\u00ebr zhvillimin e komunave. Vizioni i zhvillimit t\u00eb Ulqinit \u00ebsht\u00eb rezultat i nj\u00eb konsensusi t\u00eb gjer\u00eb shoq\u00ebror dhe \u00ebsht\u00eb shprehur n\u00eb dokumente t\u00eb r\u00ebnd\u00ebsishme, p\u00ebrfshir\u00eb Strategjin\u00eb e Zhvillimit t\u00eb Komun\u00ebs s\u00eb Ulqinit, Studimin Shtet\u00ebror t\u00eb Lokacionit p\u00ebr Plazhin e Madh dhe PHP-n\u00eb (PUP-in) e Ulqinit. K\u00ebto dokumente paraqesin udh\u00ebzuesit themelor\u00eb p\u00ebr formimin e t\u00eb ardhmes s\u00eb qytetit ton\u00eb dhe sigurimin e rritjes s\u00eb q\u00ebndrueshme dhe planifikuar t\u00eb tij, duke marr\u00eb parasysh zhvillimin e infrastruktur\u00ebs, ekonomis\u00eb, demografis\u00eb, si dhe mbrojtjen e natyr\u00ebs dhe t\u00eb gjitha specifikat q\u00eb e b\u00ebjn\u00eb Ulqinin nj\u00eb gur t\u00eb \u00e7muar n\u00eb rajon.<\/em><\/p>\n\n\n\n<p><em>Zoti Alabar do t\u00eb na prezantoj\u00eb n\u00eb dit\u00ebt n\u00eb vazhdim vizionin e tij p\u00ebr zhvillimin e Ulqinit dhe ne, p\u00ebrmes Kuvendit t\u00eb Komun\u00ebs dhe institucioneve t\u00eb tjera p\u00ebrkat\u00ebse, do t\u00eb shqyrtojm\u00eb me kujdes opsionet m\u00eb t\u00eb mira q\u00eb mund t\u2019i ofrojm\u00eb k\u00ebtij investitori strategjik q\u00eb p\u00ebrputhen me interesat e qytetar\u00ebve dhe komunitetit.<\/em><\/p>\n\n\n\n<p><em>Nj\u00ebkoh\u00ebsisht, dua t\u00eb theksoj se ne mbetemi t\u00eb q\u00ebndruesh\u00ebm ndaj principeve tona dhe q\u00ebndrimit t\u00eb p\u00ebrbashk\u00ebt t\u00eb t\u00eb gjitha komunave bregdetare n\u00eb lidhje me Programin e objekteve t\u00eb p\u00ebrkohshme n\u00eb zon\u00ebn e t\u00eb Mirave detare. Ky program u miratua pa miratimin e pushtetit lokal, tenderi u shpall pa pjes\u00ebmarrjen e tyre dhe Qeveria dhe Kuvendi injoruan iniciativat e t\u00eb gjitha komunave bregdetare dhe t\u00eb Shoqat\u00ebs s\u00eb Komunave t\u00eb Malit t\u00eb Zi, t\u00eb cilat k\u00ebrkuan ndryshime t\u00eb ligjit q\u00eb rregullon t\u00eb mirat detare.<\/em><\/p>\n\n\n\n<p><em>Ulqini nxen\u00eb nj\u00eb vend unik n\u00eb Malin e Zi \u2013 p\u00ebrve\u00e7 pasurive t\u00eb jasht\u00ebzakonshme natyrore, ai ka edhe nj\u00eb vler\u00eb t\u00eb ve\u00e7ant\u00eb historike, kulturore dhe identitare. P\u00ebr shekuj me radh\u00eb ka qen\u00eb qendra e komunitetit shqiptar n\u00eb Malin e Zi dhe \u00ebsht\u00eb detyra jon\u00eb q\u00eb ta ruajm\u00eb dhe forc\u00ebsojm\u00eb at\u00eb status. Ulqini duhet t\u00eb mbetet simbol krenarie, pasurie kulturore dhe bukurie natyrore dhe duhet t\u00eb zhvillohet n\u00eb p\u00ebrputhje me parimet e mbrojtjes s\u00eb mjedisit dhe vler\u00ebsimin e peizazheve dhe resurseve t\u00eb tij unike, si\u00e7 jan\u00eb Solana, Valdanos, Ada dhe Liqeni i Shasit. K\u00ebto vlera nuk duhet t\u00eb sakrifikohen p\u00ebr interesa afatshkurtra.<\/em><\/p>\n\n\n\n<p><em>Le t\u00eb mbetet Ulqini perla e Adriatikut, e ruajtur dhe e p\u00ebrmir\u00ebsuar p\u00ebr brezat e ardhsh\u00ebm. Le t\u00eb jen\u00eb pasurit\u00eb e tij natyrore, pasuria kulturore dhe potenciali ekonomik trash\u00ebgimia e f\u00ebmij\u00ebve dhe nip\u00ebrve tan\u00eb. Zoti bekoft\u00eb Ulqinin dhe t\u00eb gjith\u00eb banor\u00ebt e tij \u2013 le t\u00eb mbetet gjithmon\u00eb simbol krenarie, uniteti dhe p\u00ebrparimi!<\/em><\/p>\n\n\n\n<p>Kryetari<\/p>\n\n\n\n<p>Genci Nimanbegu<\/p>\n","protected":false},"excerpt":{"rendered":"<p>Kryetari i Komun\u00ebs s\u00eb Ulqinit Genci Nimanbegu ka dalur sot n\u00eb nj\u00eb konferenc\u00eb p\u00ebr media ku ka paraqitur pik\u00ebpamjet e tia rreth \u00e7\u00ebshtjes s\u00eb dh\u00ebnies me qira t\u00eb plazheve te Ulqinit. Fjal\u00ebn e plot\u00eb p\u00ebr mediat t\u00eb kryetarit Nimanbegu mund ta lexoni m\u00eb posht\u00eb. T\u00eb nderuar qytetar\u00eb, t\u00eb nderuar p\u00ebrfaq\u00ebsues t\u00eb mediave, Gjat\u00eb muajve t\u00eb [&hellip;]<\/p>\n","protected":false},"author":1,"featured_media":4392,"comment_status":"open","ping_status":"open","sticky":false,"template":"","format":"standard","meta":{"_seopress_robots_primary_cat":"none","_seopress_titles_title":"%%post_title%% %%sep%% %%sitetitle%%","_seopress_titles_desc":"%%post_excerpt%%","_seopress_robots_index":"","footnotes":""},"categories":[2,15,9],"tags":[],"class_list":["post-38973","post","type-post","status-publish","format-standard","has-post-thumbnail","hentry","category-aktualitet","category-portrete","category-turizem"],"_links":{"self":[{"href":"https:\/\/ulqini-online.com\/sajti\/index.php?rest_route=\/wp\/v2\/posts\/38973","targetHints":{"allow":["GET"]}}],"collection":[{"href":"https:\/\/ulqini-online.com\/sajti\/index.php?rest_route=\/wp\/v2\/posts"}],"about":[{"href":"https:\/\/ulqini-online.com\/sajti\/index.php?rest_route=\/wp\/v2\/types\/post"}],"author":[{"embeddable":true,"href":"https:\/\/ulqini-online.com\/sajti\/index.php?rest_route=\/wp\/v2\/users\/1"}],"replies":[{"embeddable":true,"href":"https:\/\/ulqini-online.com\/sajti\/index.php?rest_route=%2Fwp%2Fv2%2Fcomments&post=38973"}],"version-history":[{"count":1,"href":"https:\/\/ulqini-online.com\/sajti\/index.php?rest_route=\/wp\/v2\/posts\/38973\/revisions"}],"predecessor-version":[{"id":38976,"href":"https:\/\/ulqini-online.com\/sajti\/index.php?rest_route=\/wp\/v2\/posts\/38973\/revisions\/38976"}],"wp:featuredmedia":[{"embeddable":true,"href":"https:\/\/ulqini-online.com\/sajti\/index.php?rest_route=\/wp\/v2\/media\/4392"}],"wp:attachment":[{"href":"https:\/\/ulqini-online.com\/sajti\/index.php?rest_route=%2Fwp%2Fv2%2Fmedia&parent=38973"}],"wp:term":[{"taxonomy":"category","embeddable":true,"href":"https:\/\/ulqini-online.com\/sajti\/index.php?rest_route=%2Fwp%2Fv2%2Fcategories&post=38973"},{"taxonomy":"post_tag","embeddable":true,"href":"https:\/\/ulqini-online.com\/sajti\/index.php?rest_route=%2Fwp%2Fv2%2Ftags&post=38973"}],"curies":[{"name":"wp","href":"https:\/\/api.w.org\/{rel}","templated":true}]}}