{"id":38958,"date":"2025-03-16T11:24:10","date_gmt":"2025-03-16T10:24:10","guid":{"rendered":"https:\/\/ulqini-online.com\/sajti\/?p=38958"},"modified":"2025-03-16T11:52:37","modified_gmt":"2025-03-16T10:52:37","slug":"lajm-i-trishte-nderroi-jete-poeti-dhe-gazetari-i-njohur-ibrahim-berjashi","status":"publish","type":"post","link":"https:\/\/ulqini-online.com\/sajti\/?p=38958","title":{"rendered":"Lajm i trisht\u00eb, nd\u00ebrroi jet\u00eb poeti dhe gazetari i njohur Ibrahim Berjashi"},"content":{"rendered":"<figure class=\"wp-block-post-featured-image\"><img loading=\"lazy\" decoding=\"async\" width=\"451\" height=\"300\" src=\"https:\/\/ulqini-online.com\/sajti\/wp-content\/uploads\/2016\/05\/ibrahim-berjashi-perfaqson-art-klubin-durres.jpg\" class=\"attachment-post-thumbnail size-post-thumbnail wp-post-image\" alt=\"\" style=\"object-fit:cover;\" srcset=\"https:\/\/ulqini-online.com\/sajti\/wp-content\/uploads\/2016\/05\/ibrahim-berjashi-perfaqson-art-klubin-durres.jpg 451w, https:\/\/ulqini-online.com\/sajti\/wp-content\/uploads\/2016\/05\/ibrahim-berjashi-perfaqson-art-klubin-durres-300x200.jpg 300w\" sizes=\"auto, (max-width: 451px) 100vw, 451px\" \/><\/figure>\n\n\n<p>Lajm i trisht\u00eb, nd\u00ebrroi jet\u00eb poeti Ibrahim Berjashi, k\u00ebshtu shkruan poeti Hajredin Kova\u00e7i p\u00ebr vdekjen gazetarit dhe shkrimtarit t\u00eb njohur. Lajmin p\u00ebr vdekjen e Berjashit ja bashkangjet edhe nj\u00eb poezi t\u00eb t\u00eb ndjerit.<\/p>\n\n\n\n<p><em>Ibrahim Berjashi<\/em><\/p>\n\n\n\n<p><em>M&#8217;ka marr\u00eb malli me shku n&#8217;Shkod\u00ebr!<\/em><\/p>\n\n\n\n<p><em>Zemra gati po m` del p\u00ebrjashta,<\/em><\/p>\n\n\n\n<p><em>Mall po m` vjen ka` Shtegvasha,<\/em><\/p>\n\n\n\n<p><em>Pak ka` Buna, liqeni e Sukubina.<\/em><\/p>\n\n\n\n<p><em>Virus corona m`k\u00ebrc\u00ebnohet:te karantina!<\/em><\/p>\n\n\n\n<p><em>M `ka marr\u00eb malli me shku` n` Shkod\u00ebr,<\/em><\/p>\n\n\n\n<p><em>P\u00ebr nji pilaf m\u00ebngjesi alla shkodran\u00e7e,<\/em><\/p>\n\n\n\n<p><em>Kafe te Tullat e kuqe-taman kranjan\u00e7e!<\/em><\/p>\n\n\n\n<p><em>\u2013 E kuptove ti o, mori mot\u00ebr?<\/em><\/p>\n\n\n\n<p><em>M` ka marr\u00eb malli me shku` n` Shkod\u00ebr!<\/em><\/p>\n\n\n\n<p><em>Me dal kreshnik\u00e7e deri n` Shirok\u00eb,<\/em><\/p>\n\n\n\n<p><em>Ta marrsha \u2013 vdes p\u00ebr nji peshk n\u2019 tjegull,<\/em><\/p>\n\n\n\n<p><em>Por, me k`to maska zhyten n` merzi e mjegull.<\/em><\/p>\n\n\n\n<p><em>-Rri n`shpi e shp\u00ebto jet\u00ebn,aty n` vot\u00ebr!<\/em><\/p>\n\n\n\n<p><em>A merr vesht, un` due t` shkoj n` Shkod\u00ebr?!<\/em><\/p>\n\n\n\n<p><em>Un` k`shtu e kam vendos,<\/em><\/p>\n\n\n\n<p><em>Edhe deti u baft\u00eb hirr\u00eb e kos!<\/em><\/p>\n\n\n\n<p>Ibrahim Berjashi Lindi n\u00eb vitin 1948 n\u00eb\u00a0Ostros\u00a0t\u00eb\u00a0Kraj\u00ebs,\u00a0Komuna e Tivarit. Ka kryer Normalen n\u00eb\u00a0Ferizaj, Shkoll\u00ebn e Lart\u00eb Pedagogjike n\u00eb\u00a0Gjakov\u00eb, kurse Gjuh\u00ebn e Let\u00ebrsin\u00eb Shqipe e ka studiuar n\u00eb\u00a0Fakultetin Filozofik t\u00eb Prishtin\u00ebs.<\/p>\n\n\n\n<p>Ishte themelues dhe kryetar i par\u00eb i\u00a0Shoqat\u00ebs s\u00eb Artist\u00ebve dhe Intelektual\u00ebve &#8220;Art Club&#8221;\u00a0n\u00eb\u00a0Ulqin\u00a0dhe nj\u00eb nd\u00ebr organizator\u00ebt e manifestimit\u00a0&#8220;Kalimera poetike&#8221;.\u00a0<\/p>\n\n\n\n<p>P\u00ebr nj\u00eb koh\u00ebt t\u00eb gjat\u00eb ka qen\u00eb korespondent edhe i gazet\u00ebs Rilindja.<\/p>\n\n\n\n<p>Lajmin p\u00ebr vdekjen e Berjashit e ka shp\u00ebrndar\u00eb n\u00eb rrjetin social edhe djali i tij Arbeni.<\/p>\n\n\n\n<p><em>&#8221;Nuk kam fjal\u00eb t\u00eb mjaftueshme p\u00ebr t\u00eb shprehur dhimbjen dhe humbjen kaq t\u00eb madhe q\u00eb kam sot. Kujtimet dhe dashuria e jote do t\u00eb jetojn\u00eb gjithmon\u00eb n\u00eb zemr\u00ebn ton\u00eb.<\/em><\/p>\n\n\n\n<p><em>Pritja b\u00ebhet deri n\u00eb ora 3 te sht\u00ebpia ne Gjerana, varrimi ne or\u00ebn 4h&#8221;.<\/em><\/p>\n","protected":false},"excerpt":{"rendered":"<p>Lajm i trisht\u00eb, nd\u00ebrroi jet\u00eb poeti Ibrahim Berjashi, k\u00ebshtu shkruan poeti Hajredin Kova\u00e7i p\u00ebr vdekjen gazetarit dhe shkrimtarit t\u00eb njohur. Lajmin p\u00ebr vdekjen e Berjashit ja bashkangjet edhe nj\u00eb poezi t\u00eb t\u00eb ndjerit. Ibrahim Berjashi M&#8217;ka marr\u00eb malli me shku n&#8217;Shkod\u00ebr! Zemra gati po m` del p\u00ebrjashta, Mall po m` vjen ka` Shtegvasha, Pak ka` [&hellip;]<\/p>\n","protected":false},"author":1,"featured_media":8967,"comment_status":"open","ping_status":"open","sticky":false,"template":"","format":"standard","meta":{"_seopress_robots_primary_cat":"none","_seopress_titles_title":"%%post_title%% %%sep%% %%sitetitle%%","_seopress_titles_desc":"%%post_excerpt%%","_seopress_robots_index":"","footnotes":""},"categories":[2,4],"tags":[],"class_list":["post-38958","post","type-post","status-publish","format-standard","has-post-thumbnail","hentry","category-aktualitet","category-kronike"],"_links":{"self":[{"href":"https:\/\/ulqini-online.com\/sajti\/index.php?rest_route=\/wp\/v2\/posts\/38958","targetHints":{"allow":["GET"]}}],"collection":[{"href":"https:\/\/ulqini-online.com\/sajti\/index.php?rest_route=\/wp\/v2\/posts"}],"about":[{"href":"https:\/\/ulqini-online.com\/sajti\/index.php?rest_route=\/wp\/v2\/types\/post"}],"author":[{"embeddable":true,"href":"https:\/\/ulqini-online.com\/sajti\/index.php?rest_route=\/wp\/v2\/users\/1"}],"replies":[{"embeddable":true,"href":"https:\/\/ulqini-online.com\/sajti\/index.php?rest_route=%2Fwp%2Fv2%2Fcomments&post=38958"}],"version-history":[{"count":5,"href":"https:\/\/ulqini-online.com\/sajti\/index.php?rest_route=\/wp\/v2\/posts\/38958\/revisions"}],"predecessor-version":[{"id":38968,"href":"https:\/\/ulqini-online.com\/sajti\/index.php?rest_route=\/wp\/v2\/posts\/38958\/revisions\/38968"}],"wp:featuredmedia":[{"embeddable":true,"href":"https:\/\/ulqini-online.com\/sajti\/index.php?rest_route=\/wp\/v2\/media\/8967"}],"wp:attachment":[{"href":"https:\/\/ulqini-online.com\/sajti\/index.php?rest_route=%2Fwp%2Fv2%2Fmedia&parent=38958"}],"wp:term":[{"taxonomy":"category","embeddable":true,"href":"https:\/\/ulqini-online.com\/sajti\/index.php?rest_route=%2Fwp%2Fv2%2Fcategories&post=38958"},{"taxonomy":"post_tag","embeddable":true,"href":"https:\/\/ulqini-online.com\/sajti\/index.php?rest_route=%2Fwp%2Fv2%2Ftags&post=38958"}],"curies":[{"name":"wp","href":"https:\/\/api.w.org\/{rel}","templated":true}]}}