{"id":38795,"date":"2025-02-14T12:26:36","date_gmt":"2025-02-14T11:26:36","guid":{"rendered":"https:\/\/ulqini-online.com\/sajti\/?p=38795"},"modified":"2025-02-14T12:32:45","modified_gmt":"2025-02-14T11:32:45","slug":"proteste-ne-ulqin-rritja-e-cmimeve-rrezikon-sektorin-e-turizmit","status":"publish","type":"post","link":"https:\/\/ulqini-online.com\/sajti\/?p=38795","title":{"rendered":"Protest\u00eb n\u00eb Ulqin \u2013 Rritja e \u00e7mimeve rrezikon sektorin e turizmit"},"content":{"rendered":"<figure class=\"wp-block-post-featured-image\"><img loading=\"lazy\" decoding=\"async\" width=\"392\" height=\"284\" src=\"https:\/\/ulqini-online.com\/sajti\/wp-content\/uploads\/2025\/02\/Protest-ne-Ulqin-1.jpg\" class=\"attachment-post-thumbnail size-post-thumbnail wp-post-image\" alt=\"\" style=\"object-fit:cover;\" srcset=\"https:\/\/ulqini-online.com\/sajti\/wp-content\/uploads\/2025\/02\/Protest-ne-Ulqin-1.jpg 392w, https:\/\/ulqini-online.com\/sajti\/wp-content\/uploads\/2025\/02\/Protest-ne-Ulqin-1-300x217.jpg 300w\" sizes=\"auto, (max-width: 392px) 100vw, 392px\" \/><\/figure>\n\n\n<p>Rritja drastike e \u00e7mimeve t\u00eb lokacioneve dhe objekteve komerciale deri n\u00eb 300 p\u00ebr qind \u00ebsht\u00eb sulm i drejtp\u00ebrdrejt\u00eb dhe k\u00ebrc\u00ebnon bizneset e qiramarr\u00ebsve, rrit \u00e7mimet e sh\u00ebrbimeve turistike dhe rrezikon sektorin e turizmit t\u00eb Ulqinit dhe Malit t\u00eb Zi, tha Xhavid Hoxhiq nga Shoqata e qiramarr\u00ebsve t\u00eb plazheve t\u00eb t\u00eb Ulqinit n\u00eb protest\u00ebn e sotme.<\/p>\n\n\n\n<p>Si\u00e7 shkruan rtcg, shoqata e Qiramarr\u00ebsve t\u00eb Plazheve, Shoqata Ada Bojana dhe Shoqata e Restoranteve kan\u00eb mbajtur sot n\u00eb Ulqin nj\u00eb protest\u00eb paq\u00ebsore para objektit t\u00eb Nd\u00ebrmarrjes Publike p\u00ebr Menaxhimin e Zon\u00ebs Bregdetare n\u00eb Ulqin, transmeton Ulqini Online.<\/p>\n\n\n\n<p>Ata k\u00ebrkojn\u00eb anulimin e vendimit t\u00eb nxituar t\u00eb Qeveris\u00eb s\u00eb Malit t\u00eb Zi p\u00ebr shpalljen e tenderit p\u00ebr dh\u00ebnien me qira t\u00eb plazheve dhe objekteve n\u00eb zon\u00ebn bregdetare, pa u konsultuar me pushtetin vendor dhe biznesmen\u00ebt.<\/p>\n\n\n\n<p>\u201cKund\u00ebrshtojm\u00eb vendimin e nxituar t\u00eb Qeveris\u00eb s\u00eb Malit t\u00eb Zi p\u00ebr shpalljen e tenderit p\u00ebr dh\u00ebnien me qira t\u00eb zonave dhe objekteve n\u00eb Zon\u00ebn Bregdetare, p\u00ebrmes nj\u00eb seance elektronike, pa u konsultuar me qeverit\u00eb vendore dhe biznesmen\u00ebt. Vendimi p\u00ebr rritjen drastike t\u00eb \u00e7mimeve t\u00eb qiras\u00eb deri n\u00eb 300% rrezikon biznesin e qiramarr\u00ebsve, rrit \u00e7mimet e sh\u00ebrbimeve turistike dhe k\u00ebrc\u00ebnon t\u00eb shkat\u00ebrroj\u00eb sektorin e turizmit n\u00eb Ulqin. Ky vendim k\u00ebrc\u00ebnon drejtp\u00ebrdrejt ekzistenc\u00ebn e mij\u00ebra familjeve q\u00eb jetojn\u00eb nga turizmi, duke e b\u00ebr\u00eb q\u00eb Malin e Zi t\u00eb jet\u00eb jokonkurrues n\u00eb krahasim me vendet e tjera t\u00eb rajonit.<\/p>\n\n\n\n<p>Qeveria, shtojn\u00eb ata, po injoron q\u00ebndrimet e t\u00eb gjith\u00eb kryetar\u00ebve t\u00eb bashkive bregdetare, t\u00eb cil\u00ebt jan\u00eb shprehur kund\u00ebr k\u00ebtij modeli qiraje dhe kan\u00eb k\u00ebrkuar zgjatjen e kontrat\u00ebs sipas kushteve t\u00eb m\u00ebparshme.<\/p>\n\n\n\n<p>Ata k\u00ebrkojn\u00eb q\u00eb t\u00eb t\u00ebrhiqet urgjentisht vendimi p\u00ebr hapjen e tenderit n\u00eb k\u00ebto kushte dhe sistemi i qiras\u00eb t\u00eb kthehet n\u00eb nj\u00eb kuad\u00ebr realist; Mbrojtja e turizmit t\u00eb Ulqinit dhe qyteteve t\u00eb tjera bregdetare nga rritja joreale e \u00e7mimeve; Q\u00eb vendimet p\u00ebr burimet detare merren n\u00eb bashk\u00ebpunim me pushtetin vendor dhe biznesmen\u00ebt dhe jo me vendime t\u00eb nj\u00ebanshme t\u00eb qeveris\u00eb.<\/p>\n\n\n\n<p>Ata po k\u00ebrkojn\u00eb gjithashtu nj\u00eb sistem qiraje transparent dhe t\u00eb drejt\u00eb q\u00eb nuk do t\u00eb favorizoj\u00eb strukturat kriminale dhe nuk do t\u00eb v\u00ebr\u00eb n\u00eb dyshim sigurin\u00eb e sektorit t\u00eb turizmit.<\/p>\n\n\n\n<p>&#8220;Kjo nuk \u00ebsht\u00eb vet\u00ebm nj\u00eb luft\u00eb midis qiramarr\u00ebsve &#8211; kjo \u00ebsht\u00eb nj\u00eb luft\u00eb p\u00ebr mbijetes\u00ebn e turizmit n\u00eb Mal t\u00eb Zi. Le t\u00eb mos lejojm\u00eb q\u00eb t\u00eb shkat\u00ebrrohet ajo q\u00eb kemi nd\u00ebrtuar me dekada,&#8221; deklaruan Shoqata e Qiramarr\u00ebsve t\u00eb Plazhit, Shoqata Ada Bojana dhe Shoqata e Restoranteve.<\/p>\n\n\n\n<p>N\u00eb protest\u00eb ishin edhe kryetari i komun\u00ebs s\u00eb Ulqinit Genci Nimanbegu, ministri i Administrat\u00ebs Publike Marash Dukaj, n\u00ebnkryetari i Kuvendit t\u00eb Malit t\u00eb Zi Nikola Camaj, kryetari i Komun\u00ebs s\u00eb Tuzit Lindon \u0110eljaj dhe deputeti Artan \u00c7obi.<\/p>\n","protected":false},"excerpt":{"rendered":"<p>Rritja drastike e \u00e7mimeve t\u00eb lokacioneve dhe objekteve komerciale deri n\u00eb 300 p\u00ebr qind \u00ebsht\u00eb sulm i drejtp\u00ebrdrejt\u00eb dhe k\u00ebrc\u00ebnon bizneset e qiramarr\u00ebsve, rrit \u00e7mimet e sh\u00ebrbimeve turistike dhe rrezikon sektorin e turizmit t\u00eb Ulqinit dhe Malit t\u00eb Zi, tha Xhavid Hoxhiq nga Shoqata e qiramarr\u00ebsve t\u00eb plazheve t\u00eb t\u00eb Ulqinit n\u00eb protest\u00ebn e sotme. [&hellip;]<\/p>\n","protected":false},"author":1,"featured_media":38798,"comment_status":"open","ping_status":"open","sticky":false,"template":"","format":"standard","meta":{"_seopress_robots_primary_cat":"none","_seopress_titles_title":"%%post_title%% %%sep%% %%sitetitle%%","_seopress_titles_desc":"%%post_excerpt%%","_seopress_robots_index":"","footnotes":""},"categories":[2,3,9],"tags":[],"class_list":["post-38795","post","type-post","status-publish","format-standard","has-post-thumbnail","hentry","category-aktualitet","category-politike","category-turizem"],"_links":{"self":[{"href":"https:\/\/ulqini-online.com\/sajti\/index.php?rest_route=\/wp\/v2\/posts\/38795","targetHints":{"allow":["GET"]}}],"collection":[{"href":"https:\/\/ulqini-online.com\/sajti\/index.php?rest_route=\/wp\/v2\/posts"}],"about":[{"href":"https:\/\/ulqini-online.com\/sajti\/index.php?rest_route=\/wp\/v2\/types\/post"}],"author":[{"embeddable":true,"href":"https:\/\/ulqini-online.com\/sajti\/index.php?rest_route=\/wp\/v2\/users\/1"}],"replies":[{"embeddable":true,"href":"https:\/\/ulqini-online.com\/sajti\/index.php?rest_route=%2Fwp%2Fv2%2Fcomments&post=38795"}],"version-history":[{"count":2,"href":"https:\/\/ulqini-online.com\/sajti\/index.php?rest_route=\/wp\/v2\/posts\/38795\/revisions"}],"predecessor-version":[{"id":38801,"href":"https:\/\/ulqini-online.com\/sajti\/index.php?rest_route=\/wp\/v2\/posts\/38795\/revisions\/38801"}],"wp:featuredmedia":[{"embeddable":true,"href":"https:\/\/ulqini-online.com\/sajti\/index.php?rest_route=\/wp\/v2\/media\/38798"}],"wp:attachment":[{"href":"https:\/\/ulqini-online.com\/sajti\/index.php?rest_route=%2Fwp%2Fv2%2Fmedia&parent=38795"}],"wp:term":[{"taxonomy":"category","embeddable":true,"href":"https:\/\/ulqini-online.com\/sajti\/index.php?rest_route=%2Fwp%2Fv2%2Fcategories&post=38795"},{"taxonomy":"post_tag","embeddable":true,"href":"https:\/\/ulqini-online.com\/sajti\/index.php?rest_route=%2Fwp%2Fv2%2Ftags&post=38795"}],"curies":[{"name":"wp","href":"https:\/\/api.w.org\/{rel}","templated":true}]}}