{"id":38735,"date":"2025-02-07T11:23:26","date_gmt":"2025-02-07T10:23:26","guid":{"rendered":"https:\/\/ulqini-online.com\/sajti\/?p=38735"},"modified":"2025-02-07T11:23:38","modified_gmt":"2025-02-07T10:23:38","slug":"nimanbegu-pershendes-vendimin-e-qeverise-se-malit-te-zi","status":"publish","type":"post","link":"https:\/\/ulqini-online.com\/sajti\/?p=38735","title":{"rendered":"Nimanbegu: P\u00ebrsh\u00ebndes vendimin e Qeveris\u00eb s\u00eb Malit t\u00eb Zi"},"content":{"rendered":"<figure class=\"wp-block-post-featured-image\"><img loading=\"lazy\" decoding=\"async\" width=\"800\" height=\"369\" src=\"https:\/\/ulqini-online.com\/sajti\/wp-content\/uploads\/2021\/05\/Plazhi-vogel-1-maj.jpg\" class=\"attachment-post-thumbnail size-post-thumbnail wp-post-image\" alt=\"\" style=\"object-fit:cover;\" srcset=\"https:\/\/ulqini-online.com\/sajti\/wp-content\/uploads\/2021\/05\/Plazhi-vogel-1-maj.jpg 800w, https:\/\/ulqini-online.com\/sajti\/wp-content\/uploads\/2021\/05\/Plazhi-vogel-1-maj-300x138.jpg 300w, https:\/\/ulqini-online.com\/sajti\/wp-content\/uploads\/2021\/05\/Plazhi-vogel-1-maj-768x354.jpg 768w\" sizes=\"auto, (max-width: 800px) 100vw, 800px\" \/><\/figure>\n\n\n<p class=\"has-text-align-center\">Ilustrim<\/p>\n\n\n\n<p>Seanca e sotme e Qeveris\u00eb s\u00eb Malit t\u00eb Zi ishte thelb\u00ebsore p\u00ebr t\u00eb ardhmen e objekteve t\u00eb p\u00ebrkohshme n\u00eb zon\u00ebn e T\u00eb mirave detare, ve\u00e7an\u00ebrisht n\u00eb kontekstin e t\u00eb drejtave t\u00eb komunave bregdetare p\u00ebr t\u00eb menaxhuar territorin e tyre. Un\u00eb besoj se \u00ebsht\u00eb jasht\u00ebzakonisht e r\u00ebnd\u00ebsishme t\u00eb respektohen interesat legjitime t\u00eb t\u00eb gjitha komunave, sepse vet\u00ebm n\u00eb k\u00ebt\u00eb m\u00ebnyr\u00eb mund t\u00eb sigurojm\u00eb zhvillim t\u00eb q\u00ebndruesh\u00ebm dhe t\u00eb drejt\u00eb, k\u00ebshtu thuhet n\u00eb nj\u00eb kumtes\u00eb p\u00ebr opinion t\u00eb kryetarit t\u00eb Komun\u00ebs s\u00eb Ulqinit Genci Nimanbegu.<\/p>\n\n\n\n<p>Nj\u00eb nga q\u00ebllimet kryesore n\u00eb k\u00ebt\u00eb proces \u00ebsht\u00eb p\u00ebrgatitja adekuate e sezonit turistik, e cila nuk duhet t\u00eb rrezikohet nga planifikimi i dob\u00ebt i politikave publike. N\u00eb k\u00ebt\u00eb drejtim, p\u00ebrsh\u00ebndes vendimin e Qeveris\u00eb s\u00eb Malit t\u00eb Zi p\u00ebr t\u00eb mos miratuar planin p\u00ebr objektet e p\u00ebrkohshme n\u00eb zon\u00ebn e T\u00eb mirave detare. Ky vendim p\u00ebrfaq\u00ebson nj\u00eb hap t\u00eb r\u00ebnd\u00ebsish\u00ebm n\u00eb mbrojtjen e ekonomis\u00eb s\u00eb Komun\u00ebs s\u00eb Ulqinit, e cila n\u00eb mas\u00eb t\u00eb madhe mb\u00ebshtetet n\u00eb turiz\u00ebm dhe e cila, p\u00ebrndryshe, do t\u00eb p\u00ebrballej me sfida t\u00eb m\u00ebdha.<\/p>\n\n\n\n<p>N\u00eb periudh\u00ebn e m\u00ebparshme, kemi b\u00ebr\u00eb p\u00ebrpjekje t\u00eb konsiderueshme p\u00ebr t\u00eb hapur dialog me Ministrin\u00eb e Planifikimit Hap\u00ebsinor, Urbanizmit dhe Pron\u00ebs Shtet\u00ebrore, si dhe me Nd\u00ebrmarrjen Publike p\u00ebr Menaxhimin e T\u00eb mirave detare. Q\u00ebllimi yn\u00eb ishte t\u00eb gjenim nj\u00eb zgjidhje kompromisi lidhur me qiran\u00eb dhe t\u00eb siguronim nj\u00eb marr\u00ebdh\u00ebnie t\u00eb drejt\u00eb midis institucioneve shtet\u00ebrore dhe ekonomis\u00eb lokale, vazhdon kumtesa.<\/p>\n\n\n\n<p>D\u00ebshiroj t\u00eb theksoj ve\u00e7an\u00ebrisht r\u00ebnd\u00ebsin\u00eb e takimit t\u00eb mbajtur n\u00eb Komun\u00ebn e Ulqinit, ku mor\u00ebn pjes\u00eb p\u00ebrfaq\u00ebsues t\u00eb Ministris\u00eb, NP T\u00eb mirat detare dhe qiramarr\u00ebsit. Ky takim ishte nj\u00eb mund\u00ebsi p\u00ebr t\u00eb treguar drejtp\u00ebrdrejt problemet me t\u00eb cilat p\u00ebrballen komuna dhe qiramarr\u00ebsit, si dhe p\u00ebr t\u00eb shqyrtuar s\u00eb bashku sfidat dhe zgjidhjet e mundshme. Me k\u00ebt\u00eb rast, i fal\u00ebnderoj p\u00ebr pjes\u00ebmarrjen e tyre konstruktive. Ne besojm\u00eb se vet\u00ebm p\u00ebrmes dialogut mund t\u00eb zgjidhen \u00e7\u00ebshtjet me interes publik.<\/p>\n\n\n\n<p>N\u00eb fund, d\u00ebshiroj t\u00eb fal\u00ebnderoj t\u00eb gjith\u00eb ata q\u00eb kontribuan n\u00eb rezultatin pozitiv t\u00eb sot\u00ebm dhe q\u00eb parandaluan pasojat potencialisht negative p\u00ebr sezonin turistik. Tani kemi para nesh hapin tjet\u00ebr t\u00eb r\u00ebnd\u00ebsish\u00ebm \u2013 miratimin e ligjit t\u00eb ri p\u00ebr T\u00eb mirat detare n\u00eb Kuvendin e Malit t\u00eb Zi. Miratimi i k\u00ebtij ligji do t\u00eb korrigjonte padrejt\u00ebsin\u00eb shum\u00ebvje\u00e7are ndaj komunave bregdetare dhe do t\u2019u mund\u00ebsonte atyre nj\u00eb pjes\u00ebmarrje m\u00eb t\u00eb madhe n\u00eb menaxhimin e burimeve t\u00eb tyre, p\u00ebrfundon kumtesa p\u00ebr opinion e kryetarit t\u00eb Komun\u00ebs s\u00eb Ulqinit Genci Nimanbegu..<\/p>\n\n\n\n<p><\/p>\n","protected":false},"excerpt":{"rendered":"<p>Ilustrim Seanca e sotme e Qeveris\u00eb s\u00eb Malit t\u00eb Zi ishte thelb\u00ebsore p\u00ebr t\u00eb ardhmen e objekteve t\u00eb p\u00ebrkohshme n\u00eb zon\u00ebn e T\u00eb mirave detare, ve\u00e7an\u00ebrisht n\u00eb kontekstin e t\u00eb drejtave t\u00eb komunave bregdetare p\u00ebr t\u00eb menaxhuar territorin e tyre. Un\u00eb besoj se \u00ebsht\u00eb jasht\u00ebzakonisht e r\u00ebnd\u00ebsishme t\u00eb respektohen interesat legjitime t\u00eb t\u00eb gjitha komunave, [&hellip;]<\/p>\n","protected":false},"author":1,"featured_media":28947,"comment_status":"open","ping_status":"open","sticky":false,"template":"","format":"standard","meta":{"_seopress_robots_primary_cat":"none","_seopress_titles_title":"%%post_title%% %%sep%% %%sitetitle%%","_seopress_titles_desc":"%%post_excerpt%%","_seopress_robots_index":"","footnotes":""},"categories":[2,3],"tags":[],"class_list":["post-38735","post","type-post","status-publish","format-standard","has-post-thumbnail","hentry","category-aktualitet","category-politike"],"_links":{"self":[{"href":"https:\/\/ulqini-online.com\/sajti\/index.php?rest_route=\/wp\/v2\/posts\/38735","targetHints":{"allow":["GET"]}}],"collection":[{"href":"https:\/\/ulqini-online.com\/sajti\/index.php?rest_route=\/wp\/v2\/posts"}],"about":[{"href":"https:\/\/ulqini-online.com\/sajti\/index.php?rest_route=\/wp\/v2\/types\/post"}],"author":[{"embeddable":true,"href":"https:\/\/ulqini-online.com\/sajti\/index.php?rest_route=\/wp\/v2\/users\/1"}],"replies":[{"embeddable":true,"href":"https:\/\/ulqini-online.com\/sajti\/index.php?rest_route=%2Fwp%2Fv2%2Fcomments&post=38735"}],"version-history":[{"count":1,"href":"https:\/\/ulqini-online.com\/sajti\/index.php?rest_route=\/wp\/v2\/posts\/38735\/revisions"}],"predecessor-version":[{"id":38738,"href":"https:\/\/ulqini-online.com\/sajti\/index.php?rest_route=\/wp\/v2\/posts\/38735\/revisions\/38738"}],"wp:featuredmedia":[{"embeddable":true,"href":"https:\/\/ulqini-online.com\/sajti\/index.php?rest_route=\/wp\/v2\/media\/28947"}],"wp:attachment":[{"href":"https:\/\/ulqini-online.com\/sajti\/index.php?rest_route=%2Fwp%2Fv2%2Fmedia&parent=38735"}],"wp:term":[{"taxonomy":"category","embeddable":true,"href":"https:\/\/ulqini-online.com\/sajti\/index.php?rest_route=%2Fwp%2Fv2%2Fcategories&post=38735"},{"taxonomy":"post_tag","embeddable":true,"href":"https:\/\/ulqini-online.com\/sajti\/index.php?rest_route=%2Fwp%2Fv2%2Ftags&post=38735"}],"curies":[{"name":"wp","href":"https:\/\/api.w.org\/{rel}","templated":true}]}}