{"id":38707,"date":"2025-02-04T14:39:38","date_gmt":"2025-02-04T13:39:38","guid":{"rendered":"https:\/\/ulqini-online.com\/sajti\/?p=38707"},"modified":"2025-02-04T14:56:07","modified_gmt":"2025-02-04T13:56:07","slug":"komuna-e-ulqinit-reagon-ndaj-ngritjes-se-cmimit-te-qiradhenies-te-np-te-mirat-detare","status":"publish","type":"post","link":"https:\/\/ulqini-online.com\/sajti\/?p=38707","title":{"rendered":"Komuna e Ulqinit reagon ndaj ngritjes s\u00eb \u00e7mimit t\u00eb qiradh\u00ebnies t\u00eb NP &#8221;T\u00eb mirat detare&#8221;"},"content":{"rendered":"<figure class=\"wp-block-post-featured-image\"><img loading=\"lazy\" decoding=\"async\" width=\"531\" height=\"350\" src=\"https:\/\/ulqini-online.com\/sajti\/wp-content\/uploads\/2015\/02\/Plazhi-madh.jpg\" class=\"attachment-post-thumbnail size-post-thumbnail wp-post-image\" alt=\"\" style=\"object-fit:cover;\" srcset=\"https:\/\/ulqini-online.com\/sajti\/wp-content\/uploads\/2015\/02\/Plazhi-madh.jpg 531w, https:\/\/ulqini-online.com\/sajti\/wp-content\/uploads\/2015\/02\/Plazhi-madh-300x198.jpg 300w\" sizes=\"auto, (max-width: 531px) 100vw, 531px\" \/><\/figure>\n\n\n<p>Komuna e Ulqinit, ka koh\u00eb q\u00eb ka zhvilluar konsultime me t\u00eb gjith\u00eb aktor\u00ebt e p\u00ebrfshir\u00eb n\u00eb procesin e dh\u00ebnies me qira t\u00eb objekteve t\u00eb p\u00ebrkohshme n\u00eb zon\u00ebn e T\u00eb Mirave Detare, me q\u00ebllim t\u00eb zgjidhjes s\u00eb \u00e7\u00ebshtjeve t\u00eb hapura q\u00eb jan\u00eb paraqitur, k\u00ebshtu fillon nj\u00eb kumtes\u00eb p\u00ebr opinion nga Kabineti i kryetarit t\u00eb Komun\u00ebs s\u00eb Ulqinit, transmeton Ulqini Online.<\/p>\n\n\n\n<p>Nisur nga fakti q\u00eb Nd\u00ebrmarrja Publike p\u00ebr Menaxhimin e T\u00eb Mirave Detare ka nd\u00ebrmarr\u00eb nj\u00eb s\u00ebr\u00eb aktivitetesh vetum duke ngritur \u00e7mimet me q\u00ebllim ngritjen e t\u00eb ardhurave, konsiderojm\u00eb se nj\u00eb veprim i till\u00eb, n\u00eb k\u00ebt\u00eb moment, \u00ebsht\u00eb krejt\u00ebsisht i nj\u00ebanshme dhe mund t\u00eb ket\u00eb pasoja &nbsp;negative n\u00eb ekonomin\u00eb e Ulqinit.<\/p>\n\n\n\n<p>Nj\u00eb qasje e till\u00eb do t\u00eb \u00e7onte n\u00eb nj\u00eb rritje t\u00eb madhe dhe ekonomikisht t\u00eb paarsyeshme t\u00eb \u00e7mimit t\u00eb qiras\u00eb, \u00a0q\u00eb do t\u00eb reflektohej negativisht n\u00eb ofert\u00ebn turistike t\u00eb Ulqinit. N\u00eb k\u00ebt\u00eb rast, Komuna duhet t\u00eb nd\u00ebrhyj\u00eb p\u00ebr t\u00eb parandaluar ndikimet negative n\u00eb ekonomi, vazhdon kumtesa.<\/p>\n\n\n\n<p>P\u00ebrve\u00e7 k\u00ebsaj , \u00ebsht\u00eb krejt\u00ebsisht e papranueshme q\u00eb sip\u00ebrmarr\u00ebsit, t\u00eb cil\u00ebt p\u00ebr shum\u00eb vite kan\u00eb paguar qira, kan\u00eb investuar dhe kan\u00eb mir\u00ebmbajtur plazhet, t\u00eb injorohen n\u00eb procesin e dh\u00ebnies s\u00eb plazheve me qira p\u00ebr shkak t\u00eb politik\u00ebs s\u00eb re t\u00eb pik\u00ebve. Kjo mund t\u00eb krijoj\u00eb nj\u00eb situat\u00eb q\u00eb sezoni turistik t\u00eb nis\u00eb me plazhe t\u00eb mbyllura, nd\u00ebrkoh\u00eb q\u00eb Nd\u00ebrmarrja Publike p\u00ebr Menaxhimin e t\u00eb Mirave Detare nuk ka p\u00ebrcaktuar ende se kujt i p\u00ebrket cili plazh.<\/p>\n\n\n\n<p>Gjithashtu, &nbsp;theksojm\u00eb se p\u00ebrmes Unionit t\u00eb Komunave \u00ebsht\u00eb dor\u00ebzuar nj\u00eb iniciativ\u00eb p\u00ebr ndryshimin dhe plot\u00ebsimin e Ligjit p\u00ebr T\u00eb Mirate Detare i cili parashikon q\u00eb kompetencat e menaxhimit t\u00eb zon\u00ebs s\u00eb T\u00eb mirave detare t\u2019i p\u00ebrkasin nj\u00ebsive t\u00eb vet\u00ebqeverisjes lokale, n\u00eb territorin e t\u00eb cilave ndodhet kjo zon\u00eb. N\u00eb k\u00ebt\u00eb m\u00ebnyr\u00eb, eliminohet p\u00ebrfundimisht \u00e7\u00ebshtja e legjitimitetit t\u00eb menaxhimit t\u00eb territorit t\u00eb komun\u00ebs, nj\u00eb \u00e7\u00ebshtje q\u00eb ka qen\u00eb e hapur p\u00ebr shum\u00eb vite.<\/p>\n\n\n\n<p>Bazuar n\u00eb \u00a0argumentet e cekura Komuna e Ulqinit apelon tek Qeveria e Malit t\u00eb Zi q\u00eb t\u00eb mos miratoj\u00eb planin p\u00ebr objektet e p\u00ebrkohshme n\u00eb zon\u00ebn e T\u00eb Mirave Detare derisa t\u00eb zgjidhen t\u00eb gjitha \u00e7\u00ebshtjet e hapura. Gjithashtu, k\u00ebrkojm\u00eb q\u00eb t\u00eb mund\u00ebsohet p\u00ebrdorimi k\u00ebsaj zone edhe k\u00ebt\u00eb vit p\u00ebrmes nj\u00eb aneksi, ashtu si n\u00eb vitin e kaluar, duke pasur parasysh\u00eb se ende nuk jan\u00eb plot\u00ebsuar t\u00eb gjitha kushtet p\u00ebr dh\u00ebnien me qira disa vje\u00e7are, p\u00ebrfundon kumtesa nga Kabineti i kryetarit t\u00eb Komun\u00ebs s\u00eb Ulqinit.<\/p>\n\n\n\n<p><\/p>\n","protected":false},"excerpt":{"rendered":"<p>Komuna e Ulqinit, ka koh\u00eb q\u00eb ka zhvilluar konsultime me t\u00eb gjith\u00eb aktor\u00ebt e p\u00ebrfshir\u00eb n\u00eb procesin e dh\u00ebnies me qira t\u00eb objekteve t\u00eb p\u00ebrkohshme n\u00eb zon\u00ebn e T\u00eb Mirave Detare, me q\u00ebllim t\u00eb zgjidhjes s\u00eb \u00e7\u00ebshtjeve t\u00eb hapura q\u00eb jan\u00eb paraqitur, k\u00ebshtu fillon nj\u00eb kumtes\u00eb p\u00ebr opinion nga Kabineti i kryetarit t\u00eb Komun\u00ebs s\u00eb [&hellip;]<\/p>\n","protected":false},"author":1,"featured_media":1822,"comment_status":"open","ping_status":"open","sticky":false,"template":"","format":"standard","meta":{"_seopress_robots_primary_cat":"none","_seopress_titles_title":"%%post_title%% %%sep%% %%sitetitle%%","_seopress_titles_desc":"%%post_excerpt%%","_seopress_robots_index":"","footnotes":""},"categories":[2,9],"tags":[],"class_list":["post-38707","post","type-post","status-publish","format-standard","has-post-thumbnail","hentry","category-aktualitet","category-turizem"],"_links":{"self":[{"href":"https:\/\/ulqini-online.com\/sajti\/index.php?rest_route=\/wp\/v2\/posts\/38707","targetHints":{"allow":["GET"]}}],"collection":[{"href":"https:\/\/ulqini-online.com\/sajti\/index.php?rest_route=\/wp\/v2\/posts"}],"about":[{"href":"https:\/\/ulqini-online.com\/sajti\/index.php?rest_route=\/wp\/v2\/types\/post"}],"author":[{"embeddable":true,"href":"https:\/\/ulqini-online.com\/sajti\/index.php?rest_route=\/wp\/v2\/users\/1"}],"replies":[{"embeddable":true,"href":"https:\/\/ulqini-online.com\/sajti\/index.php?rest_route=%2Fwp%2Fv2%2Fcomments&post=38707"}],"version-history":[{"count":3,"href":"https:\/\/ulqini-online.com\/sajti\/index.php?rest_route=\/wp\/v2\/posts\/38707\/revisions"}],"predecessor-version":[{"id":38714,"href":"https:\/\/ulqini-online.com\/sajti\/index.php?rest_route=\/wp\/v2\/posts\/38707\/revisions\/38714"}],"wp:featuredmedia":[{"embeddable":true,"href":"https:\/\/ulqini-online.com\/sajti\/index.php?rest_route=\/wp\/v2\/media\/1822"}],"wp:attachment":[{"href":"https:\/\/ulqini-online.com\/sajti\/index.php?rest_route=%2Fwp%2Fv2%2Fmedia&parent=38707"}],"wp:term":[{"taxonomy":"category","embeddable":true,"href":"https:\/\/ulqini-online.com\/sajti\/index.php?rest_route=%2Fwp%2Fv2%2Fcategories&post=38707"},{"taxonomy":"post_tag","embeddable":true,"href":"https:\/\/ulqini-online.com\/sajti\/index.php?rest_route=%2Fwp%2Fv2%2Ftags&post=38707"}],"curies":[{"name":"wp","href":"https:\/\/api.w.org\/{rel}","templated":true}]}}