{"id":38561,"date":"2025-01-15T10:32:18","date_gmt":"2025-01-15T09:32:18","guid":{"rendered":"https:\/\/ulqini-online.com\/sajti\/?p=38561"},"modified":"2025-01-15T10:32:52","modified_gmt":"2025-01-15T09:32:52","slug":"trojet-tona-nje-fondacion-qe-ka-ndergjegjesimin-kombetar-per-mision","status":"publish","type":"post","link":"https:\/\/ulqini-online.com\/sajti\/?p=38561","title":{"rendered":"\u201cTROJET TONA\u201d- NJ\u00cb FONDACION Q\u00cb KA ND\u00cbRGJEGJ\u00cbSIMIN KOMB\u00cbTAR P\u00cbR MISION"},"content":{"rendered":"<figure class=\"wp-block-post-featured-image\"><img loading=\"lazy\" decoding=\"async\" width=\"401\" height=\"300\" src=\"https:\/\/ulqini-online.com\/sajti\/wp-content\/uploads\/2015\/01\/Xheladin-zeneli.jpg\" class=\"attachment-post-thumbnail size-post-thumbnail wp-post-image\" alt=\"xheladin zeneli\" style=\"object-fit:cover;\" srcset=\"https:\/\/ulqini-online.com\/sajti\/wp-content\/uploads\/2015\/01\/Xheladin-zeneli.jpg 401w, https:\/\/ulqini-online.com\/sajti\/wp-content\/uploads\/2015\/01\/Xheladin-zeneli-300x224.jpg 300w\" sizes=\"auto, (max-width: 401px) 100vw, 401px\" \/><\/figure>\n\n\n<p><strong>Nga Xheladin Zeneli<\/strong><\/p>\n\n\n\n<p>P\u00ebr rreth nj\u00eb shekulli e gjys\u00ebm, shqiptar\u00ebt q\u00eb jetojn\u00eb n\u00eb trojet e tyre st\u00ebrgjyshore n\u00eb Mal t\u00eb Zi, kan\u00eb qen\u00eb t\u00eb n\u00ebnshtruar asimilimit t\u00eb dhunsh\u00ebm gjuh\u00ebsor dhe komb\u00ebtar t\u00eb tyre nga regjimet e ndryshme sllavo-malazeze. Vendbanimet q\u00eb e kan\u00eb p\u00ebsuar m\u00eb keq n\u00eb aspektin e tjet\u00ebrsimit komb\u00ebtar t\u00eb shqiptar\u00ebve kan\u00eb qen\u00eb Roxhaja, Plav\u00eb e Gucia dhe Tivari, t\u00eb cil\u00ebt n\u00eb nj\u00eb m\u00ebnyr\u00eb apo tjet\u00ebr vazhdojn\u00eb gjith\u00ebnj\u00eb edhe sot t\u00eb ballafaqohen me k\u00ebt\u00eb dukuri.<\/p>\n\n\n\n<p>Edhe p\u00ebrkund\u00ebr disa ndihmave simbolike financiare q\u00eb shteti am\u00eb-Shqip\u00ebria ka&nbsp; dh\u00ebne koh\u00eb pas kohe gjat\u00eb tre dekadave t\u00eb fundit p\u00ebr shqiptar\u00ebt n\u00eb Mal t\u00eb Zi, realiteti \u00ebsht\u00eb se n\u00eb esenc\u00eb aty kan\u00eb munguar projekte t\u00eb mir\u00ebfillta dhe konkrete q\u00eb do t\u00eb kishin nj\u00eb efekt t\u00eb qendruesh\u00ebm n\u00eb ruajtjen dhe kultivimin e gjuh\u00ebs, kultur\u00ebs dhe identitetit t\u00eb tyre komb\u00ebtar.<\/p>\n\n\n\n<p>Vlen t\u00eb theksohet se gjat\u00eb k\u00ebsaj periudhe ka qen\u00eb m\u00ebrgata shqiptare me prejardhje nga trojet shqiptare n\u00ebn Mal t\u00eb Zi q\u00eb ka dh\u00ebn\u00eb nj\u00eb kontribut t\u00eb \u00e7muar financiar n\u00eb forma t\u00eb ndryshme ku p\u00ebrfshihen edhe ndihmat financiare q\u00eb kan\u00eb t\u00eb b\u00ebjn\u00eb me kultivimin e trashigimis\u00eb, kultur\u00ebs dhe gjuh\u00ebs shqipe n\u00eb vendlindjet e tyre.&nbsp;<\/p>\n\n\n\n<p>Gjat\u00eb tre dekadave t\u00eb fundit n\u00eb k\u00ebt\u00eb aspekt jan\u00eb shquar shoqatat dhe fondacionet nd\u00ebr m\u00eb t\u00eb vjetrat q\u00eb veprojn\u00eb n\u00eb SHBA dhe q\u00eb mbajn\u00eb emrat e vendbanimeve dhe krahinave t\u00eb tyre autoktone si shoqatat : \u201cAna e Malit\u201d, \u201c Kraja\u201d, \u201c Mal\u00ebsia e Madhe\u201d ( n\u00eb Nju Jork dhe Detroit), Fondacioni \u201cPlav\u00eb-Guci\u201d. Kontributi financiar i&nbsp; tyre si edhe i dhjetra shoqatave t\u00eb tjera simotra atdhetare q\u00eb jan\u00eb themeluar m\u00eb von\u00eb n\u00eb SHBA, arrin shifr\u00ebn e miliona dollar\u00ebve. Ky kontribut p\u00ebr vendin e origjin\u00ebs s\u00eb tyre gjith\u00ebnj\u00eb vazhdon edhe n\u00eb dit\u00ebt e sotme.<\/p>\n\n\n\n<p>Viteve t\u00eb fundit n\u00eb komunitetin shqiptar vepron nj\u00eb fondacion i cili v\u00ebmendjen kryesore t\u00eb aktivitetit t\u00eb vet ka nd\u00ebrgjegj\u00ebsimin dhe ngritjen e vet\u00ebdij\u00ebs komb\u00ebtare sidomos t\u00eb nx\u00ebn\u00ebsve dhe t\u00eb rinj\u00ebve shqiptar\u00eb q\u00eb ndjekin shkollimin n\u00eb Mal t\u00eb Zi. Ky \u00ebsht\u00eb Fondacioni \u201cTrojet Tona\u201d me seli n\u00eb Nju Jork.&nbsp;<\/p>\n\n\n\n<p>Fondacioni \u00ebsht\u00eb themeluar n\u00eb vitin 2018 me q\u00ebllimin fillestar p\u00ebr t\u00eb ndihmuar financiarisht familjet me v\u00ebshtir\u00ebsi ekonomike n\u00eb An\u00eb t\u00eb Malit (Komuna e Ulqinit) . Gjat\u00eb koh\u00ebs s\u00eb pandemis\u00eb Covid-19 (2020-2021), Fondacioni \u201cTrojet Tona \u201c ka dh\u00ebn\u00eb nj\u00eb kontribut shum\u00eb t\u00eb r\u00ebnd\u00ebsish\u00ebm n\u00eb mbledhjen dhe d\u00ebrgimin e ndihmave dhe donacioneve n\u00eb vendlindje me fokus n\u00eb p\u00ebrballimin e situat\u00ebs sh\u00ebndet\u00ebsore dhe leht\u00ebsimin e pasojave t\u00eb k\u00ebsaj pandemie.<\/p>\n\n\n\n<p>Por p\u00ebrve\u00e7 aktiviteteve bamir\u00ebse si dhe p\u00ebrkrahjen financiare q\u00eb jep n\u00eb sfera t\u00eb ndryshme t\u00eb jet\u00ebs s\u00eb bashk\u00ebvendasve tan\u00eb n\u00eb vendlidje, pra si\u00e7 u cek edhe m\u00eb lart, Fondacioni \u201cTrojet Tona\u201d ka p\u00ebr mision edhe nd\u00ebrgjegj\u00ebsimin dhe vet\u00ebdij\u00ebsimin komb\u00ebtar t\u00eb t\u00eb rinj\u00ebve shqiptar\u00eb n\u00eb Mal t\u00eb Zi.<\/p>\n\n\n\n<p>K\u00ebte e realizon n\u00eb m\u00ebnyra t\u00eb ndryshme, si ajo e organizimit dhe financimit e kurseve t\u00eb gjuh\u00ebs shqipe n\u00eb vendbanimet shqiptare ku m\u00ebsimi i saj mungon apo nuk \u00ebsht\u00eb n\u00eb nivelin e duhur. Konkretisht, Fondacioni \u201cTrojet Tona\u201d ka inicuar dhe ka ndihmuar financimin e kursit t\u00eb gjuh\u00ebs shqipe \u201c M\u00ebsojm\u00eb Shqip\u201d n\u00eb Rozhaj\u00eb, duke i pajisur ndjek\u00ebsit e k\u00ebtij kursi me tekste m\u00ebsimore, me mjetet e tjera edukative q\u00eb jan\u00eb t\u00eb nevojshme&nbsp; p\u00ebr mbar\u00ebvajtjen e m\u00ebsimit t\u00eb gjuh\u00ebs shqipe si dhe&nbsp; me sigurimin e lokalit p\u00ebr k\u00ebt\u00eb q\u00ebllim, n\u00eb nj\u00eb shkoll\u00eb fillore t\u00eb k\u00ebtij qyteti.P\u00ebr shum\u00eb nga k\u00ebto nx\u00ebn\u00ebs m\u00ebsimi i gjuh\u00ebs shqipe \u00ebsht\u00eb m\u00ebsimi i nj\u00eb gjuhe q\u00eb t\u00eb par\u00ebt e tyre e kan\u00eb pasur&nbsp; gjuh\u00eb t\u00eb p\u00ebrditshme e t\u00eb folurit,pasi q\u00eb Rozhaja ka qen\u00eb dikur me popullsi shumic\u00eb shqiptare.<\/p>\n\n\n\n<p>M\u00ebnyra tjet\u00ebr praktike&nbsp; e angazhimit t\u00eb Fondacionit n\u00eb fjal\u00eb n\u00eb ngritjen e vet\u00ebdij\u00ebs komb\u00ebtare te nx\u00ebn\u00ebsit shqiptar n\u00eb Mal t\u00eb Zi, \u00ebsht\u00eb organizimi dhe financimi i ekskurzioneve n\u00eb Shqip\u00ebri dhe n\u00eb Kosov\u00eb me q\u00ebllim q\u00eb ata t\u00eb njihen me figurat tona historike e komb\u00ebtare si dhe me monumentet e trashigimis\u00eb kulturore n\u00eb shtetet e tyre am\u00eb. Nga ky organizim, n\u00eb dy-tre vitet e fundit kan\u00eb p\u00ebrfituar nx\u00ebn\u00ebsit e shkollave fillore n\u00eb An\u00eb t\u00eb Malit, Kraj\u00eb, Plav\u00eb-Guci dhe Rozhaj\u00eb. K\u00ebto vizita edukative, Fondacioni \u201cTrojet Tona\u201d i ka realizuar n\u00eb bashk\u00ebpunim dhe n\u00eb bashk\u00ebfinancim me shoqatat e tjera simotra t\u00eb komunitetit, konkretisht me Shoqat\u00ebn \u201cKraja\u201d, (n\u00eb ekskurzionin e vitit 2022) dhe me Fondacionin \u201cPlav\u00eb-Guci\u201d (n\u00eb ekskurzionin e vitit 2023 )ku ata kan\u00eb sponzoruar udh\u00ebtimin treditor t\u00eb rreth 300 nx\u00ebn\u00ebsve shqiptar\u00eb t\u00eb klasave t\u00eb 9-ta q\u00eb vijojn\u00eb shkollimin n\u00eb Mal t\u00eb Zi.Fal\u00eb d\u00ebshir\u00ebs dhe interesit t\u00eb madh t\u00eb nx\u00ebn\u00ebnsve shqiptar\u00eb n\u00eb Mal t\u00eb Zi, k\u00ebto ekskurzione po kthehen n\u00eb organizime tradicionale.<\/p>\n\n\n\n<p>Duhet cekur se njohurit\u00eb q\u00eb nx\u00ebn\u00ebsit shqiptar\u00eb n\u00eb shkollat e Malit t\u00eb Zi kan\u00eb p\u00ebr ngjarjet dhe figurat historike t\u00eb popullit t\u00eb vet, nuk jan\u00eb t\u00eb plota&nbsp; dhe kjo vjen si rezulltat programeve t\u00eb kufizuara shkollore q\u00eb iu afrohen atyre nga institucionet shtet\u00ebrore t\u00eb arsimit n\u00eb Mal t\u00eb Zi. Prandaj njohja me heronjt\u00eb e tyre komb\u00ebtar si dhe me vendet e trashigimis\u00eb kulturore e historike n\u00eb Shqip\u00ebri dhe n\u00eb Kosov\u00eb, \u00ebsht\u00eb me nj\u00eb r\u00ebnd\u00ebsi t\u00eb ve\u00e7ant\u00eb p\u00ebr brezin e ri shqiptar dhe i sh\u00ebrben edukimit t\u00eb tyre komb\u00ebtar.<\/p>\n\n\n\n<p>Pjes\u00eb e angazhimit n\u00eb aspektin e nd\u00ebrgjegj\u00ebsimit komb\u00ebtar \u00ebsht\u00eb edhe iniciativa e Fondacionit \u201c Trojet Tona\u201d p\u00ebr heqjen e prapashtesave sllave -viq (vi\u0107) dhe -iq(i\u0107) nga mbiemrat e shqiptar\u00ebve. Dihet tashm\u00eb mir\u00eb se si k\u00ebto prapashtesa iu jan\u00eb impunuar shqiptar\u00ebve nga politikat asimiluese dhe \u00e7komb\u00ebtarizuese t\u00eb regjimeve&nbsp; t\u00eb ndryshme t\u00eb Malit t\u00eb Zi, sidomos gjat\u00eb shekullit t\u00eb kaluar. \u00cbsht\u00eb p\u00ebr keqardhje q\u00eb aktualisht nj\u00eb num\u00ebr i konsideruesh\u00ebm i shqiptar\u00ebve n\u00eb Mal t\u00eb Zi, gjith\u00ebnj\u00eb vazhdojn\u00eb ti mbajn\u00eb prapashtesat me -viq(vi\u0107) dhe -iq(i\u0107) n\u00eb mbiemrat e tyre, edhe p\u00ebrkund\u00ebr faktit se se ata sot mund t\u2019i nd\u00ebrrojn\u00eb dhe shqip\u00ebrojn\u00eb k\u00ebto mbiemra pa kurrfar\u00eb pasoje. Para pak viteve Fondacioni \u201c Trojet Tona\u201d si pjes\u00eb e fushat\u00ebs p\u00ebr shqip\u00ebrimin e mbiemrave, ka marr\u00eb iniciativ\u00ebn p\u00ebr pages\u00ebn e shpenzimeve administrative ligjore p\u00ebr t\u00eb gjith\u00eb ata q\u00eb vendosin t\u00eb b\u00ebjn\u00eb nj\u00eb gj\u00eb t\u00eb till\u00eb. Fatmir\u00ebsisht disa bashk\u00ebvendas jan\u00eb&nbsp; p\u00ebrgjigjur pozitivisht k\u00ebsaj iniciative t\u00eb cil\u00ebt tashm\u00eb i kan\u00eb shqip\u00ebruar mbiemrat e tyre . Nj\u00ebkoh\u00ebsisht egziston nj\u00eb pjes\u00eb tjet\u00ebr e shqiptar\u00ebve n\u00eb Mal t\u00eb Zi t\u00eb cil\u00ebt p\u00ebr \u00e7udi ende ngurrojn\u00eb t\u00eb b\u00ebjn\u00eb desllavizimin e mbiemrave t\u00eb tyre!?.<\/p>\n\n\n\n<p>Vlen t\u00eb p\u00ebrmendet se n\u00eb frym\u00ebn e promovimit t\u00eb vlerave tona komb\u00ebtare n\u00eb vendlidje , n\u00eb kuad\u00ebr k\u00ebtij Fondacioni dhe me p\u00ebrkrahjen fonanciare t\u00eb tij, vepron edhe shoq\u00ebria kulturore-artistike AKV \u201cTrojet Tona\u201d, e cila fal\u00eb talent\u00ebve dhe artist\u00ebve&nbsp; t\u00eb rinj q\u00eb ka n\u00eb p\u00ebrb\u00ebrjen e vet, me dinjitet dhe me kranari p\u00ebrfaq\u00ebsojn\u00eb&nbsp; k\u00ebng\u00ebt, vallet dhe folklorin e bukur shqiptar t\u00eb trev\u00ebs t\u00eb An\u00ebs s\u00eb Malit, jo vet\u00ebm n\u00eb festivalet e ndryshme q\u00eb mbahen n\u00eb hap\u00ebsir\u00ebn mbar\u00ebshqiptare por edhe m\u00eb gj\u00ebr\u00eb. Me k\u00ebt\u00eb AKV \u201c Trojet Tona\u201d po vazhdon tradit\u00ebn e shum\u00eb shoq\u00ebrive kulturore-artistike q\u00eb kan\u00eb&nbsp; vepruar m\u00eb par\u00eb n\u00eb An\u00eb t\u00eb Malit dhe kan\u00eb dh\u00ebn\u00eb nj\u00eb kontribut t\u00eb \u00e7muar n\u00eb ruajtjen e vlerave dhe trashigimis\u00eb kulturore t\u00eb k\u00ebsaj treve autoktone shqiptare.<\/p>\n\n\n\n<p>N\u00eb fund, mos t\u00eb harrojm\u00eb p\u00ebr asnj\u00eb moment se \u00ebsht\u00eb&nbsp; bujaria, zem\u00ebrgjer\u00ebsa dhe merita e shum\u00eb pjes\u00ebtar\u00ebve t\u00eb komunitetit shqiptar t\u00eb Amerik\u00ebs t\u00eb cil\u00ebt&nbsp; kontribojn\u00eb financiarsiht p\u00ebrmes donacioneve t\u00eb tyre n\u00eb Fondacionin \u201c Trojet Tona\u201d dhe jan\u00eb pra k\u00ebto kontribute t\u00eb tyre financiare q\u00eb b\u00ebjn\u00eb t\u00eb mundur realizimin e nj\u00eb game t\u00eb lloj\u00ebllojshme t\u00eb projekteve n\u00eb vendlidje q\u00eb p\u00ebrfshin\u00eb edhe edukimin komb\u00ebtar t\u00eb brezave t\u00eb ri n\u00eb vendlindje duke i brumosur&nbsp; ato me dashurin\u00eb p\u00ebr atdheun dhe kombin shqiptar.<\/p>\n\n\n\n<p><\/p>\n\n\n\n<p><em>Janar 2025<\/em><\/p>\n","protected":false},"excerpt":{"rendered":"<p>Nga Xheladin Zeneli P\u00ebr rreth nj\u00eb shekulli e gjys\u00ebm, shqiptar\u00ebt q\u00eb jetojn\u00eb n\u00eb trojet e tyre st\u00ebrgjyshore n\u00eb Mal t\u00eb Zi, kan\u00eb qen\u00eb t\u00eb n\u00ebnshtruar asimilimit t\u00eb dhunsh\u00ebm gjuh\u00ebsor dhe komb\u00ebtar t\u00eb tyre nga regjimet e ndryshme sllavo-malazeze. Vendbanimet q\u00eb e kan\u00eb p\u00ebsuar m\u00eb keq n\u00eb aspektin e tjet\u00ebrsimit komb\u00ebtar t\u00eb shqiptar\u00ebve kan\u00eb qen\u00eb Roxhaja, [&hellip;]<\/p>\n","protected":false},"author":1,"featured_media":1270,"comment_status":"open","ping_status":"open","sticky":false,"template":"","format":"standard","meta":{"_seopress_robots_primary_cat":"none","_seopress_titles_title":"%%post_title%% %%sep%% %%sitetitle%%","_seopress_titles_desc":"%%post_excerpt%%","_seopress_robots_index":"","footnotes":""},"categories":[2,5,12],"tags":[2754,229],"class_list":["post-38561","post","type-post","status-publish","format-standard","has-post-thumbnail","hentry","category-aktualitet","category-diaspora","category-opinione","tag-trojet-tona","tag-xheladin-zeneli"],"_links":{"self":[{"href":"https:\/\/ulqini-online.com\/sajti\/index.php?rest_route=\/wp\/v2\/posts\/38561","targetHints":{"allow":["GET"]}}],"collection":[{"href":"https:\/\/ulqini-online.com\/sajti\/index.php?rest_route=\/wp\/v2\/posts"}],"about":[{"href":"https:\/\/ulqini-online.com\/sajti\/index.php?rest_route=\/wp\/v2\/types\/post"}],"author":[{"embeddable":true,"href":"https:\/\/ulqini-online.com\/sajti\/index.php?rest_route=\/wp\/v2\/users\/1"}],"replies":[{"embeddable":true,"href":"https:\/\/ulqini-online.com\/sajti\/index.php?rest_route=%2Fwp%2Fv2%2Fcomments&post=38561"}],"version-history":[{"count":1,"href":"https:\/\/ulqini-online.com\/sajti\/index.php?rest_route=\/wp\/v2\/posts\/38561\/revisions"}],"predecessor-version":[{"id":38564,"href":"https:\/\/ulqini-online.com\/sajti\/index.php?rest_route=\/wp\/v2\/posts\/38561\/revisions\/38564"}],"wp:featuredmedia":[{"embeddable":true,"href":"https:\/\/ulqini-online.com\/sajti\/index.php?rest_route=\/wp\/v2\/media\/1270"}],"wp:attachment":[{"href":"https:\/\/ulqini-online.com\/sajti\/index.php?rest_route=%2Fwp%2Fv2%2Fmedia&parent=38561"}],"wp:term":[{"taxonomy":"category","embeddable":true,"href":"https:\/\/ulqini-online.com\/sajti\/index.php?rest_route=%2Fwp%2Fv2%2Fcategories&post=38561"},{"taxonomy":"post_tag","embeddable":true,"href":"https:\/\/ulqini-online.com\/sajti\/index.php?rest_route=%2Fwp%2Fv2%2Ftags&post=38561"}],"curies":[{"name":"wp","href":"https:\/\/api.w.org\/{rel}","templated":true}]}}