{"id":38346,"date":"2024-11-26T16:00:00","date_gmt":"2024-11-26T15:00:00","guid":{"rendered":"https:\/\/ulqini-online.com\/sajti\/?p=38346"},"modified":"2024-11-26T16:06:46","modified_gmt":"2024-11-26T15:06:46","slug":"qytetaret-e-ulqinit-te-paret-ne-mal-te-zi-per-njohje-te-gjuhes-gjermane","status":"publish","type":"post","link":"https:\/\/ulqini-online.com\/sajti\/?p=38346","title":{"rendered":"Qytetar\u00ebt e Ulqinit t\u00eb par\u00ebt n\u00eb Mal t\u00eb Zi p\u00ebr njohje t\u00eb gjuh\u00ebs gjermane"},"content":{"rendered":"<figure class=\"wp-block-post-featured-image\"><img loading=\"lazy\" decoding=\"async\" width=\"700\" height=\"466\" src=\"https:\/\/ulqini-online.com\/sajti\/wp-content\/uploads\/2024\/03\/Ulqini-kalaja-rana-plazhi-vogel.jpg\" class=\"attachment-post-thumbnail size-post-thumbnail wp-post-image\" alt=\"\" style=\"object-fit:cover;\" srcset=\"https:\/\/ulqini-online.com\/sajti\/wp-content\/uploads\/2024\/03\/Ulqini-kalaja-rana-plazhi-vogel.jpg 700w, https:\/\/ulqini-online.com\/sajti\/wp-content\/uploads\/2024\/03\/Ulqini-kalaja-rana-plazhi-vogel-300x200.jpg 300w\" sizes=\"auto, (max-width: 700px) 100vw, 700px\" \/><\/figure>\n\n\n<p>Monstat publikoi sot t\u00eb dh\u00ebnat nga regjistrimi i popullsis\u00eb t\u00eb cilat i referohen popullsis\u00eb s\u00eb Malit t\u00eb Zi sipas njohurive t\u00eb gjuh\u00ebve t\u00eb huaja.<\/p>\n\n\n\n<p>T\u00eb dh\u00ebnat i referohen njohurive t\u00eb gjuh\u00ebve t\u00eb huaja, q\u00eb p\u00ebrkufizohet si aft\u00ebsia e nj\u00eb personi p\u00ebr t\u00eb kuptuar, folur, lexuar dhe shkruar nj\u00eb gjuh\u00eb t\u00eb huaj. Jan\u00eb mbledhur t\u00eb dh\u00ebna p\u00ebr njohjen e maksimumit t\u00eb tre gjuh\u00ebve t\u00eb huaja, shkruan Ulqini Online.<\/p>\n\n\n\n<p>Nj\u00eb fakt q\u00eb bie n\u00eb sy nga k\u00ebta t\u00eb dh\u00ebna \u00ebsht\u00eb njohja e gjuh\u00ebs gjermane nga qytetar\u00ebt e Ulqinit. Nga k\u00ebto t\u00eb dh\u00ebna rezulton se qyteti me p\u00ebrqindja m\u00eb e madhe t\u00eb qytetar\u00ebve q\u00eb njohin gjuh\u00ebn gjermane \u00ebsht\u00eb Ulqini. 12,12% e banor\u00ebve t\u00eb Ulqinit e njohin gjermane.<\/p>\n\n\n\n<p>Mund t\u00eb jen\u00eb shum\u00eb faktor\u00eb q\u00eb ndikojn\u00eb n\u00eb k\u00ebto t\u00eb dh\u00ebna. Nj\u00eb nd\u00ebr k\u00ebta faktor ka t\u00eb b\u00ebj\u00eb me koh\u00ebn e art\u00eb t\u00eb turizmit n\u00eb qytetin e Ulqinit q\u00eb ju takon sidomos viteve t\u00eb 90-ta ku pothuajse t\u00eb gjith punonj\u00ebsit turistik e kan\u00eb njohur gjuh\u00ebn gjermane.<\/p>\n\n\n\n<p>Faktor tjet\u00ebr shum\u00eb i r\u00ebnd\u00ebsish\u00ebm mund t\u00eb ju takoj\u00eb dy dekadave t\u00eb fundit. M\u00ebsimi kualitativ i gjuh\u00ebs gjermane n\u00eb shkollat fillore dhe t\u00eb mesme ku p\u00ebrve\u00e7 m\u00ebsimdh\u00ebn\u00ebsve t\u00eb qytetit ton\u00eb kontribut t\u00eb madh kan\u00eb dh\u00ebn\u00eb edhe m\u00ebsimdh\u00ebn\u00ebsit e k\u00ebsaj gjuhe nga Gjermania.<\/p>\n\n\n\n<p>Sido q\u00eb t\u00eb jet\u00eb dhe pa marr\u00eb parasysh se cila \u00ebsht\u00eb arsyeja, nj\u00eb fakt i till\u00eb nga g\u00ebzon.<\/p>\n","protected":false},"excerpt":{"rendered":"<p>Monstat publikoi sot t\u00eb dh\u00ebnat nga regjistrimi i popullsis\u00eb t\u00eb cilat i referohen popullsis\u00eb s\u00eb Malit t\u00eb Zi sipas njohurive t\u00eb gjuh\u00ebve t\u00eb huaja. T\u00eb dh\u00ebnat i referohen njohurive t\u00eb gjuh\u00ebve t\u00eb huaja, q\u00eb p\u00ebrkufizohet si aft\u00ebsia e nj\u00eb personi p\u00ebr t\u00eb kuptuar, folur, lexuar dhe shkruar nj\u00eb gjuh\u00eb t\u00eb huaj. Jan\u00eb mbledhur t\u00eb dh\u00ebna [&hellip;]<\/p>\n","protected":false},"author":1,"featured_media":36695,"comment_status":"open","ping_status":"open","sticky":false,"template":"","format":"standard","meta":{"_seopress_robots_primary_cat":"none","_seopress_titles_title":"%%post_title%% %%sep%% %%sitetitle%%","_seopress_titles_desc":"%%post_excerpt%%","_seopress_robots_index":"","footnotes":""},"categories":[2,6],"tags":[],"class_list":["post-38346","post","type-post","status-publish","format-standard","has-post-thumbnail","hentry","category-aktualitet","category-kulture"],"_links":{"self":[{"href":"https:\/\/ulqini-online.com\/sajti\/index.php?rest_route=\/wp\/v2\/posts\/38346","targetHints":{"allow":["GET"]}}],"collection":[{"href":"https:\/\/ulqini-online.com\/sajti\/index.php?rest_route=\/wp\/v2\/posts"}],"about":[{"href":"https:\/\/ulqini-online.com\/sajti\/index.php?rest_route=\/wp\/v2\/types\/post"}],"author":[{"embeddable":true,"href":"https:\/\/ulqini-online.com\/sajti\/index.php?rest_route=\/wp\/v2\/users\/1"}],"replies":[{"embeddable":true,"href":"https:\/\/ulqini-online.com\/sajti\/index.php?rest_route=%2Fwp%2Fv2%2Fcomments&post=38346"}],"version-history":[{"count":2,"href":"https:\/\/ulqini-online.com\/sajti\/index.php?rest_route=\/wp\/v2\/posts\/38346\/revisions"}],"predecessor-version":[{"id":38351,"href":"https:\/\/ulqini-online.com\/sajti\/index.php?rest_route=\/wp\/v2\/posts\/38346\/revisions\/38351"}],"wp:featuredmedia":[{"embeddable":true,"href":"https:\/\/ulqini-online.com\/sajti\/index.php?rest_route=\/wp\/v2\/media\/36695"}],"wp:attachment":[{"href":"https:\/\/ulqini-online.com\/sajti\/index.php?rest_route=%2Fwp%2Fv2%2Fmedia&parent=38346"}],"wp:term":[{"taxonomy":"category","embeddable":true,"href":"https:\/\/ulqini-online.com\/sajti\/index.php?rest_route=%2Fwp%2Fv2%2Fcategories&post=38346"},{"taxonomy":"post_tag","embeddable":true,"href":"https:\/\/ulqini-online.com\/sajti\/index.php?rest_route=%2Fwp%2Fv2%2Ftags&post=38346"}],"curies":[{"name":"wp","href":"https:\/\/api.w.org\/{rel}","templated":true}]}}