{"id":37778,"date":"2024-07-24T09:09:17","date_gmt":"2024-07-24T07:09:17","guid":{"rendered":"https:\/\/ulqini-online.com\/sajti\/?p=37778"},"modified":"2024-07-24T09:09:31","modified_gmt":"2024-07-24T07:09:31","slug":"voa-partite-proruse-perfshihen-ne-qeverine-e-riorganizuar-te-malit-te-zi","status":"publish","type":"post","link":"https:\/\/ulqini-online.com\/sajti\/?p=37778","title":{"rendered":"VOA: Partit\u00eb proruse p\u00ebrfshihen n\u00eb qeverin\u00eb e riorganizuar t\u00eb Malit t\u00eb Zi"},"content":{"rendered":"<figure class=\"wp-block-post-featured-image\"><img loading=\"lazy\" decoding=\"async\" width=\"640\" height=\"420\" src=\"https:\/\/ulqini-online.com\/sajti\/wp-content\/uploads\/2024\/07\/kuvendi-qeveria-mali-zi.jpg\" class=\"attachment-post-thumbnail size-post-thumbnail wp-post-image\" alt=\"\" style=\"object-fit:cover;\" srcset=\"https:\/\/ulqini-online.com\/sajti\/wp-content\/uploads\/2024\/07\/kuvendi-qeveria-mali-zi.jpg 640w, https:\/\/ulqini-online.com\/sajti\/wp-content\/uploads\/2024\/07\/kuvendi-qeveria-mali-zi-300x197.jpg 300w\" sizes=\"auto, (max-width: 640px) 100vw, 640px\" \/><\/figure>\n\n\n<p>Partit\u00eb e ish Frontit Demokratik pro-rus dhe Partia Boshnjake, u b\u00ebn\u00eb pjes\u00eb e qeveris\u00eb s\u00eb Malit t\u00eb Zi, pasi parlamenti malazez miratoi t\u00eb mart\u00ebn me shumic\u00eb votash riorganizimin e saj, mes shqet\u00ebsimeve t\u00eb Shteteve t\u00eb Bashkuara, kund\u00ebrshtimit t\u00eb presidentit t\u00eb vendit dhe t\u00eb opozit\u00ebs.<\/p>\n\n\n\n<p>Partit\u00eb pro-ruse dhe pro-serbe do t\u00eb ken\u00eb dy poste z\u00ebvend\u00ebskryeministrash dhe tri ministri, nd\u00ebrsa boshnjak\u00ebt nj\u00eb post z\u00ebvend\u00ebskryeministri dhe pes\u00eb ministri.<\/p>\n\n\n\n<p>Qeveri do t\u00eb ket\u00eb 24 poste ministrash dhe 7 poste zv\/kryeministrash, gj\u00eb q\u00eb e b\u00ebn at\u00eb m\u00eb t\u00eb madhen n\u00eb historin\u00eb e parlamentarizmit n\u00eb Malin e Zi.<\/p>\n\n\n\n<p>N\u00eb fjal\u00ebn e tij para deputet\u00ebve, kryeministri Milojko Spaji\u00e7 vuri n\u00eb dukje r\u00ebnd\u00ebsin\u00eb e qeveris\u00eb p\u00ebr t\u00eb ardhmen e vendit.<\/p>\n\n\n\n<p><em>&#8220;Kjo qeveri \u00ebsht\u00eb nj\u00eb garantuese i q\u00ebndrueshm\u00ebris\u00eb dhe pjekuris\u00eb. Ne jemi shembull se si serb\u00ebt dhe shqiptar\u00ebt, serb\u00ebt dhe boshnjak\u00ebt, serb\u00ebt dhe malazez\u00ebt &#8211; t\u00eb gjith\u00eb mund t\u00eb jetojn\u00eb dhe punojn\u00eb s\u00eb bashku. Ne do t\u00eb jemi nj\u00eb fanar p\u00ebr gjith\u00eb Ballkanin&#8221;,<\/em>&nbsp;tha kryeministri malazez.<\/p>\n\n\n\n<p>Riorganizimi i qeveris\u00eb u kritikua nga partit\u00eb opozitare malazeze, t\u00eb cilat than\u00eb se hyrja e partive pro-ruse, n\u00ebnkupton nj\u00eb qeveri q\u00eb do t\u00eb drejtohet nga Moska dhe Beogradi.<\/p>\n\n\n\n<p><em>&#8220;Koka dhe truri jan\u00eb n\u00eb Mosk\u00eb. Shefi i k\u00ebsaj qeverie \u00ebsht\u00eb (kryetari i parlamentit) Andrija Mandi\u00e7 dhe n\u00eb t\u00eb nuk ka asnj\u00eb p\u00ebrfaq\u00ebsues nga kombi malazez\u201d,&nbsp;<\/em>tha<em>&nbsp;<\/em>Andrija Nikoli\u00e7 nga Partia Demokratike e Socialist\u00ebve.<\/p>\n\n\n\n<p>Sipas opozit\u00ebs k\u00ebto parti&nbsp;<em>\u201cmbrojn\u00eb heqjen e sanksioneve kund\u00ebr Rusis\u00eb p\u00ebr shkak t\u00eb agresionit t\u00eb saj kund\u00ebr Ukrain\u00ebs, nuk e njohin pavar\u00ebsin\u00eb e Kosov\u00ebs, jan\u00eb kund\u00ebrshtar\u00eb t\u00eb an\u00ebtar\u00ebsimit t\u00eb Malit t\u00eb Zi n\u00eb NATO, mohojn\u00eb gjenocidin n\u00eb Srebernic\u00eb dhe mb\u00ebshtesin kriminel\u00ebt e luft\u00ebs Radovan Karaxhi\u00e7 dhe Ratko Mlladi\u00e7 t\u00eb d\u00ebnuar n\u00eb Hag\u00eb\u201d.<\/em><\/p>\n\n\n\n<p>Ky \u00ebsht\u00eb riorganizimi i par\u00eb i qeveris\u00eb malazeze e cila u formua n\u00eb fund t\u00eb tetorit t\u00eb vitit t\u00eb kaluar, duke l\u00ebn\u00eb n\u00eb opozit\u00eb pas gati tre dekadash Partin\u00eb Demokratike t\u00eb Socialist\u00ebve t\u00eb ish presidentit Milo Gjukanovi\u00e7.<\/p>\n\n\n\n<p>Shtetet e Bashkuara kan\u00eb paralajm\u00ebruar vazhdimisht se partit\u00eb dhe udh\u00ebheq\u00ebsit q\u00eb kund\u00ebrshtojn\u00eb vlerat euroatlantike t\u00eb mos jen\u00eb pjes\u00eb e pushtetit. Nj\u00eb q\u00ebndrim t\u00eb ngjash\u00ebm kan\u00eb shprehur edhe institucionet evropiane.<\/p>\n\n\n\n<p>T\u00eb mart\u00ebn, ambasada amerikane n\u00eb Podgoric\u00eb shprehu shqet\u00ebsimin e saj me p\u00ebrb\u00ebrjen e re t\u00eb qeveris\u00eb.<\/p>\n\n\n\n<p>&#8220;<em>Jemi t\u00eb shqet\u00ebsuar p\u00ebr p\u00ebrfshirjen n\u00eb qeveri t\u00eb partive dhe udh\u00ebheq\u00ebsve q\u00eb nuk e d\u00ebnojn\u00eb agresionin rus n\u00eb Ukrain\u00eb, kund\u00ebrshtojn\u00eb sanksionet e Bashkimit Evropian kund\u00ebr Rusis\u00eb dhe veprimet e t\u00eb cil\u00ebve jan\u00eb n\u00eb kund\u00ebrshtim t\u00eb drejtp\u00ebrdrejt\u00eb me parimin e marr\u00ebdh\u00ebnieve t\u00eb mira fqinj\u00ebsore<\/em>&#8220;, tha ambasada amerikane n\u00eb nj\u00eb p\u00ebrgjigje p\u00ebr Z\u00ebrin e Amerik\u00ebs.<\/p>\n\n\n\n<p>\u201c<em>Si aleat dhe partner i ngusht\u00eb i Malit t\u00eb Zi, Shtetet e Bashkuara t\u00eb Amerik\u00ebs do t\u00eb vazhdojn\u00eb t\u00eb mb\u00ebshtesin dhe njohin veprimet konstruktive t\u00eb parlamentit dhe qeveris\u00eb, duke v\u00ebn\u00eb n\u00eb dukje aktivitete q\u00eb jan\u00eb n\u00eb kund\u00ebrshtim me vlerat euroatlantike dhe rrezikojn\u00eb p\u00ebrparimin e preksh\u00ebm drejt integrimit n\u00eb Bashkimin Evropian<\/em>\u201d, thuhet n\u00eb deklarat\u00ebn e ambasad\u00ebs amerikane, duke u b\u00ebr\u00eb thirrje qeveria dhe deputet\u00ebve t\u00eb q\u00ebndrojn\u00eb t\u00eb p\u00ebrqendruar n\u00eb q\u00ebllimin e p\u00ebrbashk\u00ebt t\u00eb an\u00ebtar\u00ebsimit n\u00eb BE dhe t\u00eb shmangin \u00e7\u00ebshtjet q\u00eb nxisin p\u00ebr\u00e7arje.<\/p>\n\n\n\n<p>Para seanc\u00ebs s\u00eb parlamentit, presidenti malazez Jakov Milatovi\u00e7, tha se \u201c<em>Mali i Zi sot \u00ebsht\u00eb viktim\u00eb e tregtis\u00eb m\u00eb primitive politike dhe pap\u00ebrgjegjshm\u00ebris\u00eb q\u00eb kryeministri vazhdimisht e demonstron ndaj drejtimit t\u00eb vendit<\/em>\u201d.<\/p>\n\n\n\n<p>N\u00eb nj\u00eb postim n\u00eb platform\u00ebn e medieve sociale X, presidenti shkroi se \u201c<em>kur menduam q\u00eb asgj\u00eb nuk mund t\u00eb na befasoj\u00eb m\u00eb, sot jemi d\u00ebshmitar\u00eb t\u00eb nj\u00eb tjet\u00ebr mashtrimi dhe fyerjeje ndaj mendjes s\u00eb sh\u00ebndosh\u00eb t\u00eb qytetar\u00ebve t\u00eb Malit t\u00eb Zi. Pasi u b\u00eb e qart\u00eb p\u00ebr qytetar\u00ebt se ideja e ndryshimit \u00ebsht\u00eb tradhtuar, rr\u00ebnimi i jet\u00ebs politike dhe i proceseve demokratike vazhdon. Mostransparenca, mungesa e parimeve dhe tregtia me interesat shtet\u00ebrore, arrijn\u00eb kulmin me votimin e qeveris\u00eb m\u00eb t\u00eb madhe n\u00eb historin\u00eb e Malit t\u00eb Zi, q\u00ebllimi i s\u00eb cil\u00ebs \u00ebsht\u00eb mbrojtja e interesave individuale, e jo p\u00ebrmir\u00ebsimi i shoq\u00ebris\u00eb son\u00eb dhe rruga evropiane e vendit<\/em>\u201d.<\/p>\n\n\n\n<p>Mali i Zi, nj\u00eb vend an\u00ebtar i NATO-s q\u00eb nga viti 2017, konsiderohej si vendi m\u00eb i avancuar n\u00eb procesin e an\u00ebtar\u00ebsimit n\u00eb Bashkimin Evropian mes vendeve t\u00eb Ballkanit Per\u00ebndimor dhe ka hapur t\u00eb gjith\u00eb kapitujt n\u00eb negociatat p\u00ebr an\u00ebtar\u00ebsim.<\/p>\n\n\n\n<p>Por, p\u00ebr shkak t\u00eb kriz\u00ebs politike dhe institucionale, q\u00eb nga dhjetori vitit 2021 Mali i Zi nuk ka pasur nj\u00eb konferenc\u00eb nd\u00ebrqeveritare me BE-n\u00eb, p\u00ebr shkak t\u00eb p\u00ebrparimit t\u00eb pamjaftuesh\u00ebm n\u00eb reformat e nevojshme p\u00ebr procesin e an\u00ebtar\u00ebsimit. \/VOA\/<\/p>\n","protected":false},"excerpt":{"rendered":"<p>Partit\u00eb e ish Frontit Demokratik pro-rus dhe Partia Boshnjake, u b\u00ebn\u00eb pjes\u00eb e qeveris\u00eb s\u00eb Malit t\u00eb Zi, pasi parlamenti malazez miratoi t\u00eb mart\u00ebn me shumic\u00eb votash riorganizimin e saj, mes shqet\u00ebsimeve t\u00eb Shteteve t\u00eb Bashkuara, kund\u00ebrshtimit t\u00eb presidentit t\u00eb vendit dhe t\u00eb opozit\u00ebs. Partit\u00eb pro-ruse dhe pro-serbe do t\u00eb ken\u00eb dy poste z\u00ebvend\u00ebskryeministrash dhe [&hellip;]<\/p>\n","protected":false},"author":1,"featured_media":37760,"comment_status":"open","ping_status":"open","sticky":false,"template":"","format":"standard","meta":{"_seopress_robots_primary_cat":"none","_seopress_titles_title":"%%post_title%% %%sep%% %%sitetitle%%","_seopress_titles_desc":"%%post_excerpt%%","_seopress_robots_index":"","footnotes":""},"categories":[2,3,1],"tags":[],"class_list":["post-37778","post","type-post","status-publish","format-standard","has-post-thumbnail","hentry","category-aktualitet","category-politike","category-uncategorized"],"_links":{"self":[{"href":"https:\/\/ulqini-online.com\/sajti\/index.php?rest_route=\/wp\/v2\/posts\/37778","targetHints":{"allow":["GET"]}}],"collection":[{"href":"https:\/\/ulqini-online.com\/sajti\/index.php?rest_route=\/wp\/v2\/posts"}],"about":[{"href":"https:\/\/ulqini-online.com\/sajti\/index.php?rest_route=\/wp\/v2\/types\/post"}],"author":[{"embeddable":true,"href":"https:\/\/ulqini-online.com\/sajti\/index.php?rest_route=\/wp\/v2\/users\/1"}],"replies":[{"embeddable":true,"href":"https:\/\/ulqini-online.com\/sajti\/index.php?rest_route=%2Fwp%2Fv2%2Fcomments&post=37778"}],"version-history":[{"count":1,"href":"https:\/\/ulqini-online.com\/sajti\/index.php?rest_route=\/wp\/v2\/posts\/37778\/revisions"}],"predecessor-version":[{"id":37781,"href":"https:\/\/ulqini-online.com\/sajti\/index.php?rest_route=\/wp\/v2\/posts\/37778\/revisions\/37781"}],"wp:featuredmedia":[{"embeddable":true,"href":"https:\/\/ulqini-online.com\/sajti\/index.php?rest_route=\/wp\/v2\/media\/37760"}],"wp:attachment":[{"href":"https:\/\/ulqini-online.com\/sajti\/index.php?rest_route=%2Fwp%2Fv2%2Fmedia&parent=37778"}],"wp:term":[{"taxonomy":"category","embeddable":true,"href":"https:\/\/ulqini-online.com\/sajti\/index.php?rest_route=%2Fwp%2Fv2%2Fcategories&post=37778"},{"taxonomy":"post_tag","embeddable":true,"href":"https:\/\/ulqini-online.com\/sajti\/index.php?rest_route=%2Fwp%2Fv2%2Ftags&post=37778"}],"curies":[{"name":"wp","href":"https:\/\/api.w.org\/{rel}","templated":true}]}}