{"id":37774,"date":"2024-07-24T08:51:22","date_gmt":"2024-07-24T06:51:22","guid":{"rendered":"https:\/\/ulqini-online.com\/sajti\/?p=37774"},"modified":"2024-07-24T09:07:21","modified_gmt":"2024-07-24T07:07:21","slug":"termet-ne-shqiperi-ndjehet-ne-ulqin","status":"publish","type":"post","link":"https:\/\/ulqini-online.com\/sajti\/?p=37774","title":{"rendered":"T\u00ebrmet n\u00eb Shqip\u00ebri, ndjehet n\u00eb Ulqin"},"content":{"rendered":"<figure class=\"wp-block-post-featured-image\"><img loading=\"lazy\" decoding=\"async\" width=\"569\" height=\"450\" src=\"https:\/\/ulqini-online.com\/sajti\/wp-content\/uploads\/2014\/12\/Termeti-ulqin.gif\" class=\"attachment-post-thumbnail size-post-thumbnail wp-post-image\" alt=\"\" style=\"object-fit:cover;\" \/><\/figure>\n\n\n<p>Departamenti i Sizmologjis\u00eb i Institutit p\u00ebr Hidrometeorologji dhe Sizmologji ka regjistruar nj\u00eb t\u00ebrmet m\u00eb t\u00eb fort\u00eb n\u00eb or\u00ebn 02:42 t\u00eb m\u00ebngjesit, me epiqend\u00ebr 22 kilometra n\u00eb jugper\u00ebndim t\u00eb Medov\u00ebs (Shqip\u00ebri).<\/p>\n\n\n\n<p>Nj\u00eb t\u00ebrmet me magnitud\u00eb 4.5 ball\u00eb t\u00eb shkall\u00ebs Rihter \u00ebsht\u00eb ndjer\u00eb n\u00eb Ulqin. Shum\u00eb qytetar\u00eb n\u00ebp\u00ebrmjet rrjeteve sociale lajm\u00ebrojn\u00eb se \u00ebsht\u00eb ndjer\u00eb dhe i ka zgjuar nga gjumi, shkruan Ulqini Online.<\/p>\n\n\n\n<p>Epiqendra e t\u00ebrmetit ka qen\u00eb n\u00eb nj\u00eb thell\u00ebsi prej 10 km.<\/p>\n\n\n\n<p>Si\u00e7 thuhet n\u00eb njoftimin e Departamentit p\u00ebr Sizmologji t\u00eb Institutit p\u00ebr Hidrometeorologji dhe Sizmologji, t\u00ebrmeti mund t\u00eb ket\u00eb shkaktuar d\u00ebme materiale n\u00eb zon\u00ebn epiqendrore.<\/p>\n","protected":false},"excerpt":{"rendered":"<p>Departamenti i Sizmologjis\u00eb i Institutit p\u00ebr Hidrometeorologji dhe Sizmologji ka regjistruar nj\u00eb t\u00ebrmet m\u00eb t\u00eb fort\u00eb n\u00eb or\u00ebn 02:42 t\u00eb m\u00ebngjesit, me epiqend\u00ebr 22 kilometra n\u00eb jugper\u00ebndim t\u00eb Medov\u00ebs (Shqip\u00ebri). Nj\u00eb t\u00ebrmet me magnitud\u00eb 4.5 ball\u00eb t\u00eb shkall\u00ebs Rihter \u00ebsht\u00eb ndjer\u00eb n\u00eb Ulqin. Shum\u00eb qytetar\u00eb n\u00ebp\u00ebrmjet rrjeteve sociale lajm\u00ebrojn\u00eb se \u00ebsht\u00eb ndjer\u00eb dhe i ka [&hellip;]<\/p>\n","protected":false},"author":1,"featured_media":1051,"comment_status":"open","ping_status":"open","sticky":false,"template":"","format":"standard","meta":{"_seopress_robots_primary_cat":"none","_seopress_titles_title":"%%post_title%% %%sep%% %%sitetitle%%","_seopress_titles_desc":"%%post_excerpt%%","_seopress_robots_index":"","footnotes":""},"categories":[2,4],"tags":[],"class_list":["post-37774","post","type-post","status-publish","format-standard","has-post-thumbnail","hentry","category-aktualitet","category-kronike"],"_links":{"self":[{"href":"https:\/\/ulqini-online.com\/sajti\/index.php?rest_route=\/wp\/v2\/posts\/37774","targetHints":{"allow":["GET"]}}],"collection":[{"href":"https:\/\/ulqini-online.com\/sajti\/index.php?rest_route=\/wp\/v2\/posts"}],"about":[{"href":"https:\/\/ulqini-online.com\/sajti\/index.php?rest_route=\/wp\/v2\/types\/post"}],"author":[{"embeddable":true,"href":"https:\/\/ulqini-online.com\/sajti\/index.php?rest_route=\/wp\/v2\/users\/1"}],"replies":[{"embeddable":true,"href":"https:\/\/ulqini-online.com\/sajti\/index.php?rest_route=%2Fwp%2Fv2%2Fcomments&post=37774"}],"version-history":[{"count":1,"href":"https:\/\/ulqini-online.com\/sajti\/index.php?rest_route=\/wp\/v2\/posts\/37774\/revisions"}],"predecessor-version":[{"id":37777,"href":"https:\/\/ulqini-online.com\/sajti\/index.php?rest_route=\/wp\/v2\/posts\/37774\/revisions\/37777"}],"wp:featuredmedia":[{"embeddable":true,"href":"https:\/\/ulqini-online.com\/sajti\/index.php?rest_route=\/wp\/v2\/media\/1051"}],"wp:attachment":[{"href":"https:\/\/ulqini-online.com\/sajti\/index.php?rest_route=%2Fwp%2Fv2%2Fmedia&parent=37774"}],"wp:term":[{"taxonomy":"category","embeddable":true,"href":"https:\/\/ulqini-online.com\/sajti\/index.php?rest_route=%2Fwp%2Fv2%2Fcategories&post=37774"},{"taxonomy":"post_tag","embeddable":true,"href":"https:\/\/ulqini-online.com\/sajti\/index.php?rest_route=%2Fwp%2Fv2%2Ftags&post=37774"}],"curies":[{"name":"wp","href":"https:\/\/api.w.org\/{rel}","templated":true}]}}