{"id":3733,"date":"2015-06-02T16:47:56","date_gmt":"2015-06-02T14:47:56","guid":{"rendered":"http:\/\/ulqini-online.com\/sajti\/?p=3733"},"modified":"2015-06-02T16:53:06","modified_gmt":"2015-06-02T14:53:06","slug":"albanologu-shqiptar-proserb-nga-ulqini-mohon-historine-shqiptare-kosova-do-ti-kthehet-serbise","status":"publish","type":"post","link":"https:\/\/ulqini-online.com\/sajti\/?p=3733","title":{"rendered":"Albanologu shqiptar proserb nga Ulqini mohon historin\u00eb shqiptare: Kosova do t\u2019i kthehet Serbis\u00eb"},"content":{"rendered":"<p><a href=\"https:\/\/ulqini-online.com\/sajti\/wp-content\/uploads\/2015\/06\/kaplan-buroviq.jpg\"><img loading=\"lazy\" decoding=\"async\" class=\" size-medium wp-image-3735 alignleft\" src=\"https:\/\/ulqini-online.com\/sajti\/wp-content\/uploads\/2015\/06\/kaplan-buroviq-300x198.jpg\" alt=\"kaplan-buroviq\" width=\"300\" height=\"198\" srcset=\"https:\/\/ulqini-online.com\/sajti\/wp-content\/uploads\/2015\/06\/kaplan-buroviq-300x198.jpg 300w, https:\/\/ulqini-online.com\/sajti\/wp-content\/uploads\/2015\/06\/kaplan-buroviq.jpg 454w\" sizes=\"auto, (max-width: 300px) 100vw, 300px\" \/><\/a>Albanologu shqiptar nga Ulqini, Kapllan Resuli, por q\u00eb tani mban\u00eb mbiemrin Buroviq, n\u00eb nj\u00eb intervist\u00eb p\u00ebr mediat serbe, ka folur p\u00ebr prejardhjen e shqiptar\u00ebve dhe t\u00eb ardhmen e shtetit t\u00eb Kosov\u00ebs. Ajo q\u00eb e b\u00ebn\u00eb t\u00eb ve\u00e7ant\u00eb k\u00ebt\u00eb intervist\u00eb, \u00ebsht\u00eb fakti se ai ua ka kaluar edhe historian\u00ebve dhe intelektual\u00ebve serb, sa i p\u00ebrket mohimit t\u00eb historis\u00eb s\u00eb shqiptar\u00ebve<\/p>\n<p>Por kjo \u00e7far\u00eb thot\u00eb ai nuk duhet t\u2019i habit\u00eb shum\u00eb shqiptar\u00ebt, pasi ai s\u00eb fundi vet\u00ebn e tij m\u00eb nuk e konsideron shqiptar, por serb.<\/p>\n<p>Akademiku, Kaplan Buroviq, i lindur n\u00eb Ulqin, i cili p\u00ebr dekada t\u00eb t\u00ebra jeton n\u00eb Gjenev\u00eb t\u00eb Zvicr\u00ebs, ka folur p\u00ebr historin\u00eb e Ballkanit dhe n\u00eb ve\u00e7anti asaj t\u00eb shqiptar\u00ebve dhe t\u00eb Kosov\u00ebs, transmeton lajmi.net.<\/p>\n<p>Albanologu dhe ballkanologu, mohon pretendimet e shqiptar\u00ebve se jan\u00eb populli m\u00eb i vjet\u00ebr dhe se kan\u00eb origjin\u00eb Ilire.<\/p>\n<p>Burkoviq thot\u00eb se kjo tez\u00eb, jo vet\u00ebm q\u00eb shkenc\u00ebrisht nuk \u00ebsht\u00eb e bazuar, por p\u00ebrkundrazi shkenc\u00ebtar\u00ebt bot\u00ebror\u00eb kan\u00eb d\u00ebshmuar se Shqiptar\u00ebt nuk kan\u00eb kurrfar\u00eb lidhje me Ilir\u00ebt.<\/p>\n<p>Sipas tij, akademik\u00ebt austriak dhe profesor\u00ebt universitar Gustav \u00cbeigand, Gustav Meier dhe Norbert Jokl, por edhe shkenc\u00ebtar\u00ebt m\u00eb t\u00eb m\u00ebdhenj shqiptar Eqrem \u00c7abej, Aleks Buda, kryetar i Akademis\u00eb s\u00eb Shkencave t\u00eb Shqip\u00ebris\u00eb, Shaban Demiraj, kryetar i dyt\u00eb i Akademis\u00eb s\u00eb Shkencave t\u00eb Shqip\u00ebris\u00eb, jo vet\u00ebm q\u00eb e kan\u00eb pranuar q\u00eb shqiptar\u00ebt nuk jan\u00eb autokton apo me prejardhje Ilire, por edhe k\u00ebt\u00eb gj\u00eb e kan\u00eb d\u00ebshmuar n\u00eb studimet e tyre shkencore.<\/p>\n<p>\u201cK\u00ebshtu Qabej d\u00ebshmon se gjuha shqipe \u00ebsht\u00eb formuar n\u00eb Rumanin\u00eb e sotme, qysh n\u00eb shekullin e gjasht\u00eb, dhe se prej atje shqiptar\u00ebt kan\u00eb arritur qysh n\u00eb shekullin e dhjet\u00eb n\u00eb fush\u00ebn Mata mbi Tiran\u00eb. Prej aty jan\u00eb shp\u00ebrndar\u00eb n\u00eb t\u00eb gjitha an\u00ebt e Shqip\u00ebris\u00eb s\u00eb sotme, e cila n\u00eb at\u00eb koh\u00eb ishte e banuar kryesisht nga serb\u00ebt. Pas pushtimit turk, k\u00ebta shqiptar\u00eb kaluan edhe kufijt\u00eb e Shqip\u00ebris\u00eb s\u00eb sotme dhe do t\u00eb shkuan n\u00eb Serbi, Maqedoni dhe Mal t\u00eb Zi\u201d, ka th\u00ebn\u00eb Buroviq p\u00ebr t\u00eb p\u00ebrditshmen \u201cVecernje Novosti\u201d.<\/p>\n<p>\u201cAshtu si gjith\u00eb popujt e bot\u00ebs, edhe shqiptar\u00ebt kan\u00eb kultur\u00ebn e tyre, e cila \u00ebsht\u00eb e lidhur me Shqip\u00ebrin\u00eb e sotme, e jo p\u00ebr Kosov\u00ebn. Kjo kultur\u00eb daton nga fundi i mesjet\u00ebs, dhe n\u00eb shumic\u00ebn e rasteve e kan\u00eb krijuar t\u00eb huajt. Jasht\u00eb kufijve t\u00eb Shqip\u00ebris\u00eb e deri tek rr\u00ebnj\u00ebt e tyre, nuk kemi kultur\u00eb shqiptare. Libri i par\u00eb i botuar n\u00eb gjuh\u00ebn shqipe \u00ebsht\u00eb nga viti 1555, dhe at\u00eb e ka shkruar nj\u00eb kroat dhe \u00ebsht\u00eb botuar nga nj\u00eb sht\u00ebpi ortodokse e Malit t\u00eb Zi. Abetaren e par\u00eb shqipe e ka p\u00ebrpiluar nj\u00eb vllah me emrin Naum Veqilharxhi n\u00eb vitin 1844, derisa abetarja e par\u00eb pas \u00e7lirimit dhe shpalljes s\u00eb Shqip\u00ebris\u00eb shtet i pavarur n\u00eb vitin 1913, \u00ebsht\u00eb shtypur n\u00eb Serbi, dhe e ngarkuar n\u00eb kuaj \u00ebsht\u00eb transportuar n\u00eb Shqip\u00ebri\u201d.<\/p>\n<p>\u201cPjes\u00ebn m\u00eb t\u00eb madhe t\u00eb monumenteve kulturore i kan\u00eb nd\u00ebrtuar serb\u00ebt. Se ekzistojn\u00eb themelet e ndonj\u00eb kishe bizantine aty, kjo nuk do t\u00eb thot\u00eb se kishat e reja t\u00eb nd\u00ebrtuara jan\u00eb bizantine\u201d.<\/p>\n<p>\u201cEkziston mund\u00ebsia q\u00eb n\u00eb themelet e Kull\u00ebs s\u00eb Ajfellit n\u00eb Paris t\u00eb ket\u00eb qen\u00eb ndonj\u00eb nd\u00ebrtes\u00eb romake, por ajo prap\u00eb se prap\u00eb i takon francez\u00ebve. Pas Luft\u00ebs s\u00eb Par\u00eb Bot\u00ebrore, n\u00eb Kosov\u00eb ka pasur m\u00eb pak se 400.000 shqiptar\u00eb. Nd\u00ebrsa n\u00eb mes t\u00eb dy luft\u00ebrave n\u00eb ve\u00e7anti pas Luft\u00ebs s\u00eb Dyt\u00eb Bot\u00ebrore, numri i shqiptar\u00ebve \u00ebsht\u00eb rritur, por jo aq sa ata sot po e falsifikojn\u00eb. Si gjat\u00eb pushtimit turk, dhe m\u00eb von\u00eb e edhe sot, shqiptar\u00ebt jan\u00eb vendosur n\u00eb malet shqiptare n\u00eb Kosov\u00eb, sepse atje n\u00eb malet e tyre nuk ka pasur nga \u00e7far\u00eb t\u00eb jetojn\u00eb\u201d, thot\u00eb albanologu kontrovers.<\/p>\n<p>P\u00ebr ardhjen e shqiptar\u00ebve n\u00eb Ballkan ai thot\u00eb se ata aty erdh\u00ebn si pagan\u00eb, nd\u00ebrsa besimin krishter\u00eb e kan\u00eb marr\u00eb pjes\u00ebrisht nga serb\u00ebt dhe pjes\u00ebrisht nga Grek\u00ebt por vet\u00ebm sip\u00ebrfaq\u00ebsisht, sepse thell\u00eb n\u00eb shpirtin e tyre kan\u00eb vazhduar me paganiz\u00ebm.<\/p>\n<p>\u201cDeri n\u00eb vitin 1924 nuk kan\u00eb arritur t\u00eb krijojn\u00eb kish\u00ebn e tyre. Rrjedhimisht as nuk e kan\u00eb nd\u00ebrtuar kish\u00ebn. Aty ku kan\u00eb arritur i kan\u00eb minuar. Katolicizmin e kan\u00eb pranuar nga dioqeza e Barit dhe peshkop\u00ebt serb\u00eb. As shqiptar\u00ebt ortodoks as ata katolik\u00eb deri n\u00eb dit\u00ebt e sotme nuk kan\u00eb ndonj\u00eb shenjtor\u00eb t\u00eb tyre. T\u00eb gjith\u00eb shenjtor\u00ebve t\u00eb cil\u00ebt ata i luten jan\u00eb t\u00eb huaj\u201d.<\/p>\n<p>Ai thot\u00eb se \u201cKosova do t\u00eb kthehet n\u00eb krah\u00ebt e prind\u00ebrve t\u00eb saj Serbis\u00eb dhe at\u00eb s\u00eb shpejti, ndoshta edhe n\u00eb dit\u00ebt tona\u201d.<\/p>\n<p>Burkoviq flet edhe p\u00ebr Dimitrije Tucoviqin, dhe i thot\u00eb arsyet e tij, pse shqiptar\u00ebt e respektojn\u00eb at\u00eb.<\/p>\n<p>\u201cDimitrije Tucoviq \u00ebsht\u00eb nj\u00eb serb Social Demokrat i cilin n\u00eb vitin 1914 ka botuar n\u00eb Beograd nj\u00eb lib\u00ebr me titullin \u201cSerbia dhe Shqip\u00ebria\u201d. Ai ishte indoktrinuar me historin\u00eb e falsifikuar t\u00eb popullit shqiptar, k\u00ebshtu q\u00eb problemet serbo-shqiptare i ka trajtuar me k\u00ebto pozicione. Natyrisht se kjo u p\u00eblqen shqiptar\u00ebve, dhe p\u00ebr at\u00eb e \u201crespektojn\u00eb\u201d. N\u00eb shenj\u00eb mir\u00ebnjohjeje dhe respekti, po t\u00eb kishte r\u00ebn\u00eb n\u00eb duart e Enver Hoxh\u00ebs edhe at\u00eb do ta gjente belaja sikurse mua\u201d, thot\u00eb Burkoviq.<\/p>\n<p>Kaplan Buroviq \u00ebsht\u00eb albanolog, i cili sot jeton n\u00eb Gjenev\u00eb. Ka diplomuar albanologjin\u00eb n\u00eb Shkup dhe n\u00eb gjuh\u00ebn dhe let\u00ebrsin\u00eb shqipe n\u00eb Tiran\u00eb. P\u00ebr kritikat drejtuar Titizmit dhe Enverizmit ka vuajtur nj\u00eb koh\u00eb t\u00eb gjat\u00eb n\u00ebp\u00ebr burgje. Ka kaluar plot\u00eb 33 vite n\u00eb burgjet jugosllave dhe ato shqiptare. Ai ka t\u00eb botuara disa libra shkencor\u00eb. K\u00ebto dit\u00eb feston gjysm\u00eb shekulli q\u00eb nga publikimi i romani \u201cTradhtia\u201d, i cili p\u00ebrdoret n\u00eb librat shkollore n\u00eb Shqip\u00ebri. Para pes\u00eb viteve \u00ebsht\u00eb larguar nga Shqip\u00ebria dhe i \u00ebsht\u00eb b\u00ebr\u00eb serb, rr\u00ebnj\u00eb t\u00eb cilat thot\u00eb se i ka gjetur p\u00ebrmes k\u00ebrkimeve shkencore. (lajmi.net)<\/p>\n","protected":false},"excerpt":{"rendered":"<p>Albanologu shqiptar nga Ulqini, Kapllan Resuli, por q\u00eb tani mban\u00eb mbiemrin Buroviq, n\u00eb nj\u00eb intervist\u00eb p\u00ebr mediat serbe, ka folur p\u00ebr prejardhjen e shqiptar\u00ebve dhe t\u00eb ardhmen e shtetit t\u00eb Kosov\u00ebs. Ajo q\u00eb e b\u00ebn\u00eb t\u00eb ve\u00e7ant\u00eb k\u00ebt\u00eb intervist\u00eb, \u00ebsht\u00eb fakti se ai ua ka kaluar edhe historian\u00ebve dhe intelektual\u00ebve serb, sa i p\u00ebrket mohimit [&hellip;]<\/p>\n","protected":false},"author":1,"featured_media":3735,"comment_status":"open","ping_status":"open","sticky":false,"template":"","format":"standard","meta":{"_seopress_robots_primary_cat":"","_seopress_titles_title":"","_seopress_titles_desc":"","_seopress_robots_index":"","footnotes":""},"categories":[15],"tags":[],"class_list":["post-3733","post","type-post","status-publish","format-standard","has-post-thumbnail","hentry","category-portrete"],"_links":{"self":[{"href":"https:\/\/ulqini-online.com\/sajti\/index.php?rest_route=\/wp\/v2\/posts\/3733","targetHints":{"allow":["GET"]}}],"collection":[{"href":"https:\/\/ulqini-online.com\/sajti\/index.php?rest_route=\/wp\/v2\/posts"}],"about":[{"href":"https:\/\/ulqini-online.com\/sajti\/index.php?rest_route=\/wp\/v2\/types\/post"}],"author":[{"embeddable":true,"href":"https:\/\/ulqini-online.com\/sajti\/index.php?rest_route=\/wp\/v2\/users\/1"}],"replies":[{"embeddable":true,"href":"https:\/\/ulqini-online.com\/sajti\/index.php?rest_route=%2Fwp%2Fv2%2Fcomments&post=3733"}],"version-history":[{"count":2,"href":"https:\/\/ulqini-online.com\/sajti\/index.php?rest_route=\/wp\/v2\/posts\/3733\/revisions"}],"predecessor-version":[{"id":3736,"href":"https:\/\/ulqini-online.com\/sajti\/index.php?rest_route=\/wp\/v2\/posts\/3733\/revisions\/3736"}],"wp:featuredmedia":[{"embeddable":true,"href":"https:\/\/ulqini-online.com\/sajti\/index.php?rest_route=\/wp\/v2\/media\/3735"}],"wp:attachment":[{"href":"https:\/\/ulqini-online.com\/sajti\/index.php?rest_route=%2Fwp%2Fv2%2Fmedia&parent=3733"}],"wp:term":[{"taxonomy":"category","embeddable":true,"href":"https:\/\/ulqini-online.com\/sajti\/index.php?rest_route=%2Fwp%2Fv2%2Fcategories&post=3733"},{"taxonomy":"post_tag","embeddable":true,"href":"https:\/\/ulqini-online.com\/sajti\/index.php?rest_route=%2Fwp%2Fv2%2Ftags&post=3733"}],"curies":[{"name":"wp","href":"https:\/\/api.w.org\/{rel}","templated":true}]}}