{"id":37302,"date":"2024-05-29T12:33:39","date_gmt":"2024-05-29T10:33:39","guid":{"rendered":"https:\/\/ulqini-online.com\/sajti\/?p=37302"},"modified":"2024-05-29T12:40:11","modified_gmt":"2024-05-29T10:40:11","slug":"nimanbegu-zhvilloi-takim-me-nona-de-jonge-nga-mpj-te-mbreterise-se-holandes","status":"publish","type":"post","link":"https:\/\/ulqini-online.com\/sajti\/?p=37302","title":{"rendered":"Nimanbegu zhvilloi takim me Nona de Jonge nga MPJ t\u00eb Mbret\u00ebris\u00eb s\u00eb Holand\u00ebs"},"content":{"rendered":"<figure class=\"wp-block-post-featured-image\"><img loading=\"lazy\" decoding=\"async\" width=\"640\" height=\"417\" src=\"https:\/\/ulqini-online.com\/sajti\/wp-content\/uploads\/2024\/05\/Nimanbegu-takim-me-MPJ-te-Holandes.jpg\" class=\"attachment-post-thumbnail size-post-thumbnail wp-post-image\" alt=\"\" style=\"object-fit:cover;\" srcset=\"https:\/\/ulqini-online.com\/sajti\/wp-content\/uploads\/2024\/05\/Nimanbegu-takim-me-MPJ-te-Holandes.jpg 640w, https:\/\/ulqini-online.com\/sajti\/wp-content\/uploads\/2024\/05\/Nimanbegu-takim-me-MPJ-te-Holandes-300x195.jpg 300w\" sizes=\"auto, (max-width: 640px) 100vw, 640px\" \/><\/figure>\n\n\n<p>Kryetari i Forc\u00ebs s\u00eb Re Demokratike z. Genci Nimanbegu priti n\u00eb vizit\u00eb zyrtare koordinatoren Nona de Jonge nga Ministria e pun\u00ebve t\u00eb jashtme t\u00eb Mbret\u00ebris\u00eb s\u00eb Holand\u00ebs.<\/p>\n\n\n\n<p>Kryetari Nimanbegu njoftoj znj. De Jonge mbi aktivitetet dhe q\u00ebllimet e partis\u00eb n\u00eb nivel lokal dhe qendror, pozit\u00ebn e partive politike t\u00eb pakicave\u00a0 n\u00eb Mal t\u00eb Zi, thuhet n\u00eb kumtesen e Forc\u00ebs s\u00eb Re Demokratike, transmeton Ulqini Online.<\/p>\n\n\n\n<p>N\u00eb takim \u00ebsht\u00eb diskutuar mbi gjendjen lokale dhe mjedisin nd\u00ebretnik si\u00e7 \u00ebsht\u00eb Mali i Zi, me theks t\u00eb ve\u00e7ant\u00eb ndikimi i ngjarjeve rajonale n\u00eb shoq\u00ebrit\u00eb e vendeve t\u00eb Ballkanit.<\/p>\n\n\n\n<p>Poashtu \u00ebsht\u00eb folur mbi Ligjin zgjedhor i cili n\u00eb fakt nuk \u00ebsht\u00eb mjaft afirmativ dhe n\u00eb shum\u00eb raste nuk p\u00ebrfaq\u00ebson denj\u00ebsisht pakic\u00ebn komb\u00ebtare shqiptare n\u00eb Kuvendin e Malit t\u00eb Zi.<\/p>\n\n\n\n<p>Kryetari Nimanbegu fal\u00ebnderoi p\u00ebr vizit\u00eb znj. De Jonge dhe shprehi gatishm\u00ebrin\u00eb p\u00ebr bashk\u00ebpunim t\u00eb m\u00ebtejsh\u00ebm n\u00eb t\u00eb ardhmen, p\u00ebrfundion kumtes\u00ebn Forca e Re Demokratike.<\/p>\n","protected":false},"excerpt":{"rendered":"<p>Kryetari i Forc\u00ebs s\u00eb Re Demokratike z. Genci Nimanbegu priti n\u00eb vizit\u00eb zyrtare koordinatoren Nona de Jonge nga Ministria e pun\u00ebve t\u00eb jashtme t\u00eb Mbret\u00ebris\u00eb s\u00eb Holand\u00ebs. Kryetari Nimanbegu njoftoj znj. De Jonge mbi aktivitetet dhe q\u00ebllimet e partis\u00eb n\u00eb nivel lokal dhe qendror, pozit\u00ebn e partive politike t\u00eb pakicave\u00a0 n\u00eb Mal t\u00eb Zi, thuhet [&hellip;]<\/p>\n","protected":false},"author":1,"featured_media":37305,"comment_status":"open","ping_status":"open","sticky":false,"template":"","format":"standard","meta":{"_seopress_robots_primary_cat":"none","_seopress_titles_title":"%%post_title%% %%sep%% %%sitetitle%%","_seopress_titles_desc":"%%post_excerpt%%","_seopress_robots_index":"","footnotes":""},"categories":[2,3],"tags":[205],"class_list":["post-37302","post","type-post","status-publish","format-standard","has-post-thumbnail","hentry","category-aktualitet","category-politike","tag-genci-nimanbegu"],"_links":{"self":[{"href":"https:\/\/ulqini-online.com\/sajti\/index.php?rest_route=\/wp\/v2\/posts\/37302","targetHints":{"allow":["GET"]}}],"collection":[{"href":"https:\/\/ulqini-online.com\/sajti\/index.php?rest_route=\/wp\/v2\/posts"}],"about":[{"href":"https:\/\/ulqini-online.com\/sajti\/index.php?rest_route=\/wp\/v2\/types\/post"}],"author":[{"embeddable":true,"href":"https:\/\/ulqini-online.com\/sajti\/index.php?rest_route=\/wp\/v2\/users\/1"}],"replies":[{"embeddable":true,"href":"https:\/\/ulqini-online.com\/sajti\/index.php?rest_route=%2Fwp%2Fv2%2Fcomments&post=37302"}],"version-history":[{"count":1,"href":"https:\/\/ulqini-online.com\/sajti\/index.php?rest_route=\/wp\/v2\/posts\/37302\/revisions"}],"predecessor-version":[{"id":37306,"href":"https:\/\/ulqini-online.com\/sajti\/index.php?rest_route=\/wp\/v2\/posts\/37302\/revisions\/37306"}],"wp:featuredmedia":[{"embeddable":true,"href":"https:\/\/ulqini-online.com\/sajti\/index.php?rest_route=\/wp\/v2\/media\/37305"}],"wp:attachment":[{"href":"https:\/\/ulqini-online.com\/sajti\/index.php?rest_route=%2Fwp%2Fv2%2Fmedia&parent=37302"}],"wp:term":[{"taxonomy":"category","embeddable":true,"href":"https:\/\/ulqini-online.com\/sajti\/index.php?rest_route=%2Fwp%2Fv2%2Fcategories&post=37302"},{"taxonomy":"post_tag","embeddable":true,"href":"https:\/\/ulqini-online.com\/sajti\/index.php?rest_route=%2Fwp%2Fv2%2Ftags&post=37302"}],"curies":[{"name":"wp","href":"https:\/\/api.w.org\/{rel}","templated":true}]}}