{"id":37278,"date":"2024-05-27T13:05:49","date_gmt":"2024-05-27T11:05:49","guid":{"rendered":"https:\/\/ulqini-online.com\/sajti\/?p=37278"},"modified":"2024-05-27T13:06:08","modified_gmt":"2024-05-27T11:06:08","slug":"kosova-merr-statusin-e-anetarit-te-asociuar-ne-asamblene-parlamentare-te-nato-s","status":"publish","type":"post","link":"https:\/\/ulqini-online.com\/sajti\/?p=37278","title":{"rendered":"Kosova merr statusin e an\u00ebtarit t\u00eb asociuar n\u00eb Asamblen\u00eb Parlamentare t\u00eb NATO-s"},"content":{"rendered":"<figure class=\"wp-block-post-featured-image\"><img loading=\"lazy\" decoding=\"async\" width=\"640\" height=\"375\" src=\"https:\/\/ulqini-online.com\/sajti\/wp-content\/uploads\/2024\/03\/asambleja-parlamentare-nato.jpg\" class=\"attachment-post-thumbnail size-post-thumbnail wp-post-image\" alt=\"\" style=\"object-fit:cover;\" srcset=\"https:\/\/ulqini-online.com\/sajti\/wp-content\/uploads\/2024\/03\/asambleja-parlamentare-nato.jpg 640w, https:\/\/ulqini-online.com\/sajti\/wp-content\/uploads\/2024\/03\/asambleja-parlamentare-nato-300x176.jpg 300w\" sizes=\"auto, (max-width: 640px) 100vw, 640px\" \/><\/figure>\n\n\n<p>Kuvendi i Republik\u00ebs s\u00eb Kosov\u00ebs ka marr\u00eb statusin e an\u00ebtarit t\u00eb asociuar n\u00eb Asamblen\u00eb Parlamentare t\u00eb NATO-s t\u00eb h\u00ebn\u00ebn.\u00a0<\/p>\n\n\n\n<p>Shumica e vendeve kan\u00eb votuar p\u00ebr, nj\u00eb vot\u00eb ka qen\u00eb kund\u00ebr dhe 14 vende tjera kan\u00eb abstenuar, n\u00eb takimin e Asambles\u00eb, q\u00eb po mbahet n\u00eb Sofje t\u00eb Bullgaris\u00eb.<\/p>\n\n\n\n<p>Ky vendim \u00ebsht\u00eb marr\u00eb nga Asambleja Parlamentare e NATO-s m\u00eb 27 maj 2024, ka njoftuar deputeti i L\u00ebvizjes Vet\u00ebvendosje, Driton Hyseni.<\/p>\n\n\n\n<p>\u201cAvancimi i statusit vjen pas disa viteve t\u00eb bashk\u00ebpunimit t\u00eb shk\u00eblqyesh\u00ebm mes Kuvendit t\u00eb Republik\u00ebs s\u00eb Kosov\u00ebs dhe Asambles\u00eb Parlamentare t\u00eb NATO-s. Nga qershori i vitit 2014, ne p\u00ebrfaq\u00ebsoheshim si delegacion v\u00ebzhgues\u201d, ka shkruar Hyseni n\u00eb\u00a0Facebook, i cili \u00ebsht\u00eb edhe Kryesues i Delegacionit t\u00eb Kosov\u00ebs n\u00eb Asamblen\u00eb Parlamentare t\u00eb NATO-s.<\/p>\n\n\n\n<p>Ai ka shtuar se letrat e shumta dhe p\u00ebrpjekjet e vazhdueshme t\u00eb delegacionit t\u00eb Serbis\u00eb, por edhe t\u00eb akter\u00ebve tjer\u00eb politik\u00eb n\u00eb Beograd nuk ja dol\u00ebn t\u00eb ndalin Kosov\u00ebn drejt avancimit t\u00eb statusit.<\/p>\n\n\n\n<p>Vendimin e s\u00eb h\u00ebn\u00ebs e ka mir\u00ebpritur presidentja Vjosa Osmani. P\u00ebrmes nj\u00eb postimi n\u00eb platform\u00ebn \u201cX\u201d, Osmani ka th\u00ebn\u00eb se NATO-ja \u00ebsht\u00eb fati i Kosov\u00ebs dhe kjo l\u00ebvizje do t\u00eb siguroj\u00eb q\u00eb z\u00ebri i njer\u00ebzve m\u00eb pro NATO-s n\u00eb bot\u00eb t\u00eb d\u00ebgjohet.<\/p>\n\n\n\n<p>\u201cDo t\u00eb vazhdojm\u00eb p\u00ebrpjekjet tona s\u00eb bashku me aleat\u00ebt tan\u00eb p\u00ebr t\u00eb \u00e7uar p\u00ebrpara edhe rrug\u00ebn ton\u00eb drejt an\u00ebtar\u00ebsimit n\u00eb NATO\u201d, ka shkruar ajo.&nbsp;<\/p>\n\n\n\n<p>Edhe ministri i Mbrojtjes, Ejup Maqedonci, e ka mir\u00ebpritur k\u00ebt\u00eb vendim t\u00eb Asambles\u00eb Parlamentare t\u00eb NATO-s, duke th\u00ebn\u00eb se nga tani Kosova do t\u00eb ket\u00eb t\u00eb drejt\u00eb propozimi e komentimi t\u00eb \u00e7do procesi apo dokumenti q\u00eb trajtohet nga Asambleja e NATO-s.<\/p>\n\n\n\n<p>\u201cMe k\u00ebt\u00eb vendim Kosova \u00ebsht\u00eb vet\u00ebm nj\u00eb hap&nbsp;larg&nbsp;an\u00ebtar\u00ebsimit me t\u00eb drejta t\u00eb plota n\u00eb Asamblen\u00eb Parlamentare t\u00eb NATO-s, gj\u00eb q\u00eb sigurisht se do t\u00eb ndikoj\u00eb n\u00eb stabilitetin e Ballkanit\u201d, ka shtuar ai.&nbsp;<\/p>\n\n\n\n<p><strong>\u00c7far\u00eb \u00ebsht\u00eb Asambleja Parlamentare e NATO-s?<\/strong><\/p>\n\n\n\n<p>Asambleja Parlamentare e NATO-s \u00ebsht\u00eb institucionalisht e ndar\u00eb nga NATO-ja, por sh\u00ebrben si nj\u00eb lidhje e r\u00ebnd\u00ebsishme mes NATO-s dhe parlamenteve t\u00eb vendeve an\u00ebtare.<\/p>\n\n\n\n<p>Ajo p\u00ebrb\u00ebhet nga 281 delegat\u00eb nga t\u00eb 32 vendet an\u00ebtare t\u00eb NATO-s.<\/p>\n\n\n\n<p>P\u00ebrve\u00e7&nbsp;tyre, n\u00eb aktivitete t\u00eb saj marrin pjes\u00eb edhe delegat\u00eb nga 9 vende t\u00eb asocuara, 4 vende t\u00eb asocuara mesdhetare, si dhe 8 delegacione v\u00ebzhguese parlamentare.<\/p>\n\n\n\n<p>An\u00ebtar\u00ebt e asocuar mund t\u00eb paraqesin rezoluta dhe ndryshime n\u00eb rezoluta. Gjithashtu, mund t\u00eb sh\u00ebrbejn\u00eb si raportues special\u00eb t\u00eb asocuar n\u00eb komitete, p\u00ebr t\u00eb paraqitur perspektivat e&nbsp;tyre&nbsp;n\u00eb raportet NATO-Asamble Parlamentare.<\/p>\n\n\n\n<p>Megjithat\u00eb, ata nuk kan\u00eb t\u00eb drejt\u00eb t\u00eb votojn\u00eb p\u00ebr raportet, rezolutat apo udh\u00ebheqjen e Asambles\u00eb dhe as nuk kontribuojn\u00eb n\u00eb buxhetin e saj.<\/p>\n\n\n\n<p>Aktualisht, an\u00ebtare t\u00eb asocuara jan\u00eb n\u00ebnt\u00eb &#8211; n\u00eb mesin e&nbsp;tyre&nbsp;edhe&nbsp;Serbia&nbsp;dhe Bosnje e Hercegovina.<\/p>\n\n\n\n<p>Kuvendi i Kosov\u00ebs, prej vitesh, \u00ebsht\u00eb delegacion v\u00ebzhgues me dy ul\u00ebse. Tani, me avancimin e statusit do t\u00eb mund t\u00eb zgjerohet edhe delegacioni pjes\u00ebmarr\u00ebs kosovar. \/Koha Net\/<\/p>\n","protected":false},"excerpt":{"rendered":"<p>Kuvendi i Republik\u00ebs s\u00eb Kosov\u00ebs ka marr\u00eb statusin e an\u00ebtarit t\u00eb asociuar n\u00eb Asamblen\u00eb Parlamentare t\u00eb NATO-s t\u00eb h\u00ebn\u00ebn.\u00a0 Shumica e vendeve kan\u00eb votuar p\u00ebr, nj\u00eb vot\u00eb ka qen\u00eb kund\u00ebr dhe 14 vende tjera kan\u00eb abstenuar, n\u00eb takimin e Asambles\u00eb, q\u00eb po mbahet n\u00eb Sofje t\u00eb Bullgaris\u00eb. Ky vendim \u00ebsht\u00eb marr\u00eb nga Asambleja Parlamentare e [&hellip;]<\/p>\n","protected":false},"author":1,"featured_media":36870,"comment_status":"open","ping_status":"open","sticky":false,"template":"","format":"standard","meta":{"_seopress_robots_primary_cat":"none","_seopress_titles_title":"%%post_title%% %%sep%% %%sitetitle%%","_seopress_titles_desc":"%%post_excerpt%%","_seopress_robots_index":"","footnotes":""},"categories":[2,10],"tags":[],"class_list":["post-37278","post","type-post","status-publish","format-standard","has-post-thumbnail","hentry","category-aktualitet","category-rajoni"],"_links":{"self":[{"href":"https:\/\/ulqini-online.com\/sajti\/index.php?rest_route=\/wp\/v2\/posts\/37278","targetHints":{"allow":["GET"]}}],"collection":[{"href":"https:\/\/ulqini-online.com\/sajti\/index.php?rest_route=\/wp\/v2\/posts"}],"about":[{"href":"https:\/\/ulqini-online.com\/sajti\/index.php?rest_route=\/wp\/v2\/types\/post"}],"author":[{"embeddable":true,"href":"https:\/\/ulqini-online.com\/sajti\/index.php?rest_route=\/wp\/v2\/users\/1"}],"replies":[{"embeddable":true,"href":"https:\/\/ulqini-online.com\/sajti\/index.php?rest_route=%2Fwp%2Fv2%2Fcomments&post=37278"}],"version-history":[{"count":1,"href":"https:\/\/ulqini-online.com\/sajti\/index.php?rest_route=\/wp\/v2\/posts\/37278\/revisions"}],"predecessor-version":[{"id":37281,"href":"https:\/\/ulqini-online.com\/sajti\/index.php?rest_route=\/wp\/v2\/posts\/37278\/revisions\/37281"}],"wp:featuredmedia":[{"embeddable":true,"href":"https:\/\/ulqini-online.com\/sajti\/index.php?rest_route=\/wp\/v2\/media\/36870"}],"wp:attachment":[{"href":"https:\/\/ulqini-online.com\/sajti\/index.php?rest_route=%2Fwp%2Fv2%2Fmedia&parent=37278"}],"wp:term":[{"taxonomy":"category","embeddable":true,"href":"https:\/\/ulqini-online.com\/sajti\/index.php?rest_route=%2Fwp%2Fv2%2Fcategories&post=37278"},{"taxonomy":"post_tag","embeddable":true,"href":"https:\/\/ulqini-online.com\/sajti\/index.php?rest_route=%2Fwp%2Fv2%2Ftags&post=37278"}],"curies":[{"name":"wp","href":"https:\/\/api.w.org\/{rel}","templated":true}]}}