{"id":3719,"date":"2015-06-02T09:52:48","date_gmt":"2015-06-02T07:52:48","guid":{"rendered":"http:\/\/ulqini-online.com\/sajti\/?p=3719"},"modified":"2015-06-02T10:07:46","modified_gmt":"2015-06-02T08:07:46","slug":"dita-nderkombetare-e-femijeve-festohet-edhe-ne-guci","status":"publish","type":"post","link":"https:\/\/ulqini-online.com\/sajti\/?p=3719","title":{"rendered":"Dita Nd\u00ebrkomb\u00ebtare e F\u00ebmij\u00ebve  festohet edhe n\u00eb Guci"},"content":{"rendered":"<p><a href=\"https:\/\/ulqini-online.com\/sajti\/wp-content\/uploads\/2015\/06\/dita-e-femijeve-guci-2.jpg\"><img loading=\"lazy\" decoding=\"async\" class=\" size-medium wp-image-3723 alignleft\" src=\"https:\/\/ulqini-online.com\/sajti\/wp-content\/uploads\/2015\/06\/dita-e-femijeve-guci-2-300x250.jpg\" alt=\"dita-e-femijeve-guci-2\" width=\"300\" height=\"250\" srcset=\"https:\/\/ulqini-online.com\/sajti\/wp-content\/uploads\/2015\/06\/dita-e-femijeve-guci-2-300x250.jpg 300w, https:\/\/ulqini-online.com\/sajti\/wp-content\/uploads\/2015\/06\/dita-e-femijeve-guci-2.jpg 601w\" sizes=\"auto, (max-width: 300px) 100vw, 300px\" \/><\/a>Shkruan: Esad Gjonbalaj<\/p>\n<p>Fillimisht f\u00ebmij\u00ebt shqiptar jan\u00eb tubuar te shkolla\u00a0 ,pastaj kan\u00eb defiluar ne qytet duke sh\u00ebtitur nga shkolla\u00a0 gjer\u00a0 tek Sht\u00ebpia e Kultur\u00ebs se Gucis\u00eb\u00a0 F\u00ebmija kane qen\u00eb te veshur me rroba te ndryshme disa me veshje\u00a0 komb\u00ebtare, nd\u00ebrkaq disa f\u00ebmij\u00eb\u00a0 me\u00a0 ne rroba moderne. Gjate mbajtjes se k\u00ebtij aktiviteti salla e sht\u00ebpis\u00eb se kultur\u00ebs ishte e mbushur p\u00ebrplot me prind\u00ebr dhe f\u00ebmij\u00eb.<\/p>\n<p>Kjo dit\u00eb \u00ebsht\u00eb kthyer jo vet\u00ebm n\u00eb nj\u00eb dit\u00eb festive, por edhe n\u00eb nj\u00eb dit\u00eb sensibilizimi, p\u00ebr t\u2019i th\u00ebn\u00eb jo dhun\u00ebs dhe abuzimit ndaj f\u00ebmij\u00ebve. \u00cbsht\u00eb dita kur vet\u00eb f\u00ebmij\u00ebt ngren\u00eb z\u00ebrin p\u00ebr t\u00eb drejtat e tyre, por n\u00eb ndryshim nga t\u00eb rriturit, protesta e tyre b\u00ebhet me loj\u00ebra festive. Nj\u00eb kontribut te shk\u00eblqyer p\u00ebr organizimin e sot\u00ebm ne Guci dhan\u00eb m\u00ebsuesit\u00a0 e shkoll\u00ebs ne gjuhen shqipe Arbenita Vukaj , Af\u00ebrdita Lecaj, Arbnore Rugova, Shkresa Hasangjekaj ,Veton Prelvukaj dhe edukatorja e \u00e7erdhes Gjyke Novaj.<\/p>\n<p><a href=\"https:\/\/ulqini-online.com\/sajti\/wp-content\/uploads\/2015\/06\/dita-e-femijeve-guci-1.jpg\"><img loading=\"lazy\" decoding=\"async\" class=\"alignnone wp-image-3724 size-full\" src=\"https:\/\/ulqini-online.com\/sajti\/wp-content\/uploads\/2015\/06\/dita-e-femijeve-guci-1.jpg\" alt=\"dita-e-femijeve-guci-1\" width=\"743\" height=\"710\" \/><\/a><\/p>\n<p>N\u00eb fakt 1 Qershori e ka origjin\u00ebn nga Shtetet e Bashkuara dhe Kin\u00eb. N\u00eb vitin 1925, konsulli i p\u00ebrgjithsh\u00ebm kinez n\u00eb San Francisko mblodhi s\u00eb bashku nj\u00eb num\u00ebr t\u00eb konsideruesh\u00ebm f\u00ebmij\u00ebsh jetim\u00eb kinez\u00eb t\u00eb festonin n\u00eb festivalin e Anijes se Dragoit. Kjo gj\u00eb koincidoi t\u00eb ishte n\u00eb t\u00eb nj\u00ebjt\u00ebn dit\u00eb me konferenc\u00ebn n\u00eb fjal\u00eb.<\/p>\n<p><a href=\"https:\/\/ulqini-online.com\/sajti\/wp-content\/uploads\/2015\/06\/dita-e-femijeve-guci-2.jpg\"><img loading=\"lazy\" decoding=\"async\" class=\"aligncenter wp-image-3723 size-full\" src=\"https:\/\/ulqini-online.com\/sajti\/wp-content\/uploads\/2015\/06\/dita-e-femijeve-guci-2.jpg\" alt=\"dita-e-femijeve-guci-2\" width=\"601\" height=\"500\" srcset=\"https:\/\/ulqini-online.com\/sajti\/wp-content\/uploads\/2015\/06\/dita-e-femijeve-guci-2.jpg 601w, https:\/\/ulqini-online.com\/sajti\/wp-content\/uploads\/2015\/06\/dita-e-femijeve-guci-2-300x250.jpg 300w\" sizes=\"auto, (max-width: 601px) 100vw, 601px\" \/><\/a><\/p>\n<p>Festa e 1 Qershorit filloi t\u00eb festohet pas dy vitesh. Shum\u00eb vende t\u00eb bot\u00ebs e kan\u00eb pranuar at\u00eb si fest\u00ebn nd\u00ebrkomb\u00ebtare t\u00eb f\u00ebmij\u00ebve dhe realizojn\u00eb festime t\u00eb cilat kan\u00eb si q\u00ebllim t\u00eb rrisin v\u00ebmendjen n\u00eb drejtim t\u00eb mir\u00ebqenies se tyre.<\/p>\n","protected":false},"excerpt":{"rendered":"<p>Shkruan: Esad Gjonbalaj Fillimisht f\u00ebmij\u00ebt shqiptar jan\u00eb tubuar te shkolla\u00a0 ,pastaj kan\u00eb defiluar ne qytet duke sh\u00ebtitur nga shkolla\u00a0 gjer\u00a0 tek Sht\u00ebpia e Kultur\u00ebs se Gucis\u00eb\u00a0 F\u00ebmija kane qen\u00eb te veshur me rroba te ndryshme disa me veshje\u00a0 komb\u00ebtare, nd\u00ebrkaq disa f\u00ebmij\u00eb\u00a0 me\u00a0 ne rroba moderne. Gjate mbajtjes se k\u00ebtij aktiviteti salla e sht\u00ebpis\u00eb se [&hellip;]<\/p>\n","protected":false},"author":1,"featured_media":3723,"comment_status":"open","ping_status":"open","sticky":false,"template":"","format":"standard","meta":{"_seopress_robots_primary_cat":"","_seopress_titles_title":"","_seopress_titles_desc":"","_seopress_robots_index":"","footnotes":""},"categories":[2,6],"tags":[],"class_list":["post-3719","post","type-post","status-publish","format-standard","has-post-thumbnail","hentry","category-aktualitet","category-kulture"],"_links":{"self":[{"href":"https:\/\/ulqini-online.com\/sajti\/index.php?rest_route=\/wp\/v2\/posts\/3719","targetHints":{"allow":["GET"]}}],"collection":[{"href":"https:\/\/ulqini-online.com\/sajti\/index.php?rest_route=\/wp\/v2\/posts"}],"about":[{"href":"https:\/\/ulqini-online.com\/sajti\/index.php?rest_route=\/wp\/v2\/types\/post"}],"author":[{"embeddable":true,"href":"https:\/\/ulqini-online.com\/sajti\/index.php?rest_route=\/wp\/v2\/users\/1"}],"replies":[{"embeddable":true,"href":"https:\/\/ulqini-online.com\/sajti\/index.php?rest_route=%2Fwp%2Fv2%2Fcomments&post=3719"}],"version-history":[{"count":3,"href":"https:\/\/ulqini-online.com\/sajti\/index.php?rest_route=\/wp\/v2\/posts\/3719\/revisions"}],"predecessor-version":[{"id":3727,"href":"https:\/\/ulqini-online.com\/sajti\/index.php?rest_route=\/wp\/v2\/posts\/3719\/revisions\/3727"}],"wp:featuredmedia":[{"embeddable":true,"href":"https:\/\/ulqini-online.com\/sajti\/index.php?rest_route=\/wp\/v2\/media\/3723"}],"wp:attachment":[{"href":"https:\/\/ulqini-online.com\/sajti\/index.php?rest_route=%2Fwp%2Fv2%2Fmedia&parent=3719"}],"wp:term":[{"taxonomy":"category","embeddable":true,"href":"https:\/\/ulqini-online.com\/sajti\/index.php?rest_route=%2Fwp%2Fv2%2Fcategories&post=3719"},{"taxonomy":"post_tag","embeddable":true,"href":"https:\/\/ulqini-online.com\/sajti\/index.php?rest_route=%2Fwp%2Fv2%2Ftags&post=3719"}],"curies":[{"name":"wp","href":"https:\/\/api.w.org\/{rel}","templated":true}]}}