{"id":37130,"date":"2024-05-10T09:37:06","date_gmt":"2024-05-10T07:37:06","guid":{"rendered":"https:\/\/ulqini-online.com\/sajti\/?p=37130"},"modified":"2024-05-10T09:37:17","modified_gmt":"2024-05-10T07:37:17","slug":"dita-e-evropes-2024-dhe-shqiptaret","status":"publish","type":"post","link":"https:\/\/ulqini-online.com\/sajti\/?p=37130","title":{"rendered":"DITA E EVROP\u00cbS 2024 DHE SHQIPTAR\u00cbT"},"content":{"rendered":"<figure class=\"alignleft wp-block-post-featured-image\"><img loading=\"lazy\" decoding=\"async\" width=\"385\" height=\"316\" src=\"https:\/\/ulqini-online.com\/sajti\/wp-content\/uploads\/2014\/12\/Frank-shkreli.jpg\" class=\"attachment-post-thumbnail size-post-thumbnail wp-post-image\" alt=\"\" style=\"object-fit:cover;\" srcset=\"https:\/\/ulqini-online.com\/sajti\/wp-content\/uploads\/2014\/12\/Frank-shkreli.jpg 385w, https:\/\/ulqini-online.com\/sajti\/wp-content\/uploads\/2014\/12\/Frank-shkreli-300x246.jpg 300w, https:\/\/ulqini-online.com\/sajti\/wp-content\/uploads\/2014\/12\/Frank-shkreli-220x180.jpg 220w\" sizes=\"auto, (max-width: 385px) 100vw, 385px\" \/><\/figure>\n\n\n<p><strong>G\u00cbZUAR DIT\u00cbN E BASHKIMIT EVROP\u00cb, QOFT\u00cb EDHE PA SHQIP\u00cbRI E PA SHQIPTAR\u00cb!<\/strong><\/p>\n\n\n\n<p><strong>\u00a0Nga Frank Shkreli<\/strong><\/p>\n\n\n\n<p><a href=\"https:\/\/telegraf.al\/wp-content\/uploads\/2021\/10\/frankshkreli-2-2-1-2-1-1ffffffffffffff.jpg\"><\/a>&nbsp;9 Maji, 2024, sh\u00ebnon Dit\u00ebn e Evrop\u00ebs, p\u00ebrvjetorin e Deklart\u00ebs Schuman (9 Maj, 1950), 74-vjet m\u00eb par\u00eb, n\u00eb baz\u00eb t\u00eb cil\u00ebs \u00ebsht\u00eb themeluar Bashkimi Evropian (BE) \u2013 enti politik dhe ekonomik evropian q\u00eb njohim sot. &nbsp;Deklarata mban emrin e Robert Schuman, ish Ministrit t\u00eb Jasht\u00ebm t\u00eb Franc\u00ebs dhe ish-Presidentit t\u00eb Parlamentit Evropian, n\u00eb baz\u00eb t\u00eb cil\u00ebs, fillimisht, \u00e7oi n\u00eb themelimin e nj\u00eb tregu t\u00eb p\u00ebrbashk\u00ebt p\u00ebr qymyrin dhe \u00e7elikun evropian me q\u00ebllim p\u00ebr t\u00eb \u201cb\u00ebr\u00eb t\u00eb pamundur luft\u00ebn nga pik\u00ebpamja materiale\u201d, por q\u00eb m\u00eb von\u00eb e, gradualisht, kjo deklarat\u00eb \u00e7oi n\u00eb nj\u00eb bashkim politik dhe ekonomik m\u00eb t\u00eb gj\u00ebr\u00eb. Vendet themeluese t\u00eb k\u00ebtij enti t\u00eb ri politik dhe ekonomik n\u00eb kontinetin evropian ishin Belgjika, Franca, Italia, Luksemburgu dhe Holanda q\u00eb vendos\u00ebn themelet e para t\u00eb nj\u00eb organizate evropiane p\u00ebr nj\u00eb paq\u00eb t\u00eb qendrueshme dhe p\u00ebr nj\u00eb Evrop\u00eb t\u00eb bashkuar. Sot<\/p>\n\n\n\n<p>BE \u00ebsht\u00eb nj\u00eb ent politiko-ekonomik prej 27 vendesh an\u00ebtare me privilegje dhe p\u00ebrgjegj\u00ebsi, sipas traktave n\u00eb fuqi p\u00ebr antar\u00ebsim.<\/p>\n\n\n\n<p>G\u00ebzuar Dit\u00ebn t\u00ebnde t\u00eb Bashkimit dhe Paq\u00ebs, Evrop\u00eb \u2013 qoft\u00eb edhe pa Shqip\u00ebri e pa shqiptar\u00eb, n\u00eb radh\u00ebt tua. 74-vjetori i Deklarat\u00ebs s\u00eb Schumanit, 9 Maj, 2024, p\u00ebr fat t\u00eb keq, dhe p\u00ebr m\u00eb shum\u00eb se nj\u00eb shekull tanim\u00eb, gjen\u00eb Shqip\u00ebrin\u00eb, Kosov\u00ebn dhe shqiptar\u00ebt, ndon\u00ebse me dy shtete n\u00eb Ballkan, gjithnj\u00eb t\u00eb izoluar dhe t\u00eb p\u00ebrjashtuar nga Evropa e Bashkuar. &nbsp;Pothuaj, aq t\u00eb izoluar e t\u00eb p\u00ebrjashtuar nga Evropa ashtu si edhe 105-vjet m\u00eb par\u00eb kur At Gjergj Fishta i Kombit shqiptar n\u00eb Konferenc\u00ebn e Paq\u00ebs n\u00eb Paris (1919) iu ishte drejtuar para-ardh\u00ebsve p\u00ebrfaqsues t\u00eb shteteve evropiane &#8212; \u201cEvrop\u00ebs s\u00eb qytetnueme\u201d &#8212; si\u00e7 u \u00ebsht\u00eb drejtuar ai atyre me pak ironi n\u00eb fjalimin e tij klasik mbi t\u00eb drejtat e mohuara t\u00eb Kombit shqiptar.<\/p>\n\n\n\n<p>N\u00eb Dit\u00ebn e Evrop\u00ebs, 2024, po i kujtojm\u00eb \u201cEvrop\u00ebs s\u00eb Qytet\u00ebnueme\u201d, se 6 Maji sh\u00ebnoi dit\u00eblindjen e Heroit Komb\u00ebtar t\u00eb Shqiptar\u00ebve Gjergj Kastriotit -Skenderbe \u2013 \u201cMbrojt\u00ebsi i Qytet\u00ebrimit Evropian\u201d \u2013 i k\u00ebtij qytet\u00ebrimi q\u00eb shumica e shteteve evropiane g\u00ebzon sot, t\u00eb bashkuar, t\u00eb pavarur e t\u00eb lir\u00eb, por pa bashkatdhetar\u00ebt modern\u00eb t\u00eb Gjergj Kastriotit -Skenderbe n\u00eb mesin tuaj, si pjes\u00ebtar\u00eb t\u00eb k\u00ebtij bashkimi kombesh. \u201cMbrojt\u00ebsit t\u00eb Evrop\u00ebs\u201d\u2013 bashkatdhetar\u00ebt e t\u00eb cilit i mbani, sot e k\u00ebsaj dite, jasht\u00eb dhe t\u00eb p\u00ebrjashtuar nga radh\u00ebt e bashkimit tuaj.<\/p>\n\n\n\n<p>Megjith\u00ebse kan\u00eb kaluar disa shekuj, ia vlen ndoshta q\u00eb tu kujtojm\u00eb evropian\u00ebve modern\u00eb t\u00eb qytet\u00ebruar \u2013 n\u00eb k\u00ebt\u00eb dit\u00eb kushtuar Dit\u00ebs s\u00eb Evrop\u00ebs &#8212; se ata e g\u00ebzojn\u00eb at\u00eb qytet\u00ebrim sot, fal fitoreve t\u00eb Kryetrimit t\u00eb shqiptar\u00ebve, Gjergj Kastriotit-Skenderbe kund\u00ebr perandoris\u00eb osmane q\u00eb synonte pushtimin e Evrop\u00ebs s\u00eb asaj kohe \u2013 fitore t\u00eb cilat kishin marr\u00eb namin an\u00eb e mban\u00eb Evrop\u00ebs, duke e cil\u00ebsuar Skenderbeun si \u201cMbrojt\u00ebsi i Evrop\u00ebs\u201d, por q\u00eb sot jan\u00eb pothuaj jan\u00eb harruar nga evropian\u00ebt modern\u00eb.<\/p>\n\n\n\n<p>Mbrojt\u00ebsi i Evrop\u00ebs &#8212; Me k\u00ebt\u00eb em\u00ebr, Evropa e njofti dhe e trajtoi gjat\u00eb historis\u00eb deri n\u00eb dit\u00eb e sot\u00ebme nep\u00ebrmjet qindra sh n\u00eb gjuh\u00ebt kryesore evropiane, poema, filma e monumente an\u00eb e mban\u00eb kontinetit t\u00eb vjet\u00ebr. &nbsp;Vet\u00ebm dit\u00ebn e 6 majit, 2024, t\u00eb pak\u00ebn 5-6 monumente u ngrit\u00ebn an\u00eb e mban\u00eb Evrop\u00ebs, nga Italia, n\u00eb Gjakov\u00eb e deri n\u00eb Hungari, n\u00eb nder e kujtim t\u00eb Gjergj Kastriotit, Mbrojt\u00ebsit t\u00eb Evrop\u00ebs dhe Prijsit t\u00eb Shqiptar\u00ebve. \u201cFat i vet\u00ebm p\u00ebr \u00e7do burr t\u00eb madh lufte dhe i rrall\u00eb p\u00ebr burrat m\u00eb t\u00eb m\u00ebdhej t\u00eb \u00e7do kohe\u201d, do t\u00eb shprehej dikur, albanologu n\u00eb z\u00eb, At Zef Valentini n\u00eb nj\u00eb shkrim p\u00ebr fam\u00ebn e Gjergj Kastriotit n\u00eb Evrop\u00eb.<\/p>\n\n\n\n<p>Urime pra, Evrop\u00eb dit\u00ebn t\u00ebnde 2024, dit\u00ebn e bashkimit e t\u00eb paq\u00ebs, qoft\u00eb edhe pa Shqip\u00ebri e pa Shqiptar\u00eb n\u00eb radh\u00ebt tua, por me shpres\u00ebn q\u00eb n\u00eb nj\u00eb t\u00eb af\u00ebrme jo t\u00eb larg\u00ebt, t\u00eb hap\u00ebsh portat tua p\u00ebr shqiptar\u00ebt\u2013 porta t\u00eb cilat Gjergj Kastrioti -Skenderbeu i mbrojti nga hordhit\u00eb otomane n\u00eb koh\u00ebn e tij. Hapi portat sot Evrop\u00eb edhe p\u00ebr Shqip\u00ebrin\u00eb, Kosov\u00ebn e p\u00ebr Shqiptar\u00ebt, \u201csi nj\u00eb mund\u00ebsi e meritim q\u00eb shqiptar\u00ebt t\u00eb jen\u00eb element kuptimi dhe paqeje nd\u00ebrmjet fisesh e gjuh\u00ebsh t\u00eb ndryshme\u201d, t\u00eb Evrop\u00ebs. (Papa Pali i VI \u20131968).<\/p>\n\n\n\n<p>Shqiptar\u00ebt kan\u00eb dashur, historikisht dhe duan t\u00eb jen\u00eb, aktualisht, pjes\u00eb e Evrop\u00ebs s\u00eb bashkuar e t\u00eb lir\u00eb, jo vet\u00ebm gjeografikisht, an\u00ebtar\u00eb t\u00eb Bashkimit Evropian \u2013 pro-per\u00ebndimor me vlera, sjellje e kultur\u00eb, n\u00eb sht\u00ebpin\u00eb e p\u00ebrbashk\u00ebt t\u00eb quajtur Evrop\u00eb.<\/p>\n\n\n\n<p>Evropa e bashkuar dhe e lir\u00eb, n\u00eb k\u00ebt\u00eb dit\u00eb, duhet t\u00eb shfaq mir\u00ebnjohjen e saj p\u00ebr fitoret e Gjergj Kastriotit &#8211; Skenderbe, p\u00ebr sakrificat e r\u00ebnda t\u00eb shqiptar\u00ebve gjat\u00eb historis\u00eb, n\u00eb mbrojtje t\u00eb dyerve t\u00eb Evrop\u00ebs dhe qytet\u00ebrimit evropian nga sulmet e her\u00eb-pas-hershme nga perandoria osmane.&nbsp; Nd\u00ebrsa, Gjergj Kastrioti-Skenderbe u tregon shqiptar\u00ebve udh\u00ebn q\u00eb ata duhet t\u00eb ndjekin drejt\u00eb integrimit t\u00eb tyre n\u00eb Evrop\u00ebn e bashkuar e t\u00eb lir\u00eb.<\/p>\n","protected":false},"excerpt":{"rendered":"<p>G\u00cbZUAR DIT\u00cbN E BASHKIMIT EVROP\u00cb, QOFT\u00cb EDHE PA SHQIP\u00cbRI E PA SHQIPTAR\u00cb! \u00a0Nga Frank Shkreli &nbsp;9 Maji, 2024, sh\u00ebnon Dit\u00ebn e Evrop\u00ebs, p\u00ebrvjetorin e Deklart\u00ebs Schuman (9 Maj, 1950), 74-vjet m\u00eb par\u00eb, n\u00eb baz\u00eb t\u00eb cil\u00ebs \u00ebsht\u00eb themeluar Bashkimi Evropian (BE) \u2013 enti politik dhe ekonomik evropian q\u00eb njohim sot. &nbsp;Deklarata mban emrin e Robert [&hellip;]<\/p>\n","protected":false},"author":1,"featured_media":813,"comment_status":"open","ping_status":"open","sticky":false,"template":"","format":"standard","meta":{"_seopress_robots_primary_cat":"none","_seopress_titles_title":"%%post_title%% %%sep%% %%sitetitle%%","_seopress_titles_desc":"%%post_excerpt%%","_seopress_robots_index":"","footnotes":""},"categories":[2,12],"tags":[],"class_list":["post-37130","post","type-post","status-publish","format-standard","has-post-thumbnail","hentry","category-aktualitet","category-opinione"],"_links":{"self":[{"href":"https:\/\/ulqini-online.com\/sajti\/index.php?rest_route=\/wp\/v2\/posts\/37130","targetHints":{"allow":["GET"]}}],"collection":[{"href":"https:\/\/ulqini-online.com\/sajti\/index.php?rest_route=\/wp\/v2\/posts"}],"about":[{"href":"https:\/\/ulqini-online.com\/sajti\/index.php?rest_route=\/wp\/v2\/types\/post"}],"author":[{"embeddable":true,"href":"https:\/\/ulqini-online.com\/sajti\/index.php?rest_route=\/wp\/v2\/users\/1"}],"replies":[{"embeddable":true,"href":"https:\/\/ulqini-online.com\/sajti\/index.php?rest_route=%2Fwp%2Fv2%2Fcomments&post=37130"}],"version-history":[{"count":1,"href":"https:\/\/ulqini-online.com\/sajti\/index.php?rest_route=\/wp\/v2\/posts\/37130\/revisions"}],"predecessor-version":[{"id":37133,"href":"https:\/\/ulqini-online.com\/sajti\/index.php?rest_route=\/wp\/v2\/posts\/37130\/revisions\/37133"}],"wp:featuredmedia":[{"embeddable":true,"href":"https:\/\/ulqini-online.com\/sajti\/index.php?rest_route=\/wp\/v2\/media\/813"}],"wp:attachment":[{"href":"https:\/\/ulqini-online.com\/sajti\/index.php?rest_route=%2Fwp%2Fv2%2Fmedia&parent=37130"}],"wp:term":[{"taxonomy":"category","embeddable":true,"href":"https:\/\/ulqini-online.com\/sajti\/index.php?rest_route=%2Fwp%2Fv2%2Fcategories&post=37130"},{"taxonomy":"post_tag","embeddable":true,"href":"https:\/\/ulqini-online.com\/sajti\/index.php?rest_route=%2Fwp%2Fv2%2Ftags&post=37130"}],"curies":[{"name":"wp","href":"https:\/\/api.w.org\/{rel}","templated":true}]}}