{"id":37092,"date":"2024-05-05T09:41:13","date_gmt":"2024-05-05T07:41:13","guid":{"rendered":"https:\/\/ulqini-online.com\/sajti\/?p=37092"},"modified":"2024-05-05T09:45:54","modified_gmt":"2024-05-05T07:45:54","slug":"ne-ulqin-u-mbajt-kampi-edukativ-per-ceshtjet-e-identitetit","status":"publish","type":"post","link":"https:\/\/ulqini-online.com\/sajti\/?p=37092","title":{"rendered":"N\u00cb ULQIN U MBAJT KAMPI EDUKATIV P\u00cbR \u00c7\u00cbSHTJET E IDENTITETIT"},"content":{"rendered":"<figure class=\"wp-block-post-featured-image\"><img loading=\"lazy\" decoding=\"async\" width=\"800\" height=\"436\" src=\"https:\/\/ulqini-online.com\/sajti\/wp-content\/uploads\/2024\/05\/horizonti-ri-KAMPI-EDUKATIV-PER-CESHTJET-E-IDENTITETIT.jpg\" class=\"attachment-post-thumbnail size-post-thumbnail wp-post-image\" alt=\"\" style=\"object-fit:cover;\" srcset=\"https:\/\/ulqini-online.com\/sajti\/wp-content\/uploads\/2024\/05\/horizonti-ri-KAMPI-EDUKATIV-PER-CESHTJET-E-IDENTITETIT.jpg 800w, https:\/\/ulqini-online.com\/sajti\/wp-content\/uploads\/2024\/05\/horizonti-ri-KAMPI-EDUKATIV-PER-CESHTJET-E-IDENTITETIT-300x164.jpg 300w, https:\/\/ulqini-online.com\/sajti\/wp-content\/uploads\/2024\/05\/horizonti-ri-KAMPI-EDUKATIV-PER-CESHTJET-E-IDENTITETIT-768x419.jpg 768w\" sizes=\"auto, (max-width: 800px) 100vw, 800px\" \/><\/figure>\n\n\n<p>OJQ Horizonti i Ri k\u00ebto dit\u00eb po realizon projektin me titull <strong>&#8220;Edukimi mbi vlerat identitare&#8221;<\/strong>, i cili tubon t\u00eb rinjt\u00eb e shkollave t\u00eb mesme nga Plava e Gucia, Ulqini e Mal\u00ebsia p\u00ebr ndjekur nj\u00eb program t\u00eb ve\u00e7ant\u00eb t\u00eb edukimit joformal. N\u00eb fokus t\u00eb k\u00ebtij programi \u00ebsht\u00eb edhe kampi edukativ p\u00ebr t\u00eb drejtat e njeriut, lirit\u00eb dhe p\u00ebrgjegj\u00ebsit\u00eb e popujve pakic\u00eb. N\u00eb pjes\u00ebn teorike t\u00eb programit, nx\u00ebn\u00ebsit u njoh\u00ebn me konceptin e identitetit, sfidat n\u00eb ruajtjen e vlerave identitare p\u00ebr t\u00eb rinjt\u00eb shqiptar\u00eb n\u00eb Malin e Zi, paragjykimet dhe stereotipet q\u00eb lidhen me k\u00ebt\u00eb koncept. Ligj\u00ebrues n\u00eb k\u00ebt\u00eb program ishte gazetari <strong>Ismet Kallaba<\/strong>, kurse trajnere e sesionit <strong>Sabra Deceviq<\/strong>. &nbsp;<\/p>\n\n\n\n<p>P\u00ebrve\u00e7 sesioneve trajnuese, vijuesit e k\u00ebtij projekti realizuan edhe vizita studimore n\u00eb institucionet arsimore dhe kulturore si dhe t\u00eb monumenteve t\u00eb trash\u00ebgimis\u00eb kulturore t\u00eb qytetit t\u00eb Ulqinit. N\u00eb k\u00ebt\u00eb kuad\u00ebr, t\u00eb rinjt\u00eb pjes\u00ebmarr\u00ebs vizituan Bibliotek\u00ebn e Ulqinit, respektivisht K\u00ebndin p\u00ebr t\u00eb Rinj, ku u prit\u00ebn nga udh\u00ebheq\u00ebsja e k\u00ebtij institucioni znj. <strong>Ardita Rama<\/strong>.<\/p>\n\n\n\n<p>N\u00eb vazhdim t\u00eb k\u00ebtyre vizitave, nj\u00eb pritje e ve\u00e7ant\u00eb k\u00ebtyre t\u00eb rinjve iu rezervua n\u00eb Librarin\u00eb Ulqini nga kryetari i K\u00ebshillit Komb\u00ebtar t\u00eb Shqiptar\u00ebve n\u00eb Malin e Zi z. <strong>Faik Nika<\/strong> dhe drejtoresha e k\u00ebtij institucioni znjsh. <strong>Arlinda Osmani<\/strong>.&nbsp; Kampi edukativ i t\u00eb rinjve shqiptar\u00eb u finalizua me vizit\u00ebn e kompleksit muzeor n\u00eb Kalan\u00eb e Ulqinit, t\u00eb shoq\u00ebruar nga udh\u00ebheq\u00ebsi i k\u00ebtij kompleksi z. <strong>Gazmend Kova\u00e7i<\/strong>.<\/p>\n\n\n\n<p>Q\u00ebllimi specifik i k\u00ebtij projekti \u00ebsht\u00eb t\u00eb nd\u00ebrtoj\u00eb dhe forcoj\u00eb kompetencat e t\u00eb rinjve shqiptar\u00eb p\u00ebr ruajtjen dhe promovimin e vlerave t\u00eb tyre komb\u00ebtare, kulturore dhe t\u00eb tjera identitare, si dhe t\u00eb rris\u00eb aft\u00ebsin\u00eb e tyre p\u00ebr t\u00eb qen\u00eb promotor\u00eb t\u00eb antidiskriminimit dhe uljes s\u00eb distanc\u00ebs etnike. n\u00eb Mal t\u00eb Zi.<\/p>\n\n\n\n<p>Projekti realizohet me mb\u00ebshtetjen e <strong>Fondit p\u00ebr Mbrojtjen dhe Realizimin e t\u00eb Drejtave t\u00eb Pakicave n\u00eb Mal t\u00eb Zi.<\/strong><\/p>\n","protected":false},"excerpt":{"rendered":"<p>OJQ Horizonti i Ri k\u00ebto dit\u00eb po realizon projektin me titull &#8220;Edukimi mbi vlerat identitare&#8221;, i cili tubon t\u00eb rinjt\u00eb e shkollave t\u00eb mesme nga Plava e Gucia, Ulqini e Mal\u00ebsia p\u00ebr ndjekur nj\u00eb program t\u00eb ve\u00e7ant\u00eb t\u00eb edukimit joformal. N\u00eb fokus t\u00eb k\u00ebtij programi \u00ebsht\u00eb edhe kampi edukativ p\u00ebr t\u00eb drejtat e njeriut, lirit\u00eb [&hellip;]<\/p>\n","protected":false},"author":1,"featured_media":37095,"comment_status":"open","ping_status":"open","sticky":false,"template":"","format":"standard","meta":{"_seopress_robots_primary_cat":"none","_seopress_titles_title":"%%post_title%% %%sep%% %%sitetitle%%","_seopress_titles_desc":"%%post_excerpt%%","_seopress_robots_index":"","footnotes":""},"categories":[2,4],"tags":[3427,1280,3426,223],"class_list":["post-37092","post","type-post","status-publish","format-standard","has-post-thumbnail","hentry","category-aktualitet","category-kronike","tag-arlinda-osmani","tag-faik-nika","tag-gazmend-kovaci-2","tag-horizonti-i-ri"],"_links":{"self":[{"href":"https:\/\/ulqini-online.com\/sajti\/index.php?rest_route=\/wp\/v2\/posts\/37092","targetHints":{"allow":["GET"]}}],"collection":[{"href":"https:\/\/ulqini-online.com\/sajti\/index.php?rest_route=\/wp\/v2\/posts"}],"about":[{"href":"https:\/\/ulqini-online.com\/sajti\/index.php?rest_route=\/wp\/v2\/types\/post"}],"author":[{"embeddable":true,"href":"https:\/\/ulqini-online.com\/sajti\/index.php?rest_route=\/wp\/v2\/users\/1"}],"replies":[{"embeddable":true,"href":"https:\/\/ulqini-online.com\/sajti\/index.php?rest_route=%2Fwp%2Fv2%2Fcomments&post=37092"}],"version-history":[{"count":1,"href":"https:\/\/ulqini-online.com\/sajti\/index.php?rest_route=\/wp\/v2\/posts\/37092\/revisions"}],"predecessor-version":[{"id":37096,"href":"https:\/\/ulqini-online.com\/sajti\/index.php?rest_route=\/wp\/v2\/posts\/37092\/revisions\/37096"}],"wp:featuredmedia":[{"embeddable":true,"href":"https:\/\/ulqini-online.com\/sajti\/index.php?rest_route=\/wp\/v2\/media\/37095"}],"wp:attachment":[{"href":"https:\/\/ulqini-online.com\/sajti\/index.php?rest_route=%2Fwp%2Fv2%2Fmedia&parent=37092"}],"wp:term":[{"taxonomy":"category","embeddable":true,"href":"https:\/\/ulqini-online.com\/sajti\/index.php?rest_route=%2Fwp%2Fv2%2Fcategories&post=37092"},{"taxonomy":"post_tag","embeddable":true,"href":"https:\/\/ulqini-online.com\/sajti\/index.php?rest_route=%2Fwp%2Fv2%2Ftags&post=37092"}],"curies":[{"name":"wp","href":"https:\/\/api.w.org\/{rel}","templated":true}]}}