{"id":37087,"date":"2024-05-05T09:34:02","date_gmt":"2024-05-05T07:34:02","guid":{"rendered":"https:\/\/ulqini-online.com\/sajti\/?p=37087"},"modified":"2024-05-05T09:40:23","modified_gmt":"2024-05-05T07:40:23","slug":"pa-deputinizimin-e-serbise-nuk-ka-paqe-dhe-siguri-ne-ballkan","status":"publish","type":"post","link":"https:\/\/ulqini-online.com\/sajti\/?p=37087","title":{"rendered":"PA DEPUTINIZIMIN E SERBIS\u00cb, NUK KA PAQ\u00cb DHE SIGURI N\u00cb BALLKAN!"},"content":{"rendered":"<figure class=\"alignleft wp-block-post-featured-image\"><img loading=\"lazy\" decoding=\"async\" width=\"401\" height=\"300\" src=\"https:\/\/ulqini-online.com\/sajti\/wp-content\/uploads\/2015\/01\/Xheladin-zeneli.jpg\" class=\"attachment-post-thumbnail size-post-thumbnail wp-post-image\" alt=\"xheladin zeneli\" style=\"object-fit:cover;\" srcset=\"https:\/\/ulqini-online.com\/sajti\/wp-content\/uploads\/2015\/01\/Xheladin-zeneli.jpg 401w, https:\/\/ulqini-online.com\/sajti\/wp-content\/uploads\/2015\/01\/Xheladin-zeneli-300x224.jpg 300w\" sizes=\"auto, (max-width: 401px) 100vw, 401px\" \/><\/figure>\n\n\n<p>Nga Xheladin Zeneli<\/p>\n\n\n\n<p>Dit\u00eb m\u00eb par\u00eb u b\u00eb e njohur p\u00ebr publikun p\u00ebrb\u00ebrja e qeveris\u00eb s\u00eb re t\u00eb Serbis\u00eb, duke u paralajm\u00ebruar em\u00ebrimi i an\u00ebtar\u00ebve&nbsp; t\u00eb k\u00ebsaj qeverie e cila p\u00ebrfshin disa persona ultra nacionalist serb, idhtar\u00eb t\u00eb Rusis\u00eb s\u00eb Putinit t\u00eb cil\u00ebt promovojn\u00eb politikat ekspanzioniste serbomadhe dhe pro-ruse n\u00eb rajon , dy prej t\u00eb cil\u00ebve, Aleksand\u00ebr Vulin dhe Nenad Popoviq, p\u00ebr shkak t\u00eb lidhjeve me Rusin\u00eb, jan\u00eb n\u00eb \u201clist\u00ebn e zez\u00eb\u201d t\u00eb SHBA-ve.<\/p>\n\n\n\n<p>Kjo duhet&nbsp; t\u00eb jet\u00eb k\u00ebmban\u00eb e fort\u00eb&nbsp; alarmi p\u00ebr Bashkimin Europian ,SHBA-t\u00eb &nbsp;dhe bot\u00ebn p\u00ebrendimore si nj\u00eb mesazh shum\u00eb i qart\u00eb ndaj tyre se Serbia nuk ka nd\u00ebrmend jo vet\u00ebm q\u00eb t\u00eb nd\u00ebrroj orientimin e vet pro-rus por nj\u00ebkoh\u00ebsisht po angazhohet edhe m\u00eb shum\u00eb n\u00eb p\u00ebrforcimin e marr\u00ebdh\u00ebnieve me Kremlin-in.<\/p>\n\n\n\n<p>\u00cbsht\u00eb kjo Serbi e cila posa\u00e7\u00ebrisht nga koha e fillimit t\u00eb agresionit ushatarak t\u00eb Rusis\u00eb n\u00eb Ukrain\u00eb, ka pasur statusin e nj\u00eb vendi t\u00eb p\u00ebrkdhelur nga BE dhe P\u00ebrendimi, me q\u00ebllim q\u00eb ajo t\u00eb largohet apo t\u00eb distancohet nga ndikimi rus. Kjo deri m\u00eb tani nuk ka funksionuar, bile kjo politik\u00eb ka pasur efekte t\u00eb kund\u00ebrta, pasi q\u00eb Beogradi zyrtar dhe presidenti Vu\u00e7iq jan\u00eb b\u00ebr\u00eb m\u00eb agresiv ndaj vendeve t\u00eb saj fqinje, sidomos ndaj Kosov\u00ebs.N\u00eb an\u00ebn tjet\u00ebr, n\u00eb m\u00ebnyr\u00eb paradoksale, \u00ebsht\u00eb Kosova ajo e cila vazhdon t\u00eb jet\u00eb n\u00ebn masat nd\u00ebshkuese t\u00eb BE-s\u00eb p\u00ebr arsye absurde.<\/p>\n\n\n\n<p>Kosova- vendi i vij\u00ebs&nbsp; s\u00eb par\u00eb t\u00eb frontit kund\u00ebr ndikimit rus n\u00eb Ballkanin P\u00ebrendimor<\/p>\n\n\n\n<p>P\u00ebrendimi dhe Bashkimi Europian duhet medeomos t\u2019a ndryshojn\u00eb politik\u00ebn aktuale t\u00eb tyre deri sa nuk \u00ebsht\u00eb von\u00eb, duke filluar me trajtimin e&nbsp; Serbis\u00eb si aleat i Rusis\u00eb \u00e7ka n\u00ebnkupton&nbsp; zbatimin e nj\u00eb politike nd\u00ebshkuese ndaj saj, kurse Kosov\u00ebn ta trajtojn\u00eb si aleat i saj i vertet\u00eb dhe si vend i cili po e d\u00ebshmon vazhdimisht se \u00ebsht\u00eb n\u00eb vij\u00ebn e par\u00eb t\u00eb frontit kund\u00ebr ndikimit rus n\u00eb Ballkanin P\u00ebrendimor. Q\u00eb Kosova \u00ebsht\u00eb n\u00eb vij\u00ebn e par\u00eb t\u00eb k\u00ebtij fronti, e vertetoj d\u00ebshtimi i sulmit terrorist n\u00eb Banjsk\u00eb n\u00eb&nbsp; Shtatorin e vitit t\u00eb kaluar, me \u00e7\u2019rast grupi i armatosur paramilitar i Radoj\u00e7iq-it i organizuar nga Aleksand\u00ebr Vu\u00e7iq-i dhe me mb\u00ebshtetjen logjistike t\u00eb Rusis\u00eb, t\u00eb cil\u00ebt tentuan t\u00eb aneksojn\u00eb nj\u00eb pjes\u00eb t\u00eb veriut t\u00eb Kosov\u00ebs, u zbraps\u00ebn nga forcat speciale t\u00eb policis\u00eb s\u00eb Kosov\u00ebs. Pra d\u00ebshtimi i Serbis\u00eb n\u00eb Banjsk\u00eb ishte edhe d\u00ebshtimi i Rusis\u00eb.<\/p>\n\n\n\n<p>Agresioni i Rusis\u00eb&nbsp; n\u00eb Ukrain\u00eb ka nxjer\u00eb&nbsp; n\u00eb sip\u00ebrfaqe shum\u00eb gj\u00ebra, por \u00e7ka \u00ebsht\u00eb m\u00eb e r\u00ebnd\u00ebsishme \u00ebsht\u00eb ajo se&nbsp; diktatori i Kremlin-it, Vladimir Putin, p\u00ebrve\u00e7 Bellarusis\u00eb, ka edhe nj\u00eb mik dhe p\u00ebrkrah\u00ebs tjet\u00ebr n\u00eb Europ\u00eb dhe kjo \u00ebsht\u00eb Serbia e Aleksand\u00ebr Vu\u00e7iq-it.<\/p>\n\n\n\n<p>Derisa P\u00ebrendimi nuk p\u00ebrqendrohet n\u00eb deputinizimin dhe n\u00eb demillosheviqizimin e Serbis\u00eb, ky shtet, pra Serbia &nbsp;do t\u00eb vazhdojn\u00eb t\u00eb jet\u00eb k\u00ebrcnim i paq\u00ebs dhe stabilitetit n\u00eb Ballkan dhe nxit\u00ebsi kryesor i nj\u00eb lufte t\u00eb mundshme t\u00eb re n\u00eb rajon.<\/p>\n\n\n\n<p><\/p>\n","protected":false},"excerpt":{"rendered":"<p>Nga Xheladin Zeneli Dit\u00eb m\u00eb par\u00eb u b\u00eb e njohur p\u00ebr publikun p\u00ebrb\u00ebrja e qeveris\u00eb s\u00eb re t\u00eb Serbis\u00eb, duke u paralajm\u00ebruar em\u00ebrimi i an\u00ebtar\u00ebve&nbsp; t\u00eb k\u00ebsaj qeverie e cila p\u00ebrfshin disa persona ultra nacionalist serb, idhtar\u00eb t\u00eb Rusis\u00eb s\u00eb Putinit t\u00eb cil\u00ebt promovojn\u00eb politikat ekspanzioniste serbomadhe dhe pro-ruse n\u00eb rajon , dy prej t\u00eb [&hellip;]<\/p>\n","protected":false},"author":1,"featured_media":1270,"comment_status":"open","ping_status":"open","sticky":false,"template":"","format":"standard","meta":{"_seopress_robots_primary_cat":"none","_seopress_titles_title":"%%post_title%% %%sep%% %%sitetitle%%","_seopress_titles_desc":"%%post_excerpt%%","_seopress_robots_index":"","footnotes":""},"categories":[2,12],"tags":[],"class_list":["post-37087","post","type-post","status-publish","format-standard","has-post-thumbnail","hentry","category-aktualitet","category-opinione"],"_links":{"self":[{"href":"https:\/\/ulqini-online.com\/sajti\/index.php?rest_route=\/wp\/v2\/posts\/37087","targetHints":{"allow":["GET"]}}],"collection":[{"href":"https:\/\/ulqini-online.com\/sajti\/index.php?rest_route=\/wp\/v2\/posts"}],"about":[{"href":"https:\/\/ulqini-online.com\/sajti\/index.php?rest_route=\/wp\/v2\/types\/post"}],"author":[{"embeddable":true,"href":"https:\/\/ulqini-online.com\/sajti\/index.php?rest_route=\/wp\/v2\/users\/1"}],"replies":[{"embeddable":true,"href":"https:\/\/ulqini-online.com\/sajti\/index.php?rest_route=%2Fwp%2Fv2%2Fcomments&post=37087"}],"version-history":[{"count":2,"href":"https:\/\/ulqini-online.com\/sajti\/index.php?rest_route=\/wp\/v2\/posts\/37087\/revisions"}],"predecessor-version":[{"id":37091,"href":"https:\/\/ulqini-online.com\/sajti\/index.php?rest_route=\/wp\/v2\/posts\/37087\/revisions\/37091"}],"wp:featuredmedia":[{"embeddable":true,"href":"https:\/\/ulqini-online.com\/sajti\/index.php?rest_route=\/wp\/v2\/media\/1270"}],"wp:attachment":[{"href":"https:\/\/ulqini-online.com\/sajti\/index.php?rest_route=%2Fwp%2Fv2%2Fmedia&parent=37087"}],"wp:term":[{"taxonomy":"category","embeddable":true,"href":"https:\/\/ulqini-online.com\/sajti\/index.php?rest_route=%2Fwp%2Fv2%2Fcategories&post=37087"},{"taxonomy":"post_tag","embeddable":true,"href":"https:\/\/ulqini-online.com\/sajti\/index.php?rest_route=%2Fwp%2Fv2%2Ftags&post=37087"}],"curies":[{"name":"wp","href":"https:\/\/api.w.org\/{rel}","templated":true}]}}