{"id":35274,"date":"2023-07-17T08:35:34","date_gmt":"2023-07-17T06:35:34","guid":{"rendered":"https:\/\/ulqini-online.com\/sajti\/?p=35274"},"modified":"2023-07-17T08:37:12","modified_gmt":"2023-07-17T06:37:12","slug":"forca-denon-voten-kunder-qe-mali-i-zi-ndajrezolutes-e-cila-denon-urrejtjen-fetare","status":"publish","type":"post","link":"https:\/\/ulqini-online.com\/sajti\/?p=35274","title":{"rendered":"Forca d\u00ebnon vot\u00ebn kund\u00ebr t\u00eb Malit t\u00eb Zi ndaj Rezolut\u00ebs e cila d\u00ebnon urrejtjen fetare"},"content":{"rendered":"<figure class=\"wp-block-post-featured-image\"><img loading=\"lazy\" decoding=\"async\" width=\"231\" height=\"216\" src=\"https:\/\/ulqini-online.com\/sajti\/wp-content\/uploads\/2015\/01\/forca-logo.gif\" class=\"attachment-post-thumbnail size-post-thumbnail wp-post-image\" alt=\"\" style=\"object-fit:cover;\" \/><\/figure>\n\n\n<p>P\u00ebrse Mali i Zi votoi kund\u00ebr rezolut\u00ebs e cila d\u00ebnon djegien e librit t\u00eb shenjt\u00eb t\u00eb Kur\u2019anit? Q\u00ebndrimi i diplomacis\u00eb s\u00eb Malit t\u00eb Zi n\u00eb K\u00ebshillin p\u00ebr t\u00eb Drejtat e Njeriut e Kombeve t\u00eb Bashkuara (UNHRC) jo se habit, por \u00ebsht\u00eb zhg\u00ebnjyes dhe krejt\u00ebsisht i gabuesh\u00ebm dhe totalisht i d\u00ebmsh\u00ebm, k\u00ebshtu thuhet n\u00eb nj\u00eb kumtes\u00eb p\u00ebr opinion t\u00eb Forca s\u00eb Re Demokratike.<\/p>\n\n\n\n<p>Forca e Re Demokratike d\u00ebnon ashp\u00ebr votimin kund\u00ebr q\u00eb Mali i Zi nd\u00ebrmori me 12 korrik ndaj Rezolut\u00ebs e cila d\u00ebnon urrejtjen fetare q\u00eb p\u00ebrb\u00ebn nxitje p\u00ebr diskriminim, armiq\u00ebsi dhe dhun\u00eb.<\/p>\n\n\n\n<p>Diplomacia e cila ka Minist\u00ebr dhe Qeveri teknike b\u00ebri nj\u00eb gabim t\u00eb cilin as q\u00eb e kemi prit, por e cila nuk ka shpjegim racional.<\/p>\n\n\n\n<p>Votimi i till\u00eb tregon se si \u00ebsht\u00eb i katandisur sistemi qev\u00ebris\u00ebs nga kompromiset dhe populizmi ekstrem n\u00eb t\u00eb cilin mbijeton dit\u00ebt e veta n\u00eb pushtet.<\/p>\n\n\n\n<p>Mali i Zi \u00ebsht\u00eb shtet laik dhe votimi pro rezolut\u00ebs do kishte treguar se Mali i Zi qeveriset me frym\u00ebn e bashk\u00ebjet\u00ebs\u00ebs dhe toleranc\u00ebs fetare si vler\u00eb e \u00e7muar, e jo ndasi dashakeqe e shkurt\u00ebpam\u00ebse.<\/p>\n\n\n\n<p>Ritheksojm\u00eb q\u00eb Forca e Re Demokratike distancohet nga votimi turp\u00ebrues duke ve\u00e7uar at\u00eb q\u00eb kemi potencuar se qeverisja nuk don fjal\u00eb e llafe, por pun\u00eb, dituri e vepra, p\u00ebrfundon kumtesa p\u00ebr opinion t\u00eb Forc\u00ebs s\u00eb Re Demokratike.<\/p>\n\n\n\n<p><\/p>\n","protected":false},"excerpt":{"rendered":"<p>P\u00ebrse Mali i Zi votoi kund\u00ebr rezolut\u00ebs e cila d\u00ebnon djegien e librit t\u00eb shenjt\u00eb t\u00eb Kur\u2019anit? Q\u00ebndrimi i diplomacis\u00eb s\u00eb Malit t\u00eb Zi n\u00eb K\u00ebshillin p\u00ebr t\u00eb Drejtat e Njeriut e Kombeve t\u00eb Bashkuara (UNHRC) jo se habit, por \u00ebsht\u00eb zhg\u00ebnjyes dhe krejt\u00ebsisht i gabuesh\u00ebm dhe totalisht i d\u00ebmsh\u00ebm, k\u00ebshtu thuhet n\u00eb nj\u00eb kumtes\u00eb [&hellip;]<\/p>\n","protected":false},"author":1,"featured_media":1468,"comment_status":"open","ping_status":"open","sticky":false,"template":"","format":"standard","meta":{"_seopress_robots_primary_cat":"none","_seopress_titles_title":"%%post_title%% %%sep%% %%sitetitle%%","_seopress_titles_desc":"%%post_excerpt%%","_seopress_robots_index":"","footnotes":""},"categories":[2,3],"tags":[139],"class_list":["post-35274","post","type-post","status-publish","format-standard","has-post-thumbnail","hentry","category-aktualitet","category-politike","tag-forca"],"_links":{"self":[{"href":"https:\/\/ulqini-online.com\/sajti\/index.php?rest_route=\/wp\/v2\/posts\/35274","targetHints":{"allow":["GET"]}}],"collection":[{"href":"https:\/\/ulqini-online.com\/sajti\/index.php?rest_route=\/wp\/v2\/posts"}],"about":[{"href":"https:\/\/ulqini-online.com\/sajti\/index.php?rest_route=\/wp\/v2\/types\/post"}],"author":[{"embeddable":true,"href":"https:\/\/ulqini-online.com\/sajti\/index.php?rest_route=\/wp\/v2\/users\/1"}],"replies":[{"embeddable":true,"href":"https:\/\/ulqini-online.com\/sajti\/index.php?rest_route=%2Fwp%2Fv2%2Fcomments&post=35274"}],"version-history":[{"count":2,"href":"https:\/\/ulqini-online.com\/sajti\/index.php?rest_route=\/wp\/v2\/posts\/35274\/revisions"}],"predecessor-version":[{"id":35278,"href":"https:\/\/ulqini-online.com\/sajti\/index.php?rest_route=\/wp\/v2\/posts\/35274\/revisions\/35278"}],"wp:featuredmedia":[{"embeddable":true,"href":"https:\/\/ulqini-online.com\/sajti\/index.php?rest_route=\/wp\/v2\/media\/1468"}],"wp:attachment":[{"href":"https:\/\/ulqini-online.com\/sajti\/index.php?rest_route=%2Fwp%2Fv2%2Fmedia&parent=35274"}],"wp:term":[{"taxonomy":"category","embeddable":true,"href":"https:\/\/ulqini-online.com\/sajti\/index.php?rest_route=%2Fwp%2Fv2%2Fcategories&post=35274"},{"taxonomy":"post_tag","embeddable":true,"href":"https:\/\/ulqini-online.com\/sajti\/index.php?rest_route=%2Fwp%2Fv2%2Ftags&post=35274"}],"curies":[{"name":"wp","href":"https:\/\/api.w.org\/{rel}","templated":true}]}}